{"id":15840,"date":"2023-09-04T18:26:18","date_gmt":"2023-09-04T17:26:18","guid":{"rendered":"http:\/\/altgsgrebenstein.de\/?p=15840"},"modified":"2024-09-08T11:00:59","modified_gmt":"2024-09-08T10:00:59","slug":"neue-fuenftklaessler-mit-upcycling-eulen-empfangen","status":"publish","type":"post","link":"https:\/\/altgsgrebenstein.de\/?p=15840","title":{"rendered":"Neue F\u00fcnftkl\u00e4ssler mit Upcycling-Eulen empfangen"},"content":{"rendered":"<p><strong>Grebenstein.<\/strong> Nachdem auf es dem Schulgel\u00e4nde der Heinrich-Grupe-Schule in den vergangenen Wochen sehr ruhig zugegangen war, erwachte der Schulhof am Montag, den 4. September, aus dem Sommerferienschlaf. Das neue Schuljahr begann. Die Klassen 6 \u2013 10 nahmen den Schulbetrieb ab 8:15 Uhr auf und um 9 Uhr fand das Highlight des Tages statt, die Einschulung der neuen F\u00fcnftkl\u00e4ssler.<\/p>\n<p><a href=\"http:\/\/altgsgrebenstein.de\/wp-content\/uploads\/2023\/09\/DSC_8655-scaled.jpg\"><img decoding=\"async\" class=\"aligncenter size-large wp-image-15842\" src=\"http:\/\/altgsgrebenstein.de\/wp-content\/uploads\/2023\/09\/DSC_8655-1024x678.jpg\" alt=\"\" width=\"604\" height=\"400\" srcset=\"https:\/\/altgsgrebenstein.de\/wp-content\/uploads\/2023\/09\/DSC_8655-1024x678.jpg 1024w, https:\/\/altgsgrebenstein.de\/wp-content\/uploads\/2023\/09\/DSC_8655-300x199.jpg 300w, https:\/\/altgsgrebenstein.de\/wp-content\/uploads\/2023\/09\/DSC_8655-768x509.jpg 768w, https:\/\/altgsgrebenstein.de\/wp-content\/uploads\/2023\/09\/DSC_8655-1536x1017.jpg 1536w, https:\/\/altgsgrebenstein.de\/wp-content\/uploads\/2023\/09\/DSC_8655-2048x1356.jpg 2048w\" sizes=\"(max-width: 604px) 100vw, 604px\" \/><\/a><\/p>\n<p>Er\u00f6ffnet wurde die Veranstaltung in der Kulturhalle mit einem lustigen Lama-Lied, welches die G6b unter Leitung von Wiebke H\u00fcner vortrug. Anschlie\u00dfend begr\u00fc\u00dfte Schulleiterin Martina Boye-Griesel die 116 neuen F\u00fcnftkl\u00e4ssler sowie deren Familien. Sie w\u00fcnschte allen einen guten Start an der HGS und betonte, wie wichtig eine funktionierende Kooperation zwischen Schule und den Familien der Sch\u00fclerinnen und Sch\u00fcler sei, um gute Lernfortschritte erzielen zu k\u00f6nnen.<\/p>\n<p><a href=\"http:\/\/altgsgrebenstein.de\/wp-content\/uploads\/2023\/09\/DSC_8662-scaled.jpg\"><img decoding=\"async\" class=\"aligncenter size-large wp-image-15843\" src=\"http:\/\/altgsgrebenstein.de\/wp-content\/uploads\/2023\/09\/DSC_8662-1024x678.jpg\" alt=\"\" width=\"604\" height=\"400\" srcset=\"https:\/\/altgsgrebenstein.de\/wp-content\/uploads\/2023\/09\/DSC_8662-1024x678.jpg 1024w, https:\/\/altgsgrebenstein.de\/wp-content\/uploads\/2023\/09\/DSC_8662-300x199.jpg 300w, https:\/\/altgsgrebenstein.de\/wp-content\/uploads\/2023\/09\/DSC_8662-768x509.jpg 768w, https:\/\/altgsgrebenstein.de\/wp-content\/uploads\/2023\/09\/DSC_8662-1536x1017.jpg 1536w, https:\/\/altgsgrebenstein.de\/wp-content\/uploads\/2023\/09\/DSC_8662-2048x1356.jpg 2048w\" sizes=\"(max-width: 604px) 100vw, 604px\" \/><\/a><\/p>\n<p>F\u00fcr die Sch\u00fclervertretung (SV) hie\u00df Lilly Mackewitz die neuen F\u00fcnftkl\u00e4ssler willkommen und nutzte die Gelegenheit, um kurz zu erl\u00e4utern, was die Aufgaben der SV sind.<\/p>\n<p>F\u00f6rderstufenleiter Jonathan Kunz und Gymnasialzweigleiter Dirk Weidmann moderierten den Hauptteil der Veranstaltung, in dem die Sch\u00fclerinnen und Sch\u00fcler zu ihren neuen Klassenlehrerinnen und -lehrern auf die B\u00fchne gebeten wurden. Auch die Sch\u00fclerpaten aus den Jahrg\u00e4ngen 9 und 10, die den neuen F\u00fcnftkl\u00e4sslern das Ankommen an der HGS erleichtern sollen, waren mit dabei.<\/p>\n<p><a href=\"http:\/\/altgsgrebenstein.de\/wp-content\/uploads\/2023\/09\/DSC_8667-scaled.jpg\"><img decoding=\"async\" class=\"aligncenter size-large wp-image-15844\" src=\"http:\/\/altgsgrebenstein.de\/wp-content\/uploads\/2023\/09\/DSC_8667-1024x678.jpg\" alt=\"\" width=\"604\" height=\"400\" srcset=\"https:\/\/altgsgrebenstein.de\/wp-content\/uploads\/2023\/09\/DSC_8667-1024x678.jpg 1024w, https:\/\/altgsgrebenstein.de\/wp-content\/uploads\/2023\/09\/DSC_8667-300x199.jpg 300w, https:\/\/altgsgrebenstein.de\/wp-content\/uploads\/2023\/09\/DSC_8667-768x509.jpg 768w, https:\/\/altgsgrebenstein.de\/wp-content\/uploads\/2023\/09\/DSC_8667-1536x1017.jpg 1536w, https:\/\/altgsgrebenstein.de\/wp-content\/uploads\/2023\/09\/DSC_8667-2048x1356.jpg 2048w\" sizes=\"(max-width: 604px) 100vw, 604px\" \/><\/a><\/p>\n<p>In diesem Schuljahr starten f\u00fcnf Klassen im Jahrgang 5. Die drei F\u00f6rderstufen-Klassen werden in Co-Klassenteams von Susann Adam und Stefan Englich (F5a), Amy Jakings-Engel und Julia Wiedmann (F5b) sowie Christiane Melzer und Daniela Timpert (F5c) geleitet. Die zwei Gymnasial-Klassen \u00fcbernehmen Robin G\u00f6ring (G5a) und Rita Hirdes-Bettenh\u00e4user (G5b).<\/p>\n<p><a href=\"http:\/\/altgsgrebenstein.de\/wp-content\/uploads\/2023\/09\/DSC_8651-scaled.jpg\"><img decoding=\"async\" class=\"aligncenter size-large wp-image-15841\" src=\"http:\/\/altgsgrebenstein.de\/wp-content\/uploads\/2023\/09\/DSC_8651-1024x678.jpg\" alt=\"\" width=\"604\" height=\"400\" srcset=\"https:\/\/altgsgrebenstein.de\/wp-content\/uploads\/2023\/09\/DSC_8651-1024x678.jpg 1024w, https:\/\/altgsgrebenstein.de\/wp-content\/uploads\/2023\/09\/DSC_8651-300x199.jpg 300w, https:\/\/altgsgrebenstein.de\/wp-content\/uploads\/2023\/09\/DSC_8651-768x509.jpg 768w, https:\/\/altgsgrebenstein.de\/wp-content\/uploads\/2023\/09\/DSC_8651-1536x1017.jpg 1536w, https:\/\/altgsgrebenstein.de\/wp-content\/uploads\/2023\/09\/DSC_8651-2048x1356.jpg 2048w\" sizes=\"(max-width: 604px) 100vw, 604px\" \/><\/a><\/p>\n<p>Jede Klasse bekam, sobald alle Sch\u00fclerinnen und Sch\u00fcler auf der B\u00fchne standen, von den\u00a0Sechstkl\u00e4sslern kleine Upcycling-Eulen \u00fcberreicht, welche diese im Rahmen einer Projektwoche zum Thema \u201aM\u00fcll\u2019 gebastelt hatten. Eulen, erl\u00e4uterte Weidmann, stehen schon seit der Antike f\u00fcr Wissen und Weisheit und Kunz f\u00fcgte hinzu, dass sie doch somit ein passendes Begr\u00fc\u00dfungsgeschenk f\u00fcr den Schulstart an der Heinrich-Grupe-Schule darstellen. In den Eulen hatten die Sechstkl\u00e4ssler zus\u00e4tzlich einen Upcycling-Gl\u00fccksk\u00e4fer und ein Willkommensbriefchen f\u00fcr die neuen F\u00fcnftkl\u00e4ssler versteckt.<\/p>\n<p><a href=\"http:\/\/altgsgrebenstein.de\/wp-content\/uploads\/2023\/09\/DSC_8692-scaled.jpg\"><img decoding=\"async\" class=\"aligncenter size-large wp-image-15845\" src=\"http:\/\/altgsgrebenstein.de\/wp-content\/uploads\/2023\/09\/DSC_8692-1024x678.jpg\" alt=\"\" width=\"604\" height=\"400\" srcset=\"https:\/\/altgsgrebenstein.de\/wp-content\/uploads\/2023\/09\/DSC_8692-1024x678.jpg 1024w, https:\/\/altgsgrebenstein.de\/wp-content\/uploads\/2023\/09\/DSC_8692-300x199.jpg 300w, https:\/\/altgsgrebenstein.de\/wp-content\/uploads\/2023\/09\/DSC_8692-768x509.jpg 768w, https:\/\/altgsgrebenstein.de\/wp-content\/uploads\/2023\/09\/DSC_8692-1536x1017.jpg 1536w, https:\/\/altgsgrebenstein.de\/wp-content\/uploads\/2023\/09\/DSC_8692-2048x1356.jpg 2048w\" sizes=\"(max-width: 604px) 100vw, 604px\" \/><\/a><\/p>\n<p>Mit dem Lied \u201aIch bin der Ohrwurm\u2018 (erneut vorgetragen von der G6b) endete die diesj\u00e4hrige Einschulungsfeier an der Heinrich-Grupe-Schule. Die Sch\u00fclerinnen und Sch\u00fcler verlie\u00dfen mit ihren Klassenlehrerinnen und Klassenlehrern die Kulturhalle, um die neuen Klassenr\u00e4ume zu inspizieren und \u2018so richtig\u2018 in den ersten HGS-Schultag zu starten.<\/p>\n<p>S. Drinnenberg<\/p>\n","protected":false},"excerpt":{"rendered":"<p>Grebenstein. Nachdem auf es dem Schulgel\u00e4nde der Heinrich-Grupe-Schule in den vergangenen Wochen sehr ruhig zugegangen war, erwachte der Schulhof am Montag, den 4. September, aus dem Sommerferienschlaf. Das neue Schuljahr begann. Die Klassen 6 \u2013 10 nahmen den Schulbetrieb ab 8:15 Uhr auf und um 9 Uhr fand das Highlight des Tages statt, die Einschulung &hellip; <a href=\"https:\/\/altgsgrebenstein.de\/?p=15840\" class=\"more-link\"><span class=\"screen-reader-text\">Neue F\u00fcnftkl\u00e4ssler mit Upcycling-Eulen empfangen<\/span> weiterlesen <span class=\"meta-nav\">&rarr;<\/span><\/a><\/p>\n","protected":false},"author":28,"featured_media":0,"comment_status":"closed","ping_status":"closed","sticky":false,"template":"","format":"standard","meta":{"saved_in_kubio":false,"footnotes":""},"categories":[33,1],"tags":[],"class_list":["post-15840","post","type-post","status-publish","format-standard","hentry","category-archiv","category-uncategorized"],"_links":{"self":[{"href":"https:\/\/altgsgrebenstein.de\/index.php?rest_route=\/wp\/v2\/posts\/15840","targetHints":{"allow":["GET"]}}],"collection":[{"href":"https:\/\/altgsgrebenstein.de\/index.php?rest_route=\/wp\/v2\/posts"}],"about":[{"href":"https:\/\/altgsgrebenstein.de\/index.php?rest_route=\/wp\/v2\/types\/post"}],"author":[{"embeddable":true,"href":"https:\/\/altgsgrebenstein.de\/index.php?rest_route=\/wp\/v2\/users\/28"}],"replies":[{"embeddable":true,"href":"https:\/\/altgsgrebenstein.de\/index.php?rest_route=%2Fwp%2Fv2%2Fcomments&post=15840"}],"version-history":[{"count":2,"href":"https:\/\/altgsgrebenstein.de\/index.php?rest_route=\/wp\/v2\/posts\/15840\/revisions"}],"predecessor-version":[{"id":15847,"href":"https:\/\/altgsgrebenstein.de\/index.php?rest_route=\/wp\/v2\/posts\/15840\/revisions\/15847"}],"wp:attachment":[{"href":"https:\/\/altgsgrebenstein.de\/index.php?rest_route=%2Fwp%2Fv2%2Fmedia&parent=15840"}],"wp:term":[{"taxonomy":"category","embeddable":true,"href":"https:\/\/altgsgrebenstein.de\/index.php?rest_route=%2Fwp%2Fv2%2Fcategories&post=15840"},{"taxonomy":"post_tag","embeddable":true,"href":"https:\/\/altgsgrebenstein.de\/index.php?rest_route=%2Fwp%2Fv2%2Ftags&post=15840"}],"curies":[{"name":"wp","href":"https:\/\/api.w.org\/{rel}","templated":true}]}}