{"id":15827,"date":"2023-07-23T18:48:45","date_gmt":"2023-07-23T17:48:45","guid":{"rendered":"http:\/\/altgsgrebenstein.de\/?p=15827"},"modified":"2023-12-03T20:09:57","modified_gmt":"2023-12-03T19:09:57","slug":"abschlussfahrt-der-g10a-nach-berchtesgaden","status":"publish","type":"post","link":"https:\/\/altgsgrebenstein.de\/?p=15827","title":{"rendered":"Abschlussfahrt der G10a nach Berchtesgaden"},"content":{"rendered":"<p>Vom 27. Juni bis zum 4. Juli 2023 dauerte die Abschlussfahrt der G10a nach Berchtesgaden, die allen als eine sch\u00f6ne Zeit in Erinnerung bleiben wird. Gemeinsam mit der Klassenlehrerin Frau Hirdes-Bettenh\u00e4user und Herrn Haag erlebten die Sch\u00fclerinnen und Sch\u00fcler eine sportliche Woche, doch auch Freizeit und Entspannung kamen nicht zu kurz.<\/p>\n<p><img decoding=\"async\" class=\"aligncenter size-full wp-image-15828\" src=\"http:\/\/altgsgrebenstein.de\/wp-content\/uploads\/2023\/07\/Bild1.jpg\" alt=\"\" width=\"586\" height=\"381\" srcset=\"https:\/\/altgsgrebenstein.de\/wp-content\/uploads\/2023\/07\/Bild1.jpg 586w, https:\/\/altgsgrebenstein.de\/wp-content\/uploads\/2023\/07\/Bild1-300x195.jpg 300w\" sizes=\"(max-width: 586px) 100vw, 586px\" \/><\/p>\n<p>Die Klasse machte eine Vielzahl an Unternehmungen, wie zum Beispiel eine Schifffahrt auf dem K\u00f6nigssee mit anschlie\u00dfendem Bad im idyllischen Obersee, ein Besuch der \u00f6sterreichischen Stadt Salzburg, oder eine Fahrt auf den Jenner. Ein ganz besonderes Highlight war allerdings die Sonnenaufgangs-Wanderung auf den Gr\u00fcnstein. Um 2:50 Uhr machten sich 17 der 21 Sch\u00fcler*innen mit ihren beiden Lehrkr\u00e4ften auf den Weg und bew\u00e4ltigten im Dunkeln 700 H\u00f6henmeter, um zum Sonnenaufgang um 5:13 Uhr auf dem Gipfel zu sein. Ein wundersch\u00f6nes und unvergessliches Erlebnis.<\/p>\n<p><img decoding=\"async\" class=\"aligncenter wp-image-15829 size-full\" src=\"http:\/\/altgsgrebenstein.de\/wp-content\/uploads\/2023\/07\/Bild2.jpg\" alt=\"\" width=\"564\" height=\"422\" srcset=\"https:\/\/altgsgrebenstein.de\/wp-content\/uploads\/2023\/07\/Bild2.jpg 564w, https:\/\/altgsgrebenstein.de\/wp-content\/uploads\/2023\/07\/Bild2-300x224.jpg 300w\" sizes=\"(max-width: 564px) 100vw, 564px\" \/><\/p>\n<p><img decoding=\"async\" class=\"aligncenter size-full wp-image-15830\" src=\"http:\/\/altgsgrebenstein.de\/wp-content\/uploads\/2023\/07\/Bild3.jpg\" alt=\"\" width=\"766\" height=\"1023\" srcset=\"https:\/\/altgsgrebenstein.de\/wp-content\/uploads\/2023\/07\/Bild3.jpg 766w, https:\/\/altgsgrebenstein.de\/wp-content\/uploads\/2023\/07\/Bild3-225x300.jpg 225w\" sizes=\"(max-width: 766px) 100vw, 766px\" \/><\/p>\n<p>Zur Entspannung wurden den Sch\u00fclerinnen und Sch\u00fclern ein Yoga-Kurs mit Frau Hirdes-Bettenh\u00e4user und ein Besuch in der Watzmann-Therme angeboten. Auch der gemeinsame Besuch eines Biergartens war eine tolle gemeinsame Aktion und wird in guter Erinnerung bleiben.<\/p>\n","protected":false},"excerpt":{"rendered":"<p>Vom 27. Juni bis zum 4. Juli 2023 dauerte die Abschlussfahrt der G10a nach Berchtesgaden, die allen als eine sch\u00f6ne Zeit in Erinnerung bleiben wird. Gemeinsam mit der Klassenlehrerin Frau Hirdes-Bettenh\u00e4user und Herrn Haag erlebten die Sch\u00fclerinnen und Sch\u00fcler eine sportliche Woche, doch auch Freizeit und Entspannung kamen nicht zu kurz. Die Klasse machte eine &hellip; <a href=\"https:\/\/altgsgrebenstein.de\/?p=15827\" class=\"more-link\"><span class=\"screen-reader-text\">Abschlussfahrt der G10a nach Berchtesgaden<\/span> weiterlesen <span class=\"meta-nav\">&rarr;<\/span><\/a><\/p>\n","protected":false},"author":28,"featured_media":0,"comment_status":"closed","ping_status":"closed","sticky":false,"template":"","format":"standard","meta":{"saved_in_kubio":false,"footnotes":""},"categories":[33,1],"tags":[],"class_list":["post-15827","post","type-post","status-publish","format-standard","hentry","category-archiv","category-uncategorized"],"_links":{"self":[{"href":"https:\/\/altgsgrebenstein.de\/index.php?rest_route=\/wp\/v2\/posts\/15827","targetHints":{"allow":["GET"]}}],"collection":[{"href":"https:\/\/altgsgrebenstein.de\/index.php?rest_route=\/wp\/v2\/posts"}],"about":[{"href":"https:\/\/altgsgrebenstein.de\/index.php?rest_route=\/wp\/v2\/types\/post"}],"author":[{"embeddable":true,"href":"https:\/\/altgsgrebenstein.de\/index.php?rest_route=\/wp\/v2\/users\/28"}],"replies":[{"embeddable":true,"href":"https:\/\/altgsgrebenstein.de\/index.php?rest_route=%2Fwp%2Fv2%2Fcomments&post=15827"}],"version-history":[{"count":2,"href":"https:\/\/altgsgrebenstein.de\/index.php?rest_route=\/wp\/v2\/posts\/15827\/revisions"}],"predecessor-version":[{"id":15832,"href":"https:\/\/altgsgrebenstein.de\/index.php?rest_route=\/wp\/v2\/posts\/15827\/revisions\/15832"}],"wp:attachment":[{"href":"https:\/\/altgsgrebenstein.de\/index.php?rest_route=%2Fwp%2Fv2%2Fmedia&parent=15827"}],"wp:term":[{"taxonomy":"category","embeddable":true,"href":"https:\/\/altgsgrebenstein.de\/index.php?rest_route=%2Fwp%2Fv2%2Fcategories&post=15827"},{"taxonomy":"post_tag","embeddable":true,"href":"https:\/\/altgsgrebenstein.de\/index.php?rest_route=%2Fwp%2Fv2%2Ftags&post=15827"}],"curies":[{"name":"wp","href":"https:\/\/api.w.org\/{rel}","templated":true}]}}