{"id":15815,"date":"2023-07-23T07:28:10","date_gmt":"2023-07-23T06:28:10","guid":{"rendered":"http:\/\/altgsgrebenstein.de\/?p=15815"},"modified":"2023-12-03T20:09:57","modified_gmt":"2023-12-03T19:09:57","slug":"siegerehrung-bundesjugendspiele","status":"publish","type":"post","link":"https:\/\/altgsgrebenstein.de\/?p=15815","title":{"rendered":"Siegerehrung Bundesjugendspiele"},"content":{"rendered":"<p>Da die dreiw\u00f6chigen Osterferien die Vorbereitung auf die am 17. Mai 2023 stattgefundenen Bundesjugendspiele verk\u00fcrzten, fanden die entsprechenden Ausdauerl\u00e4ufe sowie nachzuholenden Leistungen der nicht teilnehmenden Sch\u00fcler*innen im Nachhinein statt. Somit fand auch die Siegerehrung etwas versp\u00e4tet am 07. Juli 2023, allerdings bei bestem Wetter, auf dem Mensavorplatz statt.<\/p>\n<p>Im Rahmen der Siegerehrung wurden sowohl die Klassensieger der Klassenwettk\u00e4mpfe als auch die individuell st\u00e4rksten Athlet*innen geehrt.<\/p>\n<p><img decoding=\"async\" class=\"aligncenter wp-image-15817 size-large\" src=\"http:\/\/altgsgrebenstein.de\/wp-content\/uploads\/2023\/07\/20230707_112436-1024x576.jpg\" alt=\"\" width=\"604\" height=\"340\" srcset=\"https:\/\/altgsgrebenstein.de\/wp-content\/uploads\/2023\/07\/20230707_112436-1024x576.jpg 1024w, https:\/\/altgsgrebenstein.de\/wp-content\/uploads\/2023\/07\/20230707_112436-300x169.jpg 300w, https:\/\/altgsgrebenstein.de\/wp-content\/uploads\/2023\/07\/20230707_112436-768x432.jpg 768w, https:\/\/altgsgrebenstein.de\/wp-content\/uploads\/2023\/07\/20230707_112436-1536x864.jpg 1536w, https:\/\/altgsgrebenstein.de\/wp-content\/uploads\/2023\/07\/20230707_112436-2048x1152.jpg 2048w\" sizes=\"(max-width: 604px) 100vw, 604px\" \/><\/p>\n<p><!--more--><\/p>\n<p>Bei den Sch\u00fclerinnen setzte sich wiederholt Charlotte Lefebvre durch, die ihre au\u00dfergew\u00f6hnlichen F\u00e4higkeiten erneut unter Beweis stellte und unter anderem durch die \u00dcberquerung von 1,48 Meter beim Hochsprung ihre Platzierung untermauerte. Charlotte \u00fcberzeugt nicht nur seit Jahren durch ihre sportlichen F\u00e4higkeiten, sondern insbesondere durch ihr faires und unterst\u00fctzendes Verhalten!<\/p>\n<p><img decoding=\"async\" class=\"size-medium wp-image-15822 aligncenter\" src=\"http:\/\/altgsgrebenstein.de\/wp-content\/uploads\/2023\/07\/IMG_3615-225x300.jpeg\" alt=\"\" width=\"225\" height=\"300\" srcset=\"https:\/\/altgsgrebenstein.de\/wp-content\/uploads\/2023\/07\/IMG_3615-225x300.jpeg 225w, https:\/\/altgsgrebenstein.de\/wp-content\/uploads\/2023\/07\/IMG_3615-768x1024.jpeg 768w, https:\/\/altgsgrebenstein.de\/wp-content\/uploads\/2023\/07\/IMG_3615-1152x1536.jpeg 1152w, https:\/\/altgsgrebenstein.de\/wp-content\/uploads\/2023\/07\/IMG_3615-1536x2048.jpeg 1536w, https:\/\/altgsgrebenstein.de\/wp-content\/uploads\/2023\/07\/IMG_3615-scaled.jpeg 1920w\" sizes=\"(max-width: 225px) 100vw, 225px\" \/><\/p>\n<p>Den zweiten Platz erreichte Nientje Rosenthal, die als Handballerin vor allem durch das Werfen des Schlagballes auf 50 Meter beeindruckte. Irina Uliyanova rundete das Treppchen ab und zeigte, welche leichtathletischen Leistungen an der HGS zu bewundern waren.<\/p>\n<p>Die Siegerliste der Sch\u00fcler wird angef\u00fchrt von Schulsieger Luis Kepper, der nicht nur die 100 Meter in 12,0 Sekunden zur\u00fccklegte, sondern auch den Schlagball auf 67,00 Meter warf. Nicht nur wegen dieser Werte f\u00fchrte ihn sein Weg bereits in die A-Jugend der MT Melsungen, obwohl er noch f\u00fcr die B-Jugend spielberechtigt ist.<\/p>\n<p><img decoding=\"async\" class=\"size-medium wp-image-15823 aligncenter\" src=\"http:\/\/altgsgrebenstein.de\/wp-content\/uploads\/2023\/07\/IMG_3616-225x300.jpeg\" alt=\"\" width=\"225\" height=\"300\" srcset=\"https:\/\/altgsgrebenstein.de\/wp-content\/uploads\/2023\/07\/IMG_3616-225x300.jpeg 225w, https:\/\/altgsgrebenstein.de\/wp-content\/uploads\/2023\/07\/IMG_3616-768x1024.jpeg 768w, https:\/\/altgsgrebenstein.de\/wp-content\/uploads\/2023\/07\/IMG_3616-1152x1536.jpeg 1152w, https:\/\/altgsgrebenstein.de\/wp-content\/uploads\/2023\/07\/IMG_3616-1536x2048.jpeg 1536w, https:\/\/altgsgrebenstein.de\/wp-content\/uploads\/2023\/07\/IMG_3616-scaled.jpeg 1920w\" sizes=\"(max-width: 225px) 100vw, 225px\" \/><\/p>\n<p>Den zweiten Platz belegte Kalle Eisenhuth, der ebenfalls bereits in den Vorjahren konstante Leistungen in allen Disziplinen aufwies und diese in diesem Schuljahr best\u00e4tigte.<\/p>\n<p>Den dritten Platz belegten Egemen Yener und Jan-Philip Gro\u00df. Ob wohl erst im Jahrgang 7 (Egemen) und sogar im Jahrgang 6 (Jan-Philip) rechtfertigten die beiden Sch\u00fcler ihre Platzierung durch au\u00dfergew\u00f6hnliche 3:30 Minuten \u00fcber die 1000 Meter!<\/p>\n<p><img decoding=\"async\" class=\"size-medium wp-image-15816 aligncenter\" src=\"http:\/\/altgsgrebenstein.de\/wp-content\/uploads\/2023\/07\/20230707_110842-300x169.jpg\" alt=\"\" width=\"300\" height=\"169\" srcset=\"https:\/\/altgsgrebenstein.de\/wp-content\/uploads\/2023\/07\/20230707_110842-300x169.jpg 300w, https:\/\/altgsgrebenstein.de\/wp-content\/uploads\/2023\/07\/20230707_110842-1024x578.jpg 1024w, https:\/\/altgsgrebenstein.de\/wp-content\/uploads\/2023\/07\/20230707_110842-768x433.jpg 768w, https:\/\/altgsgrebenstein.de\/wp-content\/uploads\/2023\/07\/20230707_110842-1536x866.jpg 1536w, https:\/\/altgsgrebenstein.de\/wp-content\/uploads\/2023\/07\/20230707_110842-2048x1155.jpg 2048w\" sizes=\"(max-width: 300px) 100vw, 300px\" \/><\/p>\n<p>Hervorzuheben ist eine weitere au\u00dfergew\u00f6hnliche Leistung des Sch\u00fclers Mika Glaser, dessen Werte aufgrund seiner k\u00f6rperlichen Beeintr\u00e4chtigung umgerechnet werden. Unter anderem erzielte er nach Umrechnung seines Wertes beim Wurf eine Weite von 98,00 Metern. Mika nimmt bereits am Training auf Landesebene teil und verfolgt weiterhin beeindruckende Ziele!<\/p>\n<p><img decoding=\"async\" class=\"size-medium wp-image-15821 aligncenter\" src=\"http:\/\/altgsgrebenstein.de\/wp-content\/uploads\/2023\/07\/IMG_3612-225x300.jpeg\" alt=\"\" width=\"225\" height=\"300\" srcset=\"https:\/\/altgsgrebenstein.de\/wp-content\/uploads\/2023\/07\/IMG_3612-225x300.jpeg 225w, https:\/\/altgsgrebenstein.de\/wp-content\/uploads\/2023\/07\/IMG_3612-768x1024.jpeg 768w, https:\/\/altgsgrebenstein.de\/wp-content\/uploads\/2023\/07\/IMG_3612-1152x1536.jpeg 1152w, https:\/\/altgsgrebenstein.de\/wp-content\/uploads\/2023\/07\/IMG_3612-1536x2048.jpeg 1536w, https:\/\/altgsgrebenstein.de\/wp-content\/uploads\/2023\/07\/IMG_3612-scaled.jpeg 1920w\" sizes=\"(max-width: 225px) 100vw, 225px\" \/><\/p>\n<p>Die Sportfachschaft bedankt sich bei der Unterst\u00fctzung aller Beteiligten an der Durchf\u00fchrung der Bundesjugendspiele und begl\u00fcckw\u00fcnscht alle Teilnehmer*innen! Die Bundesjugendspiele zeigten auch in diesem Jahr ein tolles Miteinander, welches der Sport immer wieder herstellt und welches den Sport an der HGS pr\u00e4gt!<\/p>\n","protected":false},"excerpt":{"rendered":"<p>Da die dreiw\u00f6chigen Osterferien die Vorbereitung auf die am 17. Mai 2023 stattgefundenen Bundesjugendspiele verk\u00fcrzten, fanden die entsprechenden Ausdauerl\u00e4ufe sowie nachzuholenden Leistungen der nicht teilnehmenden Sch\u00fcler*innen im Nachhinein statt. Somit fand auch die Siegerehrung etwas versp\u00e4tet am 07. Juli 2023, allerdings bei bestem Wetter, auf dem Mensavorplatz statt. Im Rahmen der Siegerehrung wurden sowohl die &hellip; <a href=\"https:\/\/altgsgrebenstein.de\/?p=15815\" class=\"more-link\"><span class=\"screen-reader-text\">Siegerehrung Bundesjugendspiele<\/span> weiterlesen <span class=\"meta-nav\">&rarr;<\/span><\/a><\/p>\n","protected":false},"author":20,"featured_media":0,"comment_status":"closed","ping_status":"closed","sticky":false,"template":"","format":"standard","meta":{"saved_in_kubio":false,"footnotes":""},"categories":[33,1],"tags":[],"class_list":["post-15815","post","type-post","status-publish","format-standard","hentry","category-archiv","category-uncategorized"],"_links":{"self":[{"href":"https:\/\/altgsgrebenstein.de\/index.php?rest_route=\/wp\/v2\/posts\/15815","targetHints":{"allow":["GET"]}}],"collection":[{"href":"https:\/\/altgsgrebenstein.de\/index.php?rest_route=\/wp\/v2\/posts"}],"about":[{"href":"https:\/\/altgsgrebenstein.de\/index.php?rest_route=\/wp\/v2\/types\/post"}],"author":[{"embeddable":true,"href":"https:\/\/altgsgrebenstein.de\/index.php?rest_route=\/wp\/v2\/users\/20"}],"replies":[{"embeddable":true,"href":"https:\/\/altgsgrebenstein.de\/index.php?rest_route=%2Fwp%2Fv2%2Fcomments&post=15815"}],"version-history":[{"count":2,"href":"https:\/\/altgsgrebenstein.de\/index.php?rest_route=\/wp\/v2\/posts\/15815\/revisions"}],"predecessor-version":[{"id":15825,"href":"https:\/\/altgsgrebenstein.de\/index.php?rest_route=\/wp\/v2\/posts\/15815\/revisions\/15825"}],"wp:attachment":[{"href":"https:\/\/altgsgrebenstein.de\/index.php?rest_route=%2Fwp%2Fv2%2Fmedia&parent=15815"}],"wp:term":[{"taxonomy":"category","embeddable":true,"href":"https:\/\/altgsgrebenstein.de\/index.php?rest_route=%2Fwp%2Fv2%2Fcategories&post=15815"},{"taxonomy":"post_tag","embeddable":true,"href":"https:\/\/altgsgrebenstein.de\/index.php?rest_route=%2Fwp%2Fv2%2Ftags&post=15815"}],"curies":[{"name":"wp","href":"https:\/\/api.w.org\/{rel}","templated":true}]}}