{"id":15798,"date":"2023-07-16T17:40:48","date_gmt":"2023-07-16T16:40:48","guid":{"rendered":"http:\/\/altgsgrebenstein.de\/?p=15798"},"modified":"2023-12-03T20:09:58","modified_gmt":"2023-12-03T19:09:58","slug":"bienvenue-a-paris","status":"publish","type":"post","link":"https:\/\/altgsgrebenstein.de\/?p=15798","title":{"rendered":"Bienvenue \u00e0 Paris"},"content":{"rendered":"<p>Seit Februar stand erfreulicherweise fest, dass eine Kursfahrt mit den Franz\u00f6sischsch\u00fcler*innen der Jahrgangsstufe 9 nach Paris stattfinden wird.<br \/>\nAm 26.06.2023 ging es dann um 7.30 Uhr mit einer 12-st\u00fcndigen Busfahrt endlich los.<\/p>\n<p>In Paris angekommen, sind wir in das MEININGER Hotel eingecheckt und erkundeten am Abend das Stadtviertel Port de Vincennes.<\/p>\n<p>Am 2. Tag wurden wir morgens mit dem Bus in die Innenstadt gefahren und nahmen an einer Stadtf\u00fchrung teil. Diese f\u00fchrte uns zu Fu\u00df an vielen ber\u00fchmten Sehensw\u00fcrdigkeiten vorbei, wie zum Beispiel Notre-Dame, H\u00f4tel de Ville, Palais de Justice, Wallace Brunnen und viele mehr. Am Ende gab es auch noch ein paar Insiderinformationen \u00fcber Paris. Die Stadtf\u00fchrung war gl\u00fccklicherweise auf Deutsch. Danach hatten wir Freizeit und trafen uns am Abend wieder, um eine Bootsfahrt auf der Seine zu machen. Ein besonderes Highlight war hier, den Eiffelturm zu sehen und den\u00a0 vielen Menschen am Flussufer zuzuwinken.<br \/>\n<img decoding=\"async\" class=\"alignnone size-medium wp-image-15805\" src=\"http:\/\/altgsgrebenstein.de\/wp-content\/uploads\/2023\/07\/20230630_173747-300x225.jpg\" alt=\"\" width=\"300\" height=\"225\" srcset=\"https:\/\/altgsgrebenstein.de\/wp-content\/uploads\/2023\/07\/20230630_173747-300x225.jpg 300w, https:\/\/altgsgrebenstein.de\/wp-content\/uploads\/2023\/07\/20230630_173747-1024x768.jpg 1024w, https:\/\/altgsgrebenstein.de\/wp-content\/uploads\/2023\/07\/20230630_173747-768x576.jpg 768w, https:\/\/altgsgrebenstein.de\/wp-content\/uploads\/2023\/07\/20230630_173747-1536x1152.jpg 1536w, https:\/\/altgsgrebenstein.de\/wp-content\/uploads\/2023\/07\/20230630_173747-2048x1536.jpg 2048w\" sizes=\"(max-width: 300px) 100vw, 300px\" \/> <img decoding=\"async\" class=\"alignnone size-medium wp-image-15806\" src=\"http:\/\/altgsgrebenstein.de\/wp-content\/uploads\/2023\/07\/20230630_142122-300x225.jpg\" alt=\"\" width=\"300\" height=\"225\" srcset=\"https:\/\/altgsgrebenstein.de\/wp-content\/uploads\/2023\/07\/20230630_142122-300x225.jpg 300w, https:\/\/altgsgrebenstein.de\/wp-content\/uploads\/2023\/07\/20230630_142122-1024x768.jpg 1024w, https:\/\/altgsgrebenstein.de\/wp-content\/uploads\/2023\/07\/20230630_142122-768x576.jpg 768w, https:\/\/altgsgrebenstein.de\/wp-content\/uploads\/2023\/07\/20230630_142122-1536x1152.jpg 1536w, https:\/\/altgsgrebenstein.de\/wp-content\/uploads\/2023\/07\/20230630_142122-2048x1536.jpg 2048w\" sizes=\"(max-width: 300px) 100vw, 300px\" \/><\/p>\n<p><!--more-->Am Mittwoch wurden wir mit dem Bus nach Versailles gefahren, um uns das Schloss und die umliegenden Anlagen anzuschauen. Dort nahmen wir an einer F\u00fchrung durch das Schloss teil, unter anderem bekamen wir auch einen Einblick in den ber\u00fchmten Spiegelsaal.<br \/>\n<img decoding=\"async\" class=\"alignnone size-medium wp-image-15801\" src=\"http:\/\/altgsgrebenstein.de\/wp-content\/uploads\/2023\/07\/20230628_111343-300x225.jpg\" alt=\"\" width=\"300\" height=\"225\" srcset=\"https:\/\/altgsgrebenstein.de\/wp-content\/uploads\/2023\/07\/20230628_111343-300x225.jpg 300w, https:\/\/altgsgrebenstein.de\/wp-content\/uploads\/2023\/07\/20230628_111343-1024x768.jpg 1024w, https:\/\/altgsgrebenstein.de\/wp-content\/uploads\/2023\/07\/20230628_111343-768x576.jpg 768w, https:\/\/altgsgrebenstein.de\/wp-content\/uploads\/2023\/07\/20230628_111343-1536x1152.jpg 1536w, https:\/\/altgsgrebenstein.de\/wp-content\/uploads\/2023\/07\/20230628_111343-2048x1536.jpg 2048w\" sizes=\"(max-width: 300px) 100vw, 300px\" \/> <img decoding=\"async\" class=\"alignnone size-medium wp-image-15802\" src=\"http:\/\/altgsgrebenstein.de\/wp-content\/uploads\/2023\/07\/20230628_094849-300x225.jpg\" alt=\"\" width=\"300\" height=\"225\" srcset=\"https:\/\/altgsgrebenstein.de\/wp-content\/uploads\/2023\/07\/20230628_094849-300x225.jpg 300w, https:\/\/altgsgrebenstein.de\/wp-content\/uploads\/2023\/07\/20230628_094849-1024x768.jpg 1024w, https:\/\/altgsgrebenstein.de\/wp-content\/uploads\/2023\/07\/20230628_094849-768x576.jpg 768w, https:\/\/altgsgrebenstein.de\/wp-content\/uploads\/2023\/07\/20230628_094849-1536x1152.jpg 1536w, https:\/\/altgsgrebenstein.de\/wp-content\/uploads\/2023\/07\/20230628_094849-2048x1536.jpg 2048w\" sizes=\"(max-width: 300px) 100vw, 300px\" \/><br \/>\nAm Nachmittag teilte sich die Klasse auf, eine Gruppe besichtigte den Eiffelturm und die andere fuhr in das ber\u00fchmte K\u00fcnstlerviertel Montmatre, um dort die Sacr\u00e9-C\u0153ur zu besichtigen.<br \/>\n<img decoding=\"async\" class=\"alignnone size-medium wp-image-15803\" src=\"http:\/\/altgsgrebenstein.de\/wp-content\/uploads\/2023\/07\/20230628_190016-300x225.jpg\" alt=\"\" width=\"300\" height=\"225\" srcset=\"https:\/\/altgsgrebenstein.de\/wp-content\/uploads\/2023\/07\/20230628_190016-300x225.jpg 300w, https:\/\/altgsgrebenstein.de\/wp-content\/uploads\/2023\/07\/20230628_190016-1024x768.jpg 1024w, https:\/\/altgsgrebenstein.de\/wp-content\/uploads\/2023\/07\/20230628_190016-768x576.jpg 768w, https:\/\/altgsgrebenstein.de\/wp-content\/uploads\/2023\/07\/20230628_190016-1536x1152.jpg 1536w, https:\/\/altgsgrebenstein.de\/wp-content\/uploads\/2023\/07\/20230628_190016-2048x1536.jpg 2048w\" sizes=\"(max-width: 300px) 100vw, 300px\" \/> <img decoding=\"async\" class=\"alignnone size-medium wp-image-15804\" src=\"http:\/\/altgsgrebenstein.de\/wp-content\/uploads\/2023\/07\/20230627_202957-300x225.jpg\" alt=\"\" width=\"300\" height=\"225\" srcset=\"https:\/\/altgsgrebenstein.de\/wp-content\/uploads\/2023\/07\/20230627_202957-300x225.jpg 300w, https:\/\/altgsgrebenstein.de\/wp-content\/uploads\/2023\/07\/20230627_202957-1024x768.jpg 1024w, https:\/\/altgsgrebenstein.de\/wp-content\/uploads\/2023\/07\/20230627_202957-768x576.jpg 768w, https:\/\/altgsgrebenstein.de\/wp-content\/uploads\/2023\/07\/20230627_202957-1536x1152.jpg 1536w, https:\/\/altgsgrebenstein.de\/wp-content\/uploads\/2023\/07\/20230627_202957-2048x1536.jpg 2048w\" sizes=\"(max-width: 300px) 100vw, 300px\" \/><\/p>\n<p>Am 4. Tag besichtigten wir den Arc de Triumph, von dem aus man einen tollen Blick \u00fcber ganz Paris hat, denn er bildet das Zentrum aller 12 Hauptstra\u00dfen. Die wohl ber\u00fchmteste darunter ist die Champs-\u00c9lys\u00e9e, auf der wir anschlie\u00dfend auch franz\u00f6sische K\u00f6stlichkeiten probierten.<br \/>\nAm Abend stand die Besichtigung des Louvres auf dem Programm. Hier war als das gr\u00f6\u00dfte Highlight die Mona Lisa von Leonardo da Vinci zu besichtigen.<br \/>\nAn unserem letzten gemeinsamen Abend haben wir am Seine-Ufer gesessen und eine Kleinigkeit gegessen.<br \/>\n<img decoding=\"async\" class=\"alignnone size-medium wp-image-15799\" src=\"http:\/\/altgsgrebenstein.de\/wp-content\/uploads\/2023\/07\/20230627_143956-300x225.jpg\" alt=\"\" width=\"300\" height=\"225\" srcset=\"https:\/\/altgsgrebenstein.de\/wp-content\/uploads\/2023\/07\/20230627_143956-300x225.jpg 300w, https:\/\/altgsgrebenstein.de\/wp-content\/uploads\/2023\/07\/20230627_143956-1024x768.jpg 1024w, https:\/\/altgsgrebenstein.de\/wp-content\/uploads\/2023\/07\/20230627_143956-768x576.jpg 768w, https:\/\/altgsgrebenstein.de\/wp-content\/uploads\/2023\/07\/20230627_143956-1536x1152.jpg 1536w, https:\/\/altgsgrebenstein.de\/wp-content\/uploads\/2023\/07\/20230627_143956-2048x1536.jpg 2048w\" sizes=\"(max-width: 300px) 100vw, 300px\" \/> <img decoding=\"async\" class=\"alignnone size-medium wp-image-15800\" src=\"http:\/\/altgsgrebenstein.de\/wp-content\/uploads\/2023\/07\/20230629_170753-225x300.jpg\" alt=\"\" width=\"225\" height=\"300\" srcset=\"https:\/\/altgsgrebenstein.de\/wp-content\/uploads\/2023\/07\/20230629_170753-225x300.jpg 225w, https:\/\/altgsgrebenstein.de\/wp-content\/uploads\/2023\/07\/20230629_170753-768x1024.jpg 768w, https:\/\/altgsgrebenstein.de\/wp-content\/uploads\/2023\/07\/20230629_170753-1152x1536.jpg 1152w, https:\/\/altgsgrebenstein.de\/wp-content\/uploads\/2023\/07\/20230629_170753-1536x2048.jpg 1536w, https:\/\/altgsgrebenstein.de\/wp-content\/uploads\/2023\/07\/20230629_170753-scaled.jpg 1920w\" sizes=\"(max-width: 225px) 100vw, 225px\" \/><\/p>\n<p>Am letzten Tag sollte eigentlich die zweite Gruppe den Eiffelturm besteigen, doch leider bekam sie aufgrund eines Streiks nicht die M\u00f6glichkeit dazu, so dass nun andere Alternativen gesucht werden mussten.<br \/>\nNeben der Zeit zur freien Verf\u00fcgung empfahlen uns Herr Gamisch und Frau Fromm interessante Aktivit\u00e4ten in Paris, wie zum Beispiel das Museum Centre Pompidou oder die ber\u00fchmte Einkaufsgalerie Lafayette.<\/p>\n<p>Die Heimreise startete um 19:00 Uhr und wir waren um 5:00 Uhr morgens wieder an der Heinrich-Grupe-Schule.<\/p>\n<p>Besonders eindr\u00fccklich war Paris f\u00fcr uns, weil wir viel zu Fu\u00df besichtigt haben. Das lag wahrscheinlich an der Begleitung durch zwei Sportlehrer, die daf\u00fcr sorgten, dass wir t\u00e4glich circa 30.000 Schritte machten ;-). Wir konnten viele sch\u00f6ne Eindr\u00fccke sammeln und unsere Franz\u00f6sisch- Kenntnisse in der Praxis, zum Beispiel beim Essen bestellen, testen.<\/p>\n<p>Emma Riechert<\/p>\n","protected":false},"excerpt":{"rendered":"<p>Seit Februar stand erfreulicherweise fest, dass eine Kursfahrt mit den Franz\u00f6sischsch\u00fcler*innen der Jahrgangsstufe 9 nach Paris stattfinden wird. Am 26.06.2023 ging es dann um 7.30 Uhr mit einer 12-st\u00fcndigen Busfahrt endlich los. In Paris angekommen, sind wir in das MEININGER Hotel eingecheckt und erkundeten am Abend das Stadtviertel Port de Vincennes. Am 2. Tag wurden &hellip; <a href=\"https:\/\/altgsgrebenstein.de\/?p=15798\" class=\"more-link\"><span class=\"screen-reader-text\">Bienvenue \u00e0 Paris<\/span> weiterlesen <span class=\"meta-nav\">&rarr;<\/span><\/a><\/p>\n","protected":false},"author":10,"featured_media":0,"comment_status":"closed","ping_status":"closed","sticky":false,"template":"","format":"standard","meta":{"saved_in_kubio":false,"footnotes":""},"categories":[33,58,42],"tags":[],"class_list":["post-15798","post","type-post","status-publish","format-standard","hentry","category-archiv","category-franzoesisch","category-klassenfahrten"],"_links":{"self":[{"href":"https:\/\/altgsgrebenstein.de\/index.php?rest_route=\/wp\/v2\/posts\/15798","targetHints":{"allow":["GET"]}}],"collection":[{"href":"https:\/\/altgsgrebenstein.de\/index.php?rest_route=\/wp\/v2\/posts"}],"about":[{"href":"https:\/\/altgsgrebenstein.de\/index.php?rest_route=\/wp\/v2\/types\/post"}],"author":[{"embeddable":true,"href":"https:\/\/altgsgrebenstein.de\/index.php?rest_route=\/wp\/v2\/users\/10"}],"replies":[{"embeddable":true,"href":"https:\/\/altgsgrebenstein.de\/index.php?rest_route=%2Fwp%2Fv2%2Fcomments&post=15798"}],"version-history":[{"count":2,"href":"https:\/\/altgsgrebenstein.de\/index.php?rest_route=\/wp\/v2\/posts\/15798\/revisions"}],"predecessor-version":[{"id":15809,"href":"https:\/\/altgsgrebenstein.de\/index.php?rest_route=\/wp\/v2\/posts\/15798\/revisions\/15809"}],"wp:attachment":[{"href":"https:\/\/altgsgrebenstein.de\/index.php?rest_route=%2Fwp%2Fv2%2Fmedia&parent=15798"}],"wp:term":[{"taxonomy":"category","embeddable":true,"href":"https:\/\/altgsgrebenstein.de\/index.php?rest_route=%2Fwp%2Fv2%2Fcategories&post=15798"},{"taxonomy":"post_tag","embeddable":true,"href":"https:\/\/altgsgrebenstein.de\/index.php?rest_route=%2Fwp%2Fv2%2Ftags&post=15798"}],"curies":[{"name":"wp","href":"https:\/\/api.w.org\/{rel}","templated":true}]}}