{"id":15780,"date":"2023-07-16T18:21:54","date_gmt":"2023-07-16T17:21:54","guid":{"rendered":"http:\/\/altgsgrebenstein.de\/?p=15780"},"modified":"2023-12-03T20:09:57","modified_gmt":"2023-12-03T19:09:57","slug":"auf-zu-neuen-abenteuern-feierliche-verabschiedung-der-diesjaehrigen-hgs-abgangsklassen","status":"publish","type":"post","link":"https:\/\/altgsgrebenstein.de\/?p=15780","title":{"rendered":"Auf zu neuen Abenteuern &#8211; Feierliche Verabschiedung der diesj\u00e4hrigen HGS-Abgangsklassen"},"content":{"rendered":"<p><strong>Grebenstein.<\/strong> Am Abend des 13. Juli 2023 herrschte auf dem Schulgel\u00e4nde der Heinrich-Grupe-Schule und in der Kulturhalle eine feierliche Stimmung. Noch einen Tag zuvor, beim traditionellen Abg\u00e4ngertag, hatte der Schulhof ganz anders ausgesehen; mit Farb- und Rasierschaumflecken sowie Heuballen und Absperrb\u00e4ndern und teilweise von oben bis unten \u201avollgeschmierten\u2018 Sch\u00fclerinnen und Sch\u00fclern darauf. Doch das Chaos des Vortags war nun verschwunden. Nicht nur die Sch\u00fcler und Sch\u00fclerinnen kamen herausgeputzt zur offiziellen Verabschiedung, sondern auch der Schulhof erstrahlte im Vergleich zum Vortag geradezu in neuem Glanz. So konnte um 18 Uhr gut gelaunt die Verabschiedung der diesj\u00e4hrigen H9er, R10er und G10er beginnen.<\/p>\n<p><img decoding=\"async\" class=\"aligncenter size-large wp-image-15781\" src=\"http:\/\/altgsgrebenstein.de\/wp-content\/uploads\/2023\/07\/Gaeste-1024x678.jpg\" alt=\"\" width=\"604\" height=\"400\" srcset=\"https:\/\/altgsgrebenstein.de\/wp-content\/uploads\/2023\/07\/Gaeste-1024x678.jpg 1024w, https:\/\/altgsgrebenstein.de\/wp-content\/uploads\/2023\/07\/Gaeste-300x199.jpg 300w, https:\/\/altgsgrebenstein.de\/wp-content\/uploads\/2023\/07\/Gaeste-768x509.jpg 768w, https:\/\/altgsgrebenstein.de\/wp-content\/uploads\/2023\/07\/Gaeste-1536x1017.jpg 1536w, https:\/\/altgsgrebenstein.de\/wp-content\/uploads\/2023\/07\/Gaeste-2048x1356.jpg 2048w\" sizes=\"(max-width: 604px) 100vw, 604px\" \/><\/p>\n<p>Nachdem die Abgangsklassen zu Musik und klatschendem Publikum in die bis auf den letzten Platz gef\u00fcllte Kulturhalle gezogen waren, er\u00f6ffnete Schulleiterin Martina Boye-Griesel die Veranstaltung. Sie gratulierte den Abg\u00e4ngern nicht nur, sondern w\u00fcnschte ihnen auch alles Gute f\u00fcr den neuen Lebensabschnitt und riet ihnen, sich dabei zu trauen, Herausforderungen anzunehmen, um die eigenen Tr\u00e4ume zu verwirklichen.<\/p>\n<p><img decoding=\"async\" class=\"aligncenter size-large wp-image-15782\" src=\"http:\/\/altgsgrebenstein.de\/wp-content\/uploads\/2023\/07\/BG-1024x678.jpg\" alt=\"\" width=\"604\" height=\"400\" srcset=\"https:\/\/altgsgrebenstein.de\/wp-content\/uploads\/2023\/07\/BG-1024x678.jpg 1024w, https:\/\/altgsgrebenstein.de\/wp-content\/uploads\/2023\/07\/BG-300x199.jpg 300w, https:\/\/altgsgrebenstein.de\/wp-content\/uploads\/2023\/07\/BG-768x509.jpg 768w, https:\/\/altgsgrebenstein.de\/wp-content\/uploads\/2023\/07\/BG-1536x1017.jpg 1536w, https:\/\/altgsgrebenstein.de\/wp-content\/uploads\/2023\/07\/BG-2048x1356.jpg 2048w\" sizes=\"(max-width: 604px) 100vw, 604px\" \/><\/p>\n<p>Im Verlauf des Abends gratulierten in weiteren kurzen Reden auch der Schulelternbeirat, der F\u00f6rderverein und die SV den Abschlussklassen. Zur Kurzweiligkeit des Abends trug die Tanz-AG 5\/6 unter Leitung von Jorge Parra Gimen\u00e9z mit ihrem Tanz zu einer modernen Version von Vivaldis \u201aWinter\u2018 bei und am Keyboard beeindruckte Maya M\u00f6ller (G9b) mit dem St\u00fcck \u201aExperience\u2018 von Ludovico Einaudi. <!--more--><\/p>\n<p><img decoding=\"async\" class=\"aligncenter size-large wp-image-15793\" src=\"http:\/\/altgsgrebenstein.de\/wp-content\/uploads\/2023\/07\/Show-1024x678.jpg\" alt=\"\" width=\"604\" height=\"400\" srcset=\"https:\/\/altgsgrebenstein.de\/wp-content\/uploads\/2023\/07\/Show-1024x678.jpg 1024w, https:\/\/altgsgrebenstein.de\/wp-content\/uploads\/2023\/07\/Show-300x199.jpg 300w, https:\/\/altgsgrebenstein.de\/wp-content\/uploads\/2023\/07\/Show-768x509.jpg 768w, https:\/\/altgsgrebenstein.de\/wp-content\/uploads\/2023\/07\/Show-1536x1017.jpg 1536w, https:\/\/altgsgrebenstein.de\/wp-content\/uploads\/2023\/07\/Show-2048x1356.jpg 2048w\" sizes=\"(max-width: 604px) 100vw, 604px\" \/><\/p>\n<p>&nbsp;<\/p>\n<p><img decoding=\"async\" class=\"aligncenter size-large wp-image-15783\" src=\"http:\/\/altgsgrebenstein.de\/wp-content\/uploads\/2023\/07\/Piano-1024x678.jpg\" alt=\"\" width=\"604\" height=\"400\" srcset=\"https:\/\/altgsgrebenstein.de\/wp-content\/uploads\/2023\/07\/Piano-1024x678.jpg 1024w, https:\/\/altgsgrebenstein.de\/wp-content\/uploads\/2023\/07\/Piano-300x199.jpg 300w, https:\/\/altgsgrebenstein.de\/wp-content\/uploads\/2023\/07\/Piano-768x509.jpg 768w, https:\/\/altgsgrebenstein.de\/wp-content\/uploads\/2023\/07\/Piano-1536x1017.jpg 1536w, https:\/\/altgsgrebenstein.de\/wp-content\/uploads\/2023\/07\/Piano-2048x1356.jpg 2048w\" sizes=\"(max-width: 604px) 100vw, 604px\" \/><\/p>\n<p>Kernst\u00fcck der Feier waren allerdings die Klassenbeitr\u00e4ge der Abg\u00e4ngerinnen und Abg\u00e4nger. Alessio Ohlig und Tino Werner hielten f\u00fcr die H9 eine kurze Rede, in der sie sich bei ihren Hauptfachlehrkr\u00e4ften f\u00fcr deren Einsatz, Motivation und die nie schwindende Hoffnung auf mathematischen Lernzuwachs bedankten. Anschlie\u00dfend lie\u00df die Klasse die vergangenen drei Jahre per Foto-Show und Zitatesammlung Revue passieren.<\/p>\n<p>Die R10 a beeindruckte mit einem R\u00fcckblick in Gedichtform, welcher durch eine durchdacht arrangierte Choreographie und mithilfe von vielen selbstgestalteten visuellen Elementen nicht nur ein echtes H\u00f6rerlebnis darstellte, sondern auch sehr unterhaltsam anzusehen war.<\/p>\n<p>Interessante Einblicke in ihren Schulalltag mit Klassenlehrer Sascha Thiele gew\u00e4hrte die R 10 b in ihrem Beitrag. Hierbei wurde beispielsweise Thieles F\u00e4higkeit\u201a eine Fliege mit einem Haushaltsgummi zu erlegen, mit kleiner Animation visualisiert und kommentiert.<\/p>\n<p>Die Sch\u00fclerinnen und Sch\u00fcler der G10 a lie\u00dfen das Publikum an Erinnerungen zu ihrer HGS-Zeit per Video-Clips teilhaben. So zeigten sie unter anderem eine lustige Sequenz, die \u00fcberspitzt die Kuriosit\u00e4ten des coronabedingten Online-Unterrichts in Klasse 7 und 8 aufgriff.<\/p>\n<p>Beim Beitrag der Klasse G10 b wurden einige Lehrkr\u00e4fte zur Mithilfe auf die B\u00fchne gebeten. In Form eines Improvisationstheaterst\u00fccks, in Anlehnung an das Musical \u201aZauberer von Oz\u2019, begab sich eine Sch\u00fclerin zur Filmmusik auf die Suche nach der \u201aZauberin vom Osten\u2018 (gemeint war Klassenlehrerin Adam), welche sie auch schlie\u00dflich durch die tatkr\u00e4ftige Unterst\u00fctzung der Fachlehrerinnen und Fachlehrer fand.<\/p>\n<p><img decoding=\"async\" class=\"aligncenter size-large wp-image-15785\" src=\"http:\/\/altgsgrebenstein.de\/wp-content\/uploads\/2023\/07\/G10b-Show-1024x678.jpg\" alt=\"\" width=\"604\" height=\"400\" srcset=\"https:\/\/altgsgrebenstein.de\/wp-content\/uploads\/2023\/07\/G10b-Show-1024x678.jpg 1024w, https:\/\/altgsgrebenstein.de\/wp-content\/uploads\/2023\/07\/G10b-Show-300x199.jpg 300w, https:\/\/altgsgrebenstein.de\/wp-content\/uploads\/2023\/07\/G10b-Show-768x509.jpg 768w, https:\/\/altgsgrebenstein.de\/wp-content\/uploads\/2023\/07\/G10b-Show-1536x1017.jpg 1536w, https:\/\/altgsgrebenstein.de\/wp-content\/uploads\/2023\/07\/G10b-Show-2048x1356.jpg 2048w\" sizes=\"(max-width: 604px) 100vw, 604px\" \/><\/p>\n<p>Wie in jedem Jahr gab es im letzten Abschnitt des Abends noch einige Ehrungen. Nat\u00fcrlich standen auch hier an erster Stelle die Sch\u00fclerinnen und Sch\u00fcler. Marvin Stegmann (Notendurchschnitt: 2,2) und Alexander Goretzka (2,3) wurden f\u00fcr den besten und zweitbesten Hauptschulabschluss ausgezeichnet.<\/p>\n<p><img decoding=\"async\" class=\"aligncenter size-large wp-image-15786\" src=\"http:\/\/altgsgrebenstein.de\/wp-content\/uploads\/2023\/07\/Beste-H-1024x678.jpg\" alt=\"\" width=\"604\" height=\"400\" srcset=\"https:\/\/altgsgrebenstein.de\/wp-content\/uploads\/2023\/07\/Beste-H-1024x678.jpg 1024w, https:\/\/altgsgrebenstein.de\/wp-content\/uploads\/2023\/07\/Beste-H-300x199.jpg 300w, https:\/\/altgsgrebenstein.de\/wp-content\/uploads\/2023\/07\/Beste-H-768x509.jpg 768w, https:\/\/altgsgrebenstein.de\/wp-content\/uploads\/2023\/07\/Beste-H-1536x1017.jpg 1536w, https:\/\/altgsgrebenstein.de\/wp-content\/uploads\/2023\/07\/Beste-H-2048x1356.jpg 2048w\" sizes=\"(max-width: 604px) 100vw, 604px\" \/><\/p>\n<p>Im Realschulzweig wurden Saskia Schwarz (1,4) und Lisa Mauke (1,8) f\u00fcr den besten und zweitbesten Notendurchschnitt geehrt und im Gymnasialzweig brillierten Julia Weiss (1,2), Lea Zastrau (1,2) und Bente Wollert (1,1) mit herausragenden Abschlusszeugnissen.<\/p>\n<p><img decoding=\"async\" class=\"aligncenter size-large wp-image-15787\" src=\"http:\/\/altgsgrebenstein.de\/wp-content\/uploads\/2023\/07\/Beste-G-1024x678.jpg\" alt=\"\" width=\"604\" height=\"400\" srcset=\"https:\/\/altgsgrebenstein.de\/wp-content\/uploads\/2023\/07\/Beste-G-1024x678.jpg 1024w, https:\/\/altgsgrebenstein.de\/wp-content\/uploads\/2023\/07\/Beste-G-300x199.jpg 300w, https:\/\/altgsgrebenstein.de\/wp-content\/uploads\/2023\/07\/Beste-G-768x509.jpg 768w, https:\/\/altgsgrebenstein.de\/wp-content\/uploads\/2023\/07\/Beste-G-1536x1017.jpg 1536w, https:\/\/altgsgrebenstein.de\/wp-content\/uploads\/2023\/07\/Beste-G-2048x1356.jpg 2048w\" sizes=\"(max-width: 604px) 100vw, 604px\" \/> <img decoding=\"async\" class=\"aligncenter size-large wp-image-15788\" src=\"http:\/\/altgsgrebenstein.de\/wp-content\/uploads\/2023\/07\/Beste-R-1024x678.jpg\" alt=\"\" width=\"604\" height=\"400\" srcset=\"https:\/\/altgsgrebenstein.de\/wp-content\/uploads\/2023\/07\/Beste-R-1024x678.jpg 1024w, https:\/\/altgsgrebenstein.de\/wp-content\/uploads\/2023\/07\/Beste-R-300x199.jpg 300w, https:\/\/altgsgrebenstein.de\/wp-content\/uploads\/2023\/07\/Beste-R-768x509.jpg 768w, https:\/\/altgsgrebenstein.de\/wp-content\/uploads\/2023\/07\/Beste-R-1536x1017.jpg 1536w, https:\/\/altgsgrebenstein.de\/wp-content\/uploads\/2023\/07\/Beste-R-2048x1356.jpg 2048w\" sizes=\"(max-width: 604px) 100vw, 604px\" \/><\/p>\n<p>Die genannten Sch\u00fclerinnen und Sch\u00fcler erhielten f\u00fcr ihre Leistungen Buchpr\u00e4sente. Au\u00dferdem wurde die Mitarbeit bei der SV gew\u00fcrdigt sowie das Engagement einiger Sch\u00fclerinnen beim \u201aSani\u2018-Team und bei der Schulb\u00fccherei. Zum Dank f\u00fcr ihre gute Arbeit erhielten auch die Klassenleitungen der Abgangsklassen, die Zweigleitungen, die Sekret\u00e4rinnen und das Hausmeisterteam Pr\u00e4sente.<\/p>\n<p><img decoding=\"async\" class=\"aligncenter size-large wp-image-15789\" src=\"http:\/\/altgsgrebenstein.de\/wp-content\/uploads\/2023\/07\/Sani-1024x678.jpg\" alt=\"\" width=\"604\" height=\"400\" srcset=\"https:\/\/altgsgrebenstein.de\/wp-content\/uploads\/2023\/07\/Sani-1024x678.jpg 1024w, https:\/\/altgsgrebenstein.de\/wp-content\/uploads\/2023\/07\/Sani-300x199.jpg 300w, https:\/\/altgsgrebenstein.de\/wp-content\/uploads\/2023\/07\/Sani-768x509.jpg 768w, https:\/\/altgsgrebenstein.de\/wp-content\/uploads\/2023\/07\/Sani-1536x1017.jpg 1536w, https:\/\/altgsgrebenstein.de\/wp-content\/uploads\/2023\/07\/Sani-2048x1356.jpg 2048w\" sizes=\"(max-width: 604px) 100vw, 604px\" \/><\/p>\n<p>Durch den Abend f\u00fchrten dieses Jahr die Klassenlehrer und Klassenlehrerinnen der Abgangsklassen. Susann Adam (Klassenlehrerin der G10 b) und Rita Hirdes-Bettenh\u00e4user (G 10 a) griffen hierbei das Thema der Einschulungsfeier der Abg\u00e4nger und Abg\u00e4ngerinnen vor sechs Jahren auf. Damals lautete das Motto: Aufbruch ins Abenteuer HGS. Die Klassenleitungen wurden 2017 als Wanderf\u00fchrer bei einer Bergwanderung vorgestellt, die den Sch\u00fclerinnen und Sch\u00fclern auch bei anstrengenden Aufstiegsphasen beiseite stehen w\u00fcrden. Hirdes-Bettenh\u00e4user und Adam stellten etwas wehm\u00fctig fest, dass man nun am Ende der gemeinsamen Wanderung angekommen sei.<\/p>\n<p><img decoding=\"async\" class=\"aligncenter size-large wp-image-15790\" src=\"http:\/\/altgsgrebenstein.de\/wp-content\/uploads\/2023\/07\/HiBe-AD-1024x678.jpg\" alt=\"\" width=\"604\" height=\"400\" srcset=\"https:\/\/altgsgrebenstein.de\/wp-content\/uploads\/2023\/07\/HiBe-AD-1024x678.jpg 1024w, https:\/\/altgsgrebenstein.de\/wp-content\/uploads\/2023\/07\/HiBe-AD-300x199.jpg 300w, https:\/\/altgsgrebenstein.de\/wp-content\/uploads\/2023\/07\/HiBe-AD-768x509.jpg 768w, https:\/\/altgsgrebenstein.de\/wp-content\/uploads\/2023\/07\/HiBe-AD-1536x1017.jpg 1536w, https:\/\/altgsgrebenstein.de\/wp-content\/uploads\/2023\/07\/HiBe-AD-2048x1356.jpg 2048w\" sizes=\"(max-width: 604px) 100vw, 604px\" \/><\/p>\n<p>Das Thema Wandern und gemeinsame Ausfl\u00fcge\/ Fahrten war auch bei den Realschulklassenlehrern Robin G\u00f6ring (R 10 a) und Sascha Thiele (R 10 b) ein wichtiges Thema. Sie pr\u00e4sentierten zudem fast vier Jahre alte Schnucket\u00fcten, die Relikte einer gemeinsame Verkaufsaktion in der 7. Klasse waren. Essen wollten sie den Inhalt aber lieber nicht mehr.<\/p>\n<p><img decoding=\"async\" class=\"aligncenter size-large wp-image-15791\" src=\"http:\/\/altgsgrebenstein.de\/wp-content\/uploads\/2023\/07\/GOe-1024x678.jpg\" alt=\"\" width=\"604\" height=\"400\" srcset=\"https:\/\/altgsgrebenstein.de\/wp-content\/uploads\/2023\/07\/GOe-1024x678.jpg 1024w, https:\/\/altgsgrebenstein.de\/wp-content\/uploads\/2023\/07\/GOe-300x199.jpg 300w, https:\/\/altgsgrebenstein.de\/wp-content\/uploads\/2023\/07\/GOe-768x509.jpg 768w, https:\/\/altgsgrebenstein.de\/wp-content\/uploads\/2023\/07\/GOe-1536x1017.jpg 1536w, https:\/\/altgsgrebenstein.de\/wp-content\/uploads\/2023\/07\/GOe-2048x1356.jpg 2048w\" sizes=\"(max-width: 604px) 100vw, 604px\" \/><\/p>\n<p>Die Klassenlehrkr\u00e4fte der H9, Anna Meise und Stefan Englich, charakterisierten ihre Klasse durch passende Adjektive zu den Initialen ihrer Sch\u00fclerinnen und Sch\u00fcler. Poetische Wortkombinationen wie \u201aL.R.: liebenswerte Rebellin\u2019 oder auch \u201aT.W.: Tollpatschiger Wunderknabe\u2018 kamen so zustande.<\/p>\n<p><img decoding=\"async\" class=\"aligncenter size-large wp-image-15792\" src=\"http:\/\/altgsgrebenstein.de\/wp-content\/uploads\/2023\/07\/DSC_8503-1024x678.jpg\" alt=\"\" width=\"604\" height=\"400\" srcset=\"https:\/\/altgsgrebenstein.de\/wp-content\/uploads\/2023\/07\/DSC_8503-1024x678.jpg 1024w, https:\/\/altgsgrebenstein.de\/wp-content\/uploads\/2023\/07\/DSC_8503-300x199.jpg 300w, https:\/\/altgsgrebenstein.de\/wp-content\/uploads\/2023\/07\/DSC_8503-768x509.jpg 768w, https:\/\/altgsgrebenstein.de\/wp-content\/uploads\/2023\/07\/DSC_8503-1536x1017.jpg 1536w, https:\/\/altgsgrebenstein.de\/wp-content\/uploads\/2023\/07\/DSC_8503-2048x1356.jpg 2048w\" sizes=\"(max-width: 604px) 100vw, 604px\" \/><\/p>\n<p>Allen Klassenleitungen war anzumerken, dass ihnen ihre Klassen \u00fcber die vergangenen Jahre sehr ans Herz gewachsen sind. Zwei Mal wurde erw\u00e4hnt, dass es eigentlich das Beste sei, wenn die Sch\u00fcler und Sch\u00fclerinnen allesamt sitzen bleiben w\u00fcrden, da sich so die gemeinsame Zeit verl\u00e4ngern lie\u00dfe. Aber nat\u00fcrlich war allen Lehrkr\u00e4ften klar, dass der Zeitpunkt nun einmal gekommen ist, an dem man \u201aseine\u2018 Sch\u00fclerinnen und Sch\u00fcler ziehen lassen muss, damit sie neue Abenteuer, sprich weiterf\u00fchrende Schule oder Ausbildung, erleben k\u00f6nnen.<\/p>\n<p><img decoding=\"async\" class=\"aligncenter size-large wp-image-15794\" src=\"http:\/\/altgsgrebenstein.de\/wp-content\/uploads\/2023\/07\/Abschlusslied-1024x678.jpg\" alt=\"\" width=\"604\" height=\"400\" srcset=\"https:\/\/altgsgrebenstein.de\/wp-content\/uploads\/2023\/07\/Abschlusslied-1024x678.jpg 1024w, https:\/\/altgsgrebenstein.de\/wp-content\/uploads\/2023\/07\/Abschlusslied-300x199.jpg 300w, https:\/\/altgsgrebenstein.de\/wp-content\/uploads\/2023\/07\/Abschlusslied-768x509.jpg 768w, https:\/\/altgsgrebenstein.de\/wp-content\/uploads\/2023\/07\/Abschlusslied-1536x1017.jpg 1536w, https:\/\/altgsgrebenstein.de\/wp-content\/uploads\/2023\/07\/Abschlusslied-2048x1356.jpg 2048w\" sizes=\"(max-width: 604px) 100vw, 604px\" \/><\/p>\n<p>Nach einem gemeinsamen Abschlusslied aller Abgangsklassen mit Unterst\u00fctzung der Schulband endete die offizielle Verabschiedung in der Kulturhalle und man lie\u00df den Abend mit Bratwurst und Getr\u00e4nk in der Hand bei netten Gespr\u00e4chen im Innenhof ausklingen.<\/p>\n<p>&nbsp;<\/p>\n<p>Sabine Drinnenberg<\/p>\n","protected":false},"excerpt":{"rendered":"<p>Grebenstein. Am Abend des 13. Juli 2023 herrschte auf dem Schulgel\u00e4nde der Heinrich-Grupe-Schule und in der Kulturhalle eine feierliche Stimmung. Noch einen Tag zuvor, beim traditionellen Abg\u00e4ngertag, hatte der Schulhof ganz anders ausgesehen; mit Farb- und Rasierschaumflecken sowie Heuballen und Absperrb\u00e4ndern und teilweise von oben bis unten \u201avollgeschmierten\u2018 Sch\u00fclerinnen und Sch\u00fclern darauf. Doch das Chaos &hellip; <a href=\"https:\/\/altgsgrebenstein.de\/?p=15780\" class=\"more-link\"><span class=\"screen-reader-text\">Auf zu neuen Abenteuern &#8211; Feierliche Verabschiedung der diesj\u00e4hrigen HGS-Abgangsklassen<\/span> weiterlesen <span class=\"meta-nav\">&rarr;<\/span><\/a><\/p>\n","protected":false},"author":28,"featured_media":0,"comment_status":"closed","ping_status":"closed","sticky":false,"template":"","format":"standard","meta":{"saved_in_kubio":false,"footnotes":""},"categories":[33,66],"tags":[],"class_list":["post-15780","post","type-post","status-publish","format-standard","hentry","category-archiv","category-schulentlassung"],"_links":{"self":[{"href":"https:\/\/altgsgrebenstein.de\/index.php?rest_route=\/wp\/v2\/posts\/15780","targetHints":{"allow":["GET"]}}],"collection":[{"href":"https:\/\/altgsgrebenstein.de\/index.php?rest_route=\/wp\/v2\/posts"}],"about":[{"href":"https:\/\/altgsgrebenstein.de\/index.php?rest_route=\/wp\/v2\/types\/post"}],"author":[{"embeddable":true,"href":"https:\/\/altgsgrebenstein.de\/index.php?rest_route=\/wp\/v2\/users\/28"}],"replies":[{"embeddable":true,"href":"https:\/\/altgsgrebenstein.de\/index.php?rest_route=%2Fwp%2Fv2%2Fcomments&post=15780"}],"version-history":[{"count":3,"href":"https:\/\/altgsgrebenstein.de\/index.php?rest_route=\/wp\/v2\/posts\/15780\/revisions"}],"predecessor-version":[{"id":15808,"href":"https:\/\/altgsgrebenstein.de\/index.php?rest_route=\/wp\/v2\/posts\/15780\/revisions\/15808"}],"wp:attachment":[{"href":"https:\/\/altgsgrebenstein.de\/index.php?rest_route=%2Fwp%2Fv2%2Fmedia&parent=15780"}],"wp:term":[{"taxonomy":"category","embeddable":true,"href":"https:\/\/altgsgrebenstein.de\/index.php?rest_route=%2Fwp%2Fv2%2Fcategories&post=15780"},{"taxonomy":"post_tag","embeddable":true,"href":"https:\/\/altgsgrebenstein.de\/index.php?rest_route=%2Fwp%2Fv2%2Ftags&post=15780"}],"curies":[{"name":"wp","href":"https:\/\/api.w.org\/{rel}","templated":true}]}}