{"id":15755,"date":"2023-07-15T10:51:53","date_gmt":"2023-07-15T09:51:53","guid":{"rendered":"http:\/\/altgsgrebenstein.de\/?p=15755"},"modified":"2023-12-03T20:09:58","modified_gmt":"2023-12-03T19:09:58","slug":"abschlussfahrt-der-h9-nach-warnemuende","status":"publish","type":"post","link":"https:\/\/altgsgrebenstein.de\/?p=15755","title":{"rendered":"Abschlussfahrt der H9 nach Warnem\u00fcnde"},"content":{"rendered":"<p>Vom 26.-30.6.2023 fand die Abschlussfahrt der Klasse H9 mit ihrem Klassenlehrerteam Frau Meise und Herr Englich sowie Frau Fechner nach Warnem\u00fcnde statt.<br \/>\nVorweg gesagt: Es war eine (fast) rundum gelungene Aktion, die f\u00fcr alle Beteiligten sicherlich noch sehr lange in sehr guter Erinnerung bleiben wird :-).<\/p>\n<p><img decoding=\"async\" class=\"alignnone wp-image-15756\" src=\"http:\/\/altgsgrebenstein.de\/wp-content\/uploads\/2023\/07\/IMG_20230626_144433-zuganreise-300x215.jpg\" alt=\"\" width=\"584\" height=\"419\" srcset=\"https:\/\/altgsgrebenstein.de\/wp-content\/uploads\/2023\/07\/IMG_20230626_144433-zuganreise-300x215.jpg 300w, https:\/\/altgsgrebenstein.de\/wp-content\/uploads\/2023\/07\/IMG_20230626_144433-zuganreise-1024x734.jpg 1024w, https:\/\/altgsgrebenstein.de\/wp-content\/uploads\/2023\/07\/IMG_20230626_144433-zuganreise-768x550.jpg 768w, https:\/\/altgsgrebenstein.de\/wp-content\/uploads\/2023\/07\/IMG_20230626_144433-zuganreise-1536x1100.jpg 1536w, https:\/\/altgsgrebenstein.de\/wp-content\/uploads\/2023\/07\/IMG_20230626_144433-zuganreise-2048x1467.jpg 2048w\" sizes=\"(max-width: 584px) 100vw, 584px\" \/><\/p>\n<p>Warum \u201efast\u201c ? Sucht man Gr\u00fcnde daf\u00fcr, k\u00f6nnte man die An- und Abreise mit der DB nennen oder die aggressiven, Fischbr\u00f6tchen stehlenden M\u00f6wen oder auch die ein oder andere p\u00e4dagogische Sanktion, die auf einer Abschlussfahrt aufgrund der ein oder anderen \u00fcberschw\u00e4nglichen Sch\u00fcler-Aktion der selbsternannten \u201eChaos-Klasse\u201c \ud83d\ude09 wohl nicht auszuschlie\u00dfen war \u2026<\/p>\n<p><img decoding=\"async\" class=\"alignnone wp-image-15757\" src=\"http:\/\/altgsgrebenstein.de\/wp-content\/uploads\/2023\/07\/IMG_20230626_214335-grpbild-vor-jgdherberge-300x210.jpg\" alt=\"\" width=\"582\" height=\"407\" srcset=\"https:\/\/altgsgrebenstein.de\/wp-content\/uploads\/2023\/07\/IMG_20230626_214335-grpbild-vor-jgdherberge-300x210.jpg 300w, https:\/\/altgsgrebenstein.de\/wp-content\/uploads\/2023\/07\/IMG_20230626_214335-grpbild-vor-jgdherberge-1024x716.jpg 1024w, https:\/\/altgsgrebenstein.de\/wp-content\/uploads\/2023\/07\/IMG_20230626_214335-grpbild-vor-jgdherberge-768x537.jpg 768w, https:\/\/altgsgrebenstein.de\/wp-content\/uploads\/2023\/07\/IMG_20230626_214335-grpbild-vor-jgdherberge-1536x1075.jpg 1536w, https:\/\/altgsgrebenstein.de\/wp-content\/uploads\/2023\/07\/IMG_20230626_214335-grpbild-vor-jgdherberge-2048x1433.jpg 2048w\" sizes=\"(max-width: 582px) 100vw, 582px\" \/><\/p>\n<p>Ansonsten war es wie schon zu Beginn erw\u00e4hnt eine \u201eklasse\u201c Klassenfahrt :-).<\/p>\n<p><img decoding=\"async\" class=\"alignnone wp-image-15767\" src=\"http:\/\/altgsgrebenstein.de\/wp-content\/uploads\/2023\/07\/Jugendherberge-von-oben-300x177.jpg\" alt=\"\" width=\"579\" height=\"342\" srcset=\"https:\/\/altgsgrebenstein.de\/wp-content\/uploads\/2023\/07\/Jugendherberge-von-oben-300x177.jpg 300w, https:\/\/altgsgrebenstein.de\/wp-content\/uploads\/2023\/07\/Jugendherberge-von-oben-1024x605.jpg 1024w, https:\/\/altgsgrebenstein.de\/wp-content\/uploads\/2023\/07\/Jugendherberge-von-oben-768x454.jpg 768w, https:\/\/altgsgrebenstein.de\/wp-content\/uploads\/2023\/07\/Jugendherberge-von-oben.jpg 1520w\" sizes=\"(max-width: 579px) 100vw, 579px\" \/><\/p>\n<p>Sei es die moderne, gut ausgestattete und fast direkt am Strand gelegene Jugendherberge<\/p>\n<p><img decoding=\"async\" class=\"alignnone size-medium wp-image-15762\" src=\"http:\/\/altgsgrebenstein.de\/wp-content\/uploads\/2023\/07\/IMG_20230628_191857-alle-schueler-im-wasser-300x212.jpg\" alt=\"\" width=\"300\" height=\"212\" srcset=\"https:\/\/altgsgrebenstein.de\/wp-content\/uploads\/2023\/07\/IMG_20230628_191857-alle-schueler-im-wasser-300x212.jpg 300w, https:\/\/altgsgrebenstein.de\/wp-content\/uploads\/2023\/07\/IMG_20230628_191857-alle-schueler-im-wasser-1024x722.jpg 1024w, https:\/\/altgsgrebenstein.de\/wp-content\/uploads\/2023\/07\/IMG_20230628_191857-alle-schueler-im-wasser-768x542.jpg 768w, https:\/\/altgsgrebenstein.de\/wp-content\/uploads\/2023\/07\/IMG_20230628_191857-alle-schueler-im-wasser-1536x1083.jpg 1536w, https:\/\/altgsgrebenstein.de\/wp-content\/uploads\/2023\/07\/IMG_20230628_191857-alle-schueler-im-wasser-2048x1444.jpg 2048w\" sizes=\"(max-width: 300px) 100vw, 300px\" \/>\u00a0 \u00a0<img decoding=\"async\" class=\"alignnone wp-image-15766\" src=\"http:\/\/altgsgrebenstein.de\/wp-content\/uploads\/2023\/07\/IMG-20230628-WA0009-ak-23-isa-im-sand-eingebuddelt-300x227.jpg\" alt=\"\" width=\"274\" height=\"207\" srcset=\"https:\/\/altgsgrebenstein.de\/wp-content\/uploads\/2023\/07\/IMG-20230628-WA0009-ak-23-isa-im-sand-eingebuddelt-300x227.jpg 300w, https:\/\/altgsgrebenstein.de\/wp-content\/uploads\/2023\/07\/IMG-20230628-WA0009-ak-23-isa-im-sand-eingebuddelt-1024x776.jpg 1024w, https:\/\/altgsgrebenstein.de\/wp-content\/uploads\/2023\/07\/IMG-20230628-WA0009-ak-23-isa-im-sand-eingebuddelt-768x582.jpg 768w, https:\/\/altgsgrebenstein.de\/wp-content\/uploads\/2023\/07\/IMG-20230628-WA0009-ak-23-isa-im-sand-eingebuddelt-1536x1164.jpg 1536w, https:\/\/altgsgrebenstein.de\/wp-content\/uploads\/2023\/07\/IMG-20230628-WA0009-ak-23-isa-im-sand-eingebuddelt.jpg 1974w\" sizes=\"(max-width: 274px) 100vw, 274px\" \/><\/p>\n<p>&#8230; oder die vielen Besuche am Sandstrand und in der Ostsee<\/p>\n<p><img decoding=\"async\" class=\"alignnone wp-image-15758\" src=\"http:\/\/altgsgrebenstein.de\/wp-content\/uploads\/2023\/07\/IMG_20230627_191348-beachvolleyball-300x236.jpg\" alt=\"\" width=\"349\" height=\"275\" srcset=\"https:\/\/altgsgrebenstein.de\/wp-content\/uploads\/2023\/07\/IMG_20230627_191348-beachvolleyball-300x236.jpg 300w, https:\/\/altgsgrebenstein.de\/wp-content\/uploads\/2023\/07\/IMG_20230627_191348-beachvolleyball-1024x807.jpg 1024w, https:\/\/altgsgrebenstein.de\/wp-content\/uploads\/2023\/07\/IMG_20230627_191348-beachvolleyball-768x605.jpg 768w, https:\/\/altgsgrebenstein.de\/wp-content\/uploads\/2023\/07\/IMG_20230627_191348-beachvolleyball-1536x1210.jpg 1536w, https:\/\/altgsgrebenstein.de\/wp-content\/uploads\/2023\/07\/IMG_20230627_191348-beachvolleyball-2048x1614.jpg 2048w\" sizes=\"(max-width: 349px) 100vw, 349px\" \/>\u00a0 \u00a0 \u00a0<img decoding=\"async\" class=\"alignnone wp-image-15761\" src=\"http:\/\/altgsgrebenstein.de\/wp-content\/uploads\/2023\/07\/IMG_20230628_121343-kletterwald-in-aktion-219x300.jpg\" alt=\"\" width=\"204\" height=\"279\" srcset=\"https:\/\/altgsgrebenstein.de\/wp-content\/uploads\/2023\/07\/IMG_20230628_121343-kletterwald-in-aktion-219x300.jpg 219w, https:\/\/altgsgrebenstein.de\/wp-content\/uploads\/2023\/07\/IMG_20230628_121343-kletterwald-in-aktion-748x1024.jpg 748w, https:\/\/altgsgrebenstein.de\/wp-content\/uploads\/2023\/07\/IMG_20230628_121343-kletterwald-in-aktion-768x1051.jpg 768w, https:\/\/altgsgrebenstein.de\/wp-content\/uploads\/2023\/07\/IMG_20230628_121343-kletterwald-in-aktion-1122x1536.jpg 1122w, https:\/\/altgsgrebenstein.de\/wp-content\/uploads\/2023\/07\/IMG_20230628_121343-kletterwald-in-aktion-1496x2048.jpg 1496w, https:\/\/altgsgrebenstein.de\/wp-content\/uploads\/2023\/07\/IMG_20230628_121343-kletterwald-in-aktion.jpg 1753w\" sizes=\"(max-width: 204px) 100vw, 204px\" \/><\/p>\n<p>&#8230; oder die sportliche Herausforderung beim Beach-Volleyball und im Kletterwald<\/p>\n<p><img decoding=\"async\" class=\"alignnone wp-image-15763\" src=\"http:\/\/altgsgrebenstein.de\/wp-content\/uploads\/2023\/07\/IMG_20230629_113024-grpbild-leuchtturm-230x300.jpg\" alt=\"\" width=\"208\" height=\"271\" srcset=\"https:\/\/altgsgrebenstein.de\/wp-content\/uploads\/2023\/07\/IMG_20230629_113024-grpbild-leuchtturm-230x300.jpg 230w, https:\/\/altgsgrebenstein.de\/wp-content\/uploads\/2023\/07\/IMG_20230629_113024-grpbild-leuchtturm-786x1024.jpg 786w, https:\/\/altgsgrebenstein.de\/wp-content\/uploads\/2023\/07\/IMG_20230629_113024-grpbild-leuchtturm-768x1001.jpg 768w, https:\/\/altgsgrebenstein.de\/wp-content\/uploads\/2023\/07\/IMG_20230629_113024-grpbild-leuchtturm-1178x1536.jpg 1178w, https:\/\/altgsgrebenstein.de\/wp-content\/uploads\/2023\/07\/IMG_20230629_113024-grpbild-leuchtturm-1571x2048.jpg 1571w, https:\/\/altgsgrebenstein.de\/wp-content\/uploads\/2023\/07\/IMG_20230629_113024-grpbild-leuchtturm-scaled.jpg 1964w\" sizes=\"(max-width: 208px) 100vw, 208px\" \/>\u00a0 \u00a0 <img decoding=\"async\" class=\"alignnone wp-image-15764\" src=\"http:\/\/altgsgrebenstein.de\/wp-content\/uploads\/2023\/07\/IMG_20230629_113533-selfie-grp-leuchtturm-300x234.jpg\" alt=\"\" width=\"340\" height=\"265\" srcset=\"https:\/\/altgsgrebenstein.de\/wp-content\/uploads\/2023\/07\/IMG_20230629_113533-selfie-grp-leuchtturm-300x234.jpg 300w, https:\/\/altgsgrebenstein.de\/wp-content\/uploads\/2023\/07\/IMG_20230629_113533-selfie-grp-leuchtturm-1024x800.jpg 1024w, https:\/\/altgsgrebenstein.de\/wp-content\/uploads\/2023\/07\/IMG_20230629_113533-selfie-grp-leuchtturm-768x600.jpg 768w, https:\/\/altgsgrebenstein.de\/wp-content\/uploads\/2023\/07\/IMG_20230629_113533-selfie-grp-leuchtturm-1536x1200.jpg 1536w, https:\/\/altgsgrebenstein.de\/wp-content\/uploads\/2023\/07\/IMG_20230629_113533-selfie-grp-leuchtturm-2048x1600.jpg 2048w\" sizes=\"(max-width: 340px) 100vw, 340px\" \/><\/p>\n<p>&#8230; oder die viele Freizeit in der nahegelegenen und malerischen Hafenstadt<\/p>\n<p><img decoding=\"async\" class=\"alignnone size-medium wp-image-15759\" src=\"http:\/\/altgsgrebenstein.de\/wp-content\/uploads\/2023\/07\/IMG_20230627_205914-4-gewinnt-mit-frau-meise-300x211.jpg\" alt=\"\" width=\"300\" height=\"211\" srcset=\"https:\/\/altgsgrebenstein.de\/wp-content\/uploads\/2023\/07\/IMG_20230627_205914-4-gewinnt-mit-frau-meise-300x211.jpg 300w, https:\/\/altgsgrebenstein.de\/wp-content\/uploads\/2023\/07\/IMG_20230627_205914-4-gewinnt-mit-frau-meise-1024x719.jpg 1024w, https:\/\/altgsgrebenstein.de\/wp-content\/uploads\/2023\/07\/IMG_20230627_205914-4-gewinnt-mit-frau-meise-768x539.jpg 768w, https:\/\/altgsgrebenstein.de\/wp-content\/uploads\/2023\/07\/IMG_20230627_205914-4-gewinnt-mit-frau-meise-1536x1078.jpg 1536w, https:\/\/altgsgrebenstein.de\/wp-content\/uploads\/2023\/07\/IMG_20230627_205914-4-gewinnt-mit-frau-meise-2048x1437.jpg 2048w\" sizes=\"(max-width: 300px) 100vw, 300px\" \/>\u00a0 \u00a0 <img decoding=\"async\" class=\"alignnone wp-image-15773\" src=\"http:\/\/altgsgrebenstein.de\/wp-content\/uploads\/2023\/07\/IMG_20230629_215141-billard-300x235.jpg\" alt=\"\" width=\"269\" height=\"211\" srcset=\"https:\/\/altgsgrebenstein.de\/wp-content\/uploads\/2023\/07\/IMG_20230629_215141-billard-300x235.jpg 300w, https:\/\/altgsgrebenstein.de\/wp-content\/uploads\/2023\/07\/IMG_20230629_215141-billard-1024x801.jpg 1024w, https:\/\/altgsgrebenstein.de\/wp-content\/uploads\/2023\/07\/IMG_20230629_215141-billard-768x601.jpg 768w, https:\/\/altgsgrebenstein.de\/wp-content\/uploads\/2023\/07\/IMG_20230629_215141-billard-1536x1202.jpg 1536w, https:\/\/altgsgrebenstein.de\/wp-content\/uploads\/2023\/07\/IMG_20230629_215141-billard-2048x1602.jpg 2048w\" sizes=\"(max-width: 269px) 100vw, 269px\" \/><\/p>\n<p>&#8230; oder das abendliche Billard- und XXL \u201e4 gewinnt\u201c Duell Lehrer\/in vs Sch\u00fcler\/in<\/p>\n<p><img decoding=\"async\" class=\"alignnone wp-image-15765\" src=\"http:\/\/altgsgrebenstein.de\/wp-content\/uploads\/2023\/07\/IMG-20230626-WA0001-strandimpression-schoen-227x300.jpg\" alt=\"\" width=\"215\" height=\"284\" srcset=\"https:\/\/altgsgrebenstein.de\/wp-content\/uploads\/2023\/07\/IMG-20230626-WA0001-strandimpression-schoen-227x300.jpg 227w, https:\/\/altgsgrebenstein.de\/wp-content\/uploads\/2023\/07\/IMG-20230626-WA0001-strandimpression-schoen-776x1024.jpg 776w, https:\/\/altgsgrebenstein.de\/wp-content\/uploads\/2023\/07\/IMG-20230626-WA0001-strandimpression-schoen-768x1014.jpg 768w, https:\/\/altgsgrebenstein.de\/wp-content\/uploads\/2023\/07\/IMG-20230626-WA0001-strandimpression-schoen-1164x1536.jpg 1164w, https:\/\/altgsgrebenstein.de\/wp-content\/uploads\/2023\/07\/IMG-20230626-WA0001-strandimpression-schoen.jpg 1536w\" sizes=\"(max-width: 215px) 100vw, 215px\" \/>\u00a0 \u00a0 <img decoding=\"async\" class=\"alignnone wp-image-15775\" src=\"http:\/\/altgsgrebenstein.de\/wp-content\/uploads\/2023\/07\/IMG_20230627_102614-strandkorb-h9-paintshop-300x231.jpg\" alt=\"\" width=\"363\" height=\"279\" srcset=\"https:\/\/altgsgrebenstein.de\/wp-content\/uploads\/2023\/07\/IMG_20230627_102614-strandkorb-h9-paintshop-300x231.jpg 300w, https:\/\/altgsgrebenstein.de\/wp-content\/uploads\/2023\/07\/IMG_20230627_102614-strandkorb-h9-paintshop-1024x788.jpg 1024w, https:\/\/altgsgrebenstein.de\/wp-content\/uploads\/2023\/07\/IMG_20230627_102614-strandkorb-h9-paintshop-768x591.jpg 768w, https:\/\/altgsgrebenstein.de\/wp-content\/uploads\/2023\/07\/IMG_20230627_102614-strandkorb-h9-paintshop-1536x1182.jpg 1536w, https:\/\/altgsgrebenstein.de\/wp-content\/uploads\/2023\/07\/IMG_20230627_102614-strandkorb-h9-paintshop-2048x1577.jpg 2048w\" sizes=\"(max-width: 363px) 100vw, 363px\" \/><\/p>\n<p>Die H9 (AK 2023) sagt: &#8222;Tsch\u00fcss und vielleicht bis zum n\u00e4chsten Mal, Warnem\u00fcnde !?&#8220;<\/p>\n","protected":false},"excerpt":{"rendered":"<p>Vom 26.-30.6.2023 fand die Abschlussfahrt der Klasse H9 mit ihrem Klassenlehrerteam Frau Meise und Herr Englich sowie Frau Fechner nach Warnem\u00fcnde statt. Vorweg gesagt: Es war eine (fast) rundum gelungene Aktion, die f\u00fcr alle Beteiligten sicherlich noch sehr lange in sehr guter Erinnerung bleiben wird :-). Warum \u201efast\u201c ? Sucht man Gr\u00fcnde daf\u00fcr, k\u00f6nnte man &hellip; <a href=\"https:\/\/altgsgrebenstein.de\/?p=15755\" class=\"more-link\"><span class=\"screen-reader-text\">Abschlussfahrt der H9 nach Warnem\u00fcnde<\/span> weiterlesen <span class=\"meta-nav\">&rarr;<\/span><\/a><\/p>\n","protected":false},"author":23,"featured_media":0,"comment_status":"closed","ping_status":"closed","sticky":false,"template":"","format":"standard","meta":{"saved_in_kubio":false,"footnotes":""},"categories":[33,42],"tags":[],"class_list":["post-15755","post","type-post","status-publish","format-standard","hentry","category-archiv","category-klassenfahrten"],"_links":{"self":[{"href":"https:\/\/altgsgrebenstein.de\/index.php?rest_route=\/wp\/v2\/posts\/15755","targetHints":{"allow":["GET"]}}],"collection":[{"href":"https:\/\/altgsgrebenstein.de\/index.php?rest_route=\/wp\/v2\/posts"}],"about":[{"href":"https:\/\/altgsgrebenstein.de\/index.php?rest_route=\/wp\/v2\/types\/post"}],"author":[{"embeddable":true,"href":"https:\/\/altgsgrebenstein.de\/index.php?rest_route=\/wp\/v2\/users\/23"}],"replies":[{"embeddable":true,"href":"https:\/\/altgsgrebenstein.de\/index.php?rest_route=%2Fwp%2Fv2%2Fcomments&post=15755"}],"version-history":[{"count":10,"href":"https:\/\/altgsgrebenstein.de\/index.php?rest_route=\/wp\/v2\/posts\/15755\/revisions"}],"predecessor-version":[{"id":15779,"href":"https:\/\/altgsgrebenstein.de\/index.php?rest_route=\/wp\/v2\/posts\/15755\/revisions\/15779"}],"wp:attachment":[{"href":"https:\/\/altgsgrebenstein.de\/index.php?rest_route=%2Fwp%2Fv2%2Fmedia&parent=15755"}],"wp:term":[{"taxonomy":"category","embeddable":true,"href":"https:\/\/altgsgrebenstein.de\/index.php?rest_route=%2Fwp%2Fv2%2Fcategories&post=15755"},{"taxonomy":"post_tag","embeddable":true,"href":"https:\/\/altgsgrebenstein.de\/index.php?rest_route=%2Fwp%2Fv2%2Ftags&post=15755"}],"curies":[{"name":"wp","href":"https:\/\/api.w.org\/{rel}","templated":true}]}}