{"id":15748,"date":"2023-07-14T18:56:13","date_gmt":"2023-07-14T17:56:13","guid":{"rendered":"http:\/\/altgsgrebenstein.de\/?p=15748"},"modified":"2023-12-03T20:09:58","modified_gmt":"2023-12-03T19:09:58","slug":"erfolgreiche-kooperationen-zwischen-burgbergschule-hgs-und-uni-kassel","status":"publish","type":"post","link":"https:\/\/altgsgrebenstein.de\/?p=15748","title":{"rendered":"Erfolgreiche Kooperationen zwischen Burgbergschule, HGS und Uni Kassel"},"content":{"rendered":"<p>Wie lassen sich \u201eBildung f\u00fcr nachhaltige Entwicklung\u201c und \u201e\u00c4sthetische Bildung\u201c in der Schule in Verbindung bringen? Auf der Basis einer theoretischen Ann\u00e4herung an die Schnittmengen dieser beiden Bereiche entwickelten Lehramtsstudierende der Universit\u00e4t Kassel in einem Projektseminar unter Leitung von Dr. Karolin Schmitt-Weidmann im Sommersemester 2023 neue Ans\u00e4tze f\u00fcr die schulische Praxis.<\/p>\n<p><img decoding=\"async\" class=\"aligncenter size-large wp-image-15749\" src=\"http:\/\/altgsgrebenstein.de\/wp-content\/uploads\/2023\/07\/202520060723-768x1024.jpeg\" alt=\"\" width=\"604\" height=\"805\" srcset=\"https:\/\/altgsgrebenstein.de\/wp-content\/uploads\/2023\/07\/202520060723-768x1024.jpeg 768w, https:\/\/altgsgrebenstein.de\/wp-content\/uploads\/2023\/07\/202520060723-225x300.jpeg 225w, https:\/\/altgsgrebenstein.de\/wp-content\/uploads\/2023\/07\/202520060723.jpeg 810w\" sizes=\"(max-width: 604px) 100vw, 604px\" \/><\/p>\n<p>Hierzu wurden verschiedene Projektideen an der Burgbergschule und der Heinrich-Grupe-Schule in Grebenstein durchgef\u00fchrt, die \u00fcber den regul\u00e4ren Unterricht hinaus gingen und den Schulalltag nachhaltig bereichern. Zu jedem Projekt entstand eine p\u00e4dagogisch aufbereitete Kiste mit Konzeptidee, Materialhinweisen und weiterf\u00fchrenden Unterrichtsanregungen, die in den Schulen verbleiben und zur Inspiration, Wiederholung und Weiterentwicklung dienen k\u00f6nnen.<\/p>\n<p><img decoding=\"async\" class=\"aligncenter size-large wp-image-15750\" src=\"http:\/\/altgsgrebenstein.de\/wp-content\/uploads\/2023\/07\/202520060723-1-768x1024.jpeg\" alt=\"\" width=\"604\" height=\"805\" srcset=\"https:\/\/altgsgrebenstein.de\/wp-content\/uploads\/2023\/07\/202520060723-1-768x1024.jpeg 768w, https:\/\/altgsgrebenstein.de\/wp-content\/uploads\/2023\/07\/202520060723-1-225x300.jpeg 225w, https:\/\/altgsgrebenstein.de\/wp-content\/uploads\/2023\/07\/202520060723-1.jpeg 810w\" sizes=\"(max-width: 604px) 100vw, 604px\" \/><\/p>\n<p>Einige der Kisten konnten durch die finanzielle Unterst\u00fctzung des F\u00f6rdervereins Kindergarten und Grundschule Grebenstein e.V. realisiert werden. So wurden etwa Pausenspiele zum Thema M\u00fcll, Naturkunst im Schulgarten, ein Waldorchester-Wandertag, die Erstellung einer Black-Story-Kartensammlung zum Thema Umwelt sowie Upcycling-Musikinstrumente in einem kreativen Miteinander erprobt.<\/p>\n<p><img decoding=\"async\" class=\"aligncenter size-large wp-image-15751\" src=\"http:\/\/altgsgrebenstein.de\/wp-content\/uploads\/2023\/07\/202519060723-768x1024.jpeg\" alt=\"\" width=\"604\" height=\"805\" srcset=\"https:\/\/altgsgrebenstein.de\/wp-content\/uploads\/2023\/07\/202519060723-768x1024.jpeg 768w, https:\/\/altgsgrebenstein.de\/wp-content\/uploads\/2023\/07\/202519060723-225x300.jpeg 225w, https:\/\/altgsgrebenstein.de\/wp-content\/uploads\/2023\/07\/202519060723.jpeg 810w\" sizes=\"(max-width: 604px) 100vw, 604px\" \/><\/p>\n<p><img decoding=\"async\" class=\"aligncenter size-large wp-image-15752\" src=\"http:\/\/altgsgrebenstein.de\/wp-content\/uploads\/2023\/07\/202519060723-1-768x1024.jpeg\" alt=\"\" width=\"604\" height=\"805\" srcset=\"https:\/\/altgsgrebenstein.de\/wp-content\/uploads\/2023\/07\/202519060723-1-768x1024.jpeg 768w, https:\/\/altgsgrebenstein.de\/wp-content\/uploads\/2023\/07\/202519060723-1-225x300.jpeg 225w, https:\/\/altgsgrebenstein.de\/wp-content\/uploads\/2023\/07\/202519060723-1.jpeg 810w\" sizes=\"(max-width: 604px) 100vw, 604px\" \/><\/p>\n<p>Sch\u00fclerinnen und Sch\u00fcler, Studierende und Lehrende lernten auf diese Weise gemeinsam und praxisnah, wie sich \u00c4sthetische Bildung mit einer Bildung f\u00fcr Nachhaltige Entwicklung in Verbindung bringen l\u00e4sst und zogen eine positive Bilanz aus dieser f\u00fcr alle Seiten gewinnbringenden Kooperation.<\/p>\n<p>&nbsp;<\/p>\n<p><strong>\u00a0<\/strong><\/p>\n","protected":false},"excerpt":{"rendered":"<p>Wie lassen sich \u201eBildung f\u00fcr nachhaltige Entwicklung\u201c und \u201e\u00c4sthetische Bildung\u201c in der Schule in Verbindung bringen? Auf der Basis einer theoretischen Ann\u00e4herung an die Schnittmengen dieser beiden Bereiche entwickelten Lehramtsstudierende der Universit\u00e4t Kassel in einem Projektseminar unter Leitung von Dr. Karolin Schmitt-Weidmann im Sommersemester 2023 neue Ans\u00e4tze f\u00fcr die schulische Praxis. Hierzu wurden verschiedene Projektideen &hellip; <a href=\"https:\/\/altgsgrebenstein.de\/?p=15748\" class=\"more-link\"><span class=\"screen-reader-text\">Erfolgreiche Kooperationen zwischen Burgbergschule, HGS und Uni Kassel<\/span> weiterlesen <span class=\"meta-nav\">&rarr;<\/span><\/a><\/p>\n","protected":false},"author":28,"featured_media":0,"comment_status":"closed","ping_status":"closed","sticky":false,"template":"","format":"standard","meta":{"saved_in_kubio":false,"footnotes":""},"categories":[33,1],"tags":[],"class_list":["post-15748","post","type-post","status-publish","format-standard","hentry","category-archiv","category-uncategorized"],"_links":{"self":[{"href":"https:\/\/altgsgrebenstein.de\/index.php?rest_route=\/wp\/v2\/posts\/15748","targetHints":{"allow":["GET"]}}],"collection":[{"href":"https:\/\/altgsgrebenstein.de\/index.php?rest_route=\/wp\/v2\/posts"}],"about":[{"href":"https:\/\/altgsgrebenstein.de\/index.php?rest_route=\/wp\/v2\/types\/post"}],"author":[{"embeddable":true,"href":"https:\/\/altgsgrebenstein.de\/index.php?rest_route=\/wp\/v2\/users\/28"}],"replies":[{"embeddable":true,"href":"https:\/\/altgsgrebenstein.de\/index.php?rest_route=%2Fwp%2Fv2%2Fcomments&post=15748"}],"version-history":[{"count":1,"href":"https:\/\/altgsgrebenstein.de\/index.php?rest_route=\/wp\/v2\/posts\/15748\/revisions"}],"predecessor-version":[{"id":15753,"href":"https:\/\/altgsgrebenstein.de\/index.php?rest_route=\/wp\/v2\/posts\/15748\/revisions\/15753"}],"wp:attachment":[{"href":"https:\/\/altgsgrebenstein.de\/index.php?rest_route=%2Fwp%2Fv2%2Fmedia&parent=15748"}],"wp:term":[{"taxonomy":"category","embeddable":true,"href":"https:\/\/altgsgrebenstein.de\/index.php?rest_route=%2Fwp%2Fv2%2Fcategories&post=15748"},{"taxonomy":"post_tag","embeddable":true,"href":"https:\/\/altgsgrebenstein.de\/index.php?rest_route=%2Fwp%2Fv2%2Ftags&post=15748"}],"curies":[{"name":"wp","href":"https:\/\/api.w.org\/{rel}","templated":true}]}}