{"id":15742,"date":"2023-07-11T11:15:35","date_gmt":"2023-07-11T10:15:35","guid":{"rendered":"http:\/\/altgsgrebenstein.de\/?p=15742"},"modified":"2023-12-03T20:09:58","modified_gmt":"2023-12-03T19:09:58","slug":"abschlussfahrt-der-g10b-entspannte-tage-in-der-hauptstadt-tschechiens","status":"publish","type":"post","link":"https:\/\/altgsgrebenstein.de\/?p=15742","title":{"rendered":"Abschlussfahrt der G10b &#8211; Entspannte Tage in der Hauptstadt Tschechiens"},"content":{"rendered":"<p>Endlich wieder Klassenfahrten ohne Coronabeschr\u00e4nkungen! F\u00fcr die Sch\u00fclerinnen und Sch\u00fcler der Klasse G10b stand schnell fest, dass sie f\u00fcr ihre Abschlussfahrt ein besonderes Ziel haben m\u00f6chten. Schnell fiel die Entscheidung f\u00fcr Prag, das die Jugendlichen, begleitet von den Lehrkr\u00e4ften Christoph Kant und Susann Adam, Ende Juni 2023 besuchten.<\/p>\n<p><img decoding=\"async\" class=\"aligncenter size-large wp-image-15743\" src=\"http:\/\/altgsgrebenstein.de\/wp-content\/uploads\/2023\/07\/IMG_9797-1024x684.jpg\" alt=\"\" width=\"604\" height=\"403\" srcset=\"https:\/\/altgsgrebenstein.de\/wp-content\/uploads\/2023\/07\/IMG_9797-1024x684.jpg 1024w, https:\/\/altgsgrebenstein.de\/wp-content\/uploads\/2023\/07\/IMG_9797-300x200.jpg 300w, https:\/\/altgsgrebenstein.de\/wp-content\/uploads\/2023\/07\/IMG_9797-768x513.jpg 768w, https:\/\/altgsgrebenstein.de\/wp-content\/uploads\/2023\/07\/IMG_9797-1536x1025.jpg 1536w, https:\/\/altgsgrebenstein.de\/wp-content\/uploads\/2023\/07\/IMG_9797-2048x1367.jpg 2048w\" sizes=\"(max-width: 604px) 100vw, 604px\" \/><\/p>\n<p>Die Tage in der tschechischen Hauptstadt vergingen sehr schnell. Die KIasse logierte im Hotel Atos auf der Kleinseite und von dort aus waren nicht nur die meisten Sehensw\u00fcrdigkeiten fu\u00dfl\u00e4ufig erreichbar, sondern auch ein gro\u00dfes Shoppingcenter und verschiedene Superm\u00e4rkte. Zu den Programmpunkten geh\u00f6rten Stadtf\u00fchrung und Besuch der Prager Burg mit dem Goldenen G\u00e4sschen, eine Schifffahrt auf der Moldau und Museumsbesuche. Abends besuchte die Gruppe eine Auff\u00fchrung in einem Schwarzlichttheater.\u00a0 Auf den Besuch der Oper \u201eFigaros Hochzeit\u201c im historischen St\u00e4ndetheater hatten sich die Jugendlichen im Musikunterricht vorbereitet, allerdings unterschied sich die Inszenierung erheblich von den Erwartungen. Auf fliegende Fische auf der B\u00fchne war keiner vorbereitet.<\/p>\n<p><img decoding=\"async\" class=\"aligncenter size-large wp-image-15744\" src=\"http:\/\/altgsgrebenstein.de\/wp-content\/uploads\/2023\/07\/IMG_3289-1024x768.jpg\" alt=\"\" width=\"604\" height=\"453\" srcset=\"https:\/\/altgsgrebenstein.de\/wp-content\/uploads\/2023\/07\/IMG_3289-1024x768.jpg 1024w, https:\/\/altgsgrebenstein.de\/wp-content\/uploads\/2023\/07\/IMG_3289-300x225.jpg 300w, https:\/\/altgsgrebenstein.de\/wp-content\/uploads\/2023\/07\/IMG_3289-768x576.jpg 768w, https:\/\/altgsgrebenstein.de\/wp-content\/uploads\/2023\/07\/IMG_3289-1536x1152.jpg 1536w, https:\/\/altgsgrebenstein.de\/wp-content\/uploads\/2023\/07\/IMG_3289-2048x1536.jpg 2048w\" sizes=\"(max-width: 604px) 100vw, 604px\" \/><\/p>\n<p>Es gab jedoch nicht nur Kultur w\u00e4hrend der Fahrt, sondern auch ein klasseninternes Volleyballturnier mit Lehrer Christoph Kant. Und nat\u00fcrlich genossen die Jugendlichen neben Hamburgern im Hardrockcaf\u00e9 auch die Highlights der tschechischen K\u00fcche, wobei der Baumstriezel unangefochten an der Spitze der Beliebtheitsskala rangierte.<\/p>\n<p><img decoding=\"async\" class=\"aligncenter size-large wp-image-15745\" src=\"http:\/\/altgsgrebenstein.de\/wp-content\/uploads\/2023\/07\/IMG_3252-1024x768.jpg\" alt=\"\" width=\"604\" height=\"453\" srcset=\"https:\/\/altgsgrebenstein.de\/wp-content\/uploads\/2023\/07\/IMG_3252-1024x768.jpg 1024w, https:\/\/altgsgrebenstein.de\/wp-content\/uploads\/2023\/07\/IMG_3252-300x225.jpg 300w, https:\/\/altgsgrebenstein.de\/wp-content\/uploads\/2023\/07\/IMG_3252-768x576.jpg 768w, https:\/\/altgsgrebenstein.de\/wp-content\/uploads\/2023\/07\/IMG_3252-1536x1152.jpg 1536w, https:\/\/altgsgrebenstein.de\/wp-content\/uploads\/2023\/07\/IMG_3252-2048x1536.jpg 2048w\" sizes=\"(max-width: 604px) 100vw, 604px\" \/><\/p>\n<p>Die Atmosph\u00e4re innerhalb der Gruppe war entspannt. Die Sch\u00f6nheit Prags hinterlie\u00df bei jedem der jungen G\u00e4ste Eindruck. Nur die Bahnfahrten h\u00e4tten durchaus weniger stressig sein d\u00fcrfen!<\/p>\n<p><em>Susann Adam <\/em><\/p>\n","protected":false},"excerpt":{"rendered":"<p>Endlich wieder Klassenfahrten ohne Coronabeschr\u00e4nkungen! F\u00fcr die Sch\u00fclerinnen und Sch\u00fcler der Klasse G10b stand schnell fest, dass sie f\u00fcr ihre Abschlussfahrt ein besonderes Ziel haben m\u00f6chten. Schnell fiel die Entscheidung f\u00fcr Prag, das die Jugendlichen, begleitet von den Lehrkr\u00e4ften Christoph Kant und Susann Adam, Ende Juni 2023 besuchten. Die Tage in der tschechischen Hauptstadt vergingen &hellip; <a href=\"https:\/\/altgsgrebenstein.de\/?p=15742\" class=\"more-link\"><span class=\"screen-reader-text\">Abschlussfahrt der G10b &#8211; Entspannte Tage in der Hauptstadt Tschechiens<\/span> weiterlesen <span class=\"meta-nav\">&rarr;<\/span><\/a><\/p>\n","protected":false},"author":28,"featured_media":0,"comment_status":"closed","ping_status":"closed","sticky":false,"template":"","format":"standard","meta":{"saved_in_kubio":false,"footnotes":""},"categories":[33,42],"tags":[],"class_list":["post-15742","post","type-post","status-publish","format-standard","hentry","category-archiv","category-klassenfahrten"],"_links":{"self":[{"href":"https:\/\/altgsgrebenstein.de\/index.php?rest_route=\/wp\/v2\/posts\/15742","targetHints":{"allow":["GET"]}}],"collection":[{"href":"https:\/\/altgsgrebenstein.de\/index.php?rest_route=\/wp\/v2\/posts"}],"about":[{"href":"https:\/\/altgsgrebenstein.de\/index.php?rest_route=\/wp\/v2\/types\/post"}],"author":[{"embeddable":true,"href":"https:\/\/altgsgrebenstein.de\/index.php?rest_route=\/wp\/v2\/users\/28"}],"replies":[{"embeddable":true,"href":"https:\/\/altgsgrebenstein.de\/index.php?rest_route=%2Fwp%2Fv2%2Fcomments&post=15742"}],"version-history":[{"count":1,"href":"https:\/\/altgsgrebenstein.de\/index.php?rest_route=\/wp\/v2\/posts\/15742\/revisions"}],"predecessor-version":[{"id":15746,"href":"https:\/\/altgsgrebenstein.de\/index.php?rest_route=\/wp\/v2\/posts\/15742\/revisions\/15746"}],"wp:attachment":[{"href":"https:\/\/altgsgrebenstein.de\/index.php?rest_route=%2Fwp%2Fv2%2Fmedia&parent=15742"}],"wp:term":[{"taxonomy":"category","embeddable":true,"href":"https:\/\/altgsgrebenstein.de\/index.php?rest_route=%2Fwp%2Fv2%2Fcategories&post=15742"},{"taxonomy":"post_tag","embeddable":true,"href":"https:\/\/altgsgrebenstein.de\/index.php?rest_route=%2Fwp%2Fv2%2Ftags&post=15742"}],"curies":[{"name":"wp","href":"https:\/\/api.w.org\/{rel}","templated":true}]}}