{"id":15737,"date":"2023-07-11T06:40:00","date_gmt":"2023-07-11T05:40:00","guid":{"rendered":"http:\/\/altgsgrebenstein.de\/?p=15737"},"modified":"2023-12-03T20:09:58","modified_gmt":"2023-12-03T19:09:58","slug":"impres-psychische-gesundheit-und-schule","status":"publish","type":"post","link":"https:\/\/altgsgrebenstein.de\/?p=15737","title":{"rendered":"Impres \u2013 Psychische Gesundheit und Schule"},"content":{"rendered":"<p>Am 03.07. sowie am 06.07.2023 haben sich die Sch\u00fcler*innen der R9a und R9b mit dem Unterrichtsprogramm <strong>IMPRES<\/strong> (improving mental health literacy in children and adolescents to reduce stigma) auseinandergesetzt. Dabei ging es um die Thematisierung psychischer Erkrankungen, deren Stigmatisierung und Tabuisierung.<\/p>\n<p><img decoding=\"async\" class=\"aligncenter size-large wp-image-15738\" src=\"http:\/\/altgsgrebenstein.de\/wp-content\/uploads\/2023\/07\/IMG_20230710_130403-741x1024.jpg\" alt=\"\" width=\"604\" height=\"835\" srcset=\"https:\/\/altgsgrebenstein.de\/wp-content\/uploads\/2023\/07\/IMG_20230710_130403-741x1024.jpg 741w, https:\/\/altgsgrebenstein.de\/wp-content\/uploads\/2023\/07\/IMG_20230710_130403-217x300.jpg 217w, https:\/\/altgsgrebenstein.de\/wp-content\/uploads\/2023\/07\/IMG_20230710_130403-768x1062.jpg 768w, https:\/\/altgsgrebenstein.de\/wp-content\/uploads\/2023\/07\/IMG_20230710_130403-1111x1536.jpg 1111w, https:\/\/altgsgrebenstein.de\/wp-content\/uploads\/2023\/07\/IMG_20230710_130403-1482x2048.jpg 1482w, https:\/\/altgsgrebenstein.de\/wp-content\/uploads\/2023\/07\/IMG_20230710_130403-scaled.jpg 1852w\" sizes=\"(max-width: 604px) 100vw, 604px\" \/><\/p>\n<p>In diesem Kontext wurde auch \u00fcber Folgen f\u00fcr die emotionale, kognitive und soziale Gesundheit und Entwicklung, welche auch im Schulalltag \u2013 gerade nach der Corona-Pandemie zu sp\u00fcren ist, gesprochen.<\/p>\n<p>Die Sch\u00fcler*innen setzten sich in den zwei Tagen unteranderem mit den Fragen: Was ist eigentlich eine psychische St\u00f6rung und was nicht? Wie gehen wir uns in unserer Gesellschaft mit psychischen Erkrankungen um? Und worin liegt die Unterscheidung zwischen einem psychischen Problem, einer psychischen Erkrankung\/St\u00f6rung?<\/p>\n<p><img decoding=\"async\" class=\"aligncenter size-large wp-image-15739\" src=\"http:\/\/altgsgrebenstein.de\/wp-content\/uploads\/2023\/07\/IMG_20230710_130305-1024x671.jpg\" alt=\"\" width=\"604\" height=\"396\" srcset=\"https:\/\/altgsgrebenstein.de\/wp-content\/uploads\/2023\/07\/IMG_20230710_130305-1024x671.jpg 1024w, https:\/\/altgsgrebenstein.de\/wp-content\/uploads\/2023\/07\/IMG_20230710_130305-300x197.jpg 300w, https:\/\/altgsgrebenstein.de\/wp-content\/uploads\/2023\/07\/IMG_20230710_130305-768x503.jpg 768w, https:\/\/altgsgrebenstein.de\/wp-content\/uploads\/2023\/07\/IMG_20230710_130305-1536x1007.jpg 1536w, https:\/\/altgsgrebenstein.de\/wp-content\/uploads\/2023\/07\/IMG_20230710_130305-2048x1342.jpg 2048w\" sizes=\"(max-width: 604px) 100vw, 604px\" \/><\/p>\n<p>Daneben ging es ferner um Unterst\u00fctzungs-und Hilfsangebote, die Entwicklung von eigenen Strategien im Umgang mit Stress oder anderen Belastungssituationen. Die Sch\u00fcler*innen hatten dar\u00fcber hinaus die M\u00f6glichkeit offene Fragen zu kl\u00e4ren.<\/p>\n<p><img decoding=\"async\" class=\"aligncenter size-large wp-image-15740\" src=\"http:\/\/altgsgrebenstein.de\/wp-content\/uploads\/2023\/07\/IMG_20230703_121236-1024x768.jpg\" alt=\"\" width=\"604\" height=\"453\" srcset=\"https:\/\/altgsgrebenstein.de\/wp-content\/uploads\/2023\/07\/IMG_20230703_121236-1024x768.jpg 1024w, https:\/\/altgsgrebenstein.de\/wp-content\/uploads\/2023\/07\/IMG_20230703_121236-300x225.jpg 300w, https:\/\/altgsgrebenstein.de\/wp-content\/uploads\/2023\/07\/IMG_20230703_121236-768x576.jpg 768w, https:\/\/altgsgrebenstein.de\/wp-content\/uploads\/2023\/07\/IMG_20230703_121236-1536x1152.jpg 1536w, https:\/\/altgsgrebenstein.de\/wp-content\/uploads\/2023\/07\/IMG_20230703_121236-2048x1536.jpg 2048w\" sizes=\"(max-width: 604px) 100vw, 604px\" \/><\/p>\n<p>Durchgef\u00fchrt und geleitet wurden die zwei Workshop-Tage von den Schulpsychologinnen Frau Diehl und Frau Voloshin aus dem Staatlichen Schulamt Kassel.<\/p>\n<p>&nbsp;<\/p>\n","protected":false},"excerpt":{"rendered":"<p>Am 03.07. sowie am 06.07.2023 haben sich die Sch\u00fcler*innen der R9a und R9b mit dem Unterrichtsprogramm IMPRES (improving mental health literacy in children and adolescents to reduce stigma) auseinandergesetzt. Dabei ging es um die Thematisierung psychischer Erkrankungen, deren Stigmatisierung und Tabuisierung. In diesem Kontext wurde auch \u00fcber Folgen f\u00fcr die emotionale, kognitive und soziale Gesundheit &hellip; <a href=\"https:\/\/altgsgrebenstein.de\/?p=15737\" class=\"more-link\"><span class=\"screen-reader-text\">Impres \u2013 Psychische Gesundheit und Schule<\/span> weiterlesen <span class=\"meta-nav\">&rarr;<\/span><\/a><\/p>\n","protected":false},"author":28,"featured_media":0,"comment_status":"closed","ping_status":"closed","sticky":false,"template":"","format":"standard","meta":{"saved_in_kubio":false,"footnotes":""},"categories":[33,1],"tags":[],"class_list":["post-15737","post","type-post","status-publish","format-standard","hentry","category-archiv","category-uncategorized"],"_links":{"self":[{"href":"https:\/\/altgsgrebenstein.de\/index.php?rest_route=\/wp\/v2\/posts\/15737","targetHints":{"allow":["GET"]}}],"collection":[{"href":"https:\/\/altgsgrebenstein.de\/index.php?rest_route=\/wp\/v2\/posts"}],"about":[{"href":"https:\/\/altgsgrebenstein.de\/index.php?rest_route=\/wp\/v2\/types\/post"}],"author":[{"embeddable":true,"href":"https:\/\/altgsgrebenstein.de\/index.php?rest_route=\/wp\/v2\/users\/28"}],"replies":[{"embeddable":true,"href":"https:\/\/altgsgrebenstein.de\/index.php?rest_route=%2Fwp%2Fv2%2Fcomments&post=15737"}],"version-history":[{"count":1,"href":"https:\/\/altgsgrebenstein.de\/index.php?rest_route=\/wp\/v2\/posts\/15737\/revisions"}],"predecessor-version":[{"id":15741,"href":"https:\/\/altgsgrebenstein.de\/index.php?rest_route=\/wp\/v2\/posts\/15737\/revisions\/15741"}],"wp:attachment":[{"href":"https:\/\/altgsgrebenstein.de\/index.php?rest_route=%2Fwp%2Fv2%2Fmedia&parent=15737"}],"wp:term":[{"taxonomy":"category","embeddable":true,"href":"https:\/\/altgsgrebenstein.de\/index.php?rest_route=%2Fwp%2Fv2%2Fcategories&post=15737"},{"taxonomy":"post_tag","embeddable":true,"href":"https:\/\/altgsgrebenstein.de\/index.php?rest_route=%2Fwp%2Fv2%2Ftags&post=15737"}],"curies":[{"name":"wp","href":"https:\/\/api.w.org\/{rel}","templated":true}]}}