{"id":15727,"date":"2023-07-10T06:30:06","date_gmt":"2023-07-10T05:30:06","guid":{"rendered":"http:\/\/altgsgrebenstein.de\/?p=15727"},"modified":"2023-12-03T20:09:58","modified_gmt":"2023-12-03T19:09:58","slug":"viehmarkt-festumzug-2023","status":"publish","type":"post","link":"https:\/\/altgsgrebenstein.de\/?p=15727","title":{"rendered":"Viehmarkt Festumzug 2023"},"content":{"rendered":"<p>Trotz gro\u00dfer Hitze war der diesj\u00e4hrige Festumzug des Grebensteiner Viehmarktes, der sich am Sonntag um 14 Uhr in Bewegung setzte, gut besucht. Zahlreiche Menschen s\u00e4umten den Stra\u00dfenrand, um die vielen Laufgruppen und geschm\u00fcckten Wagen zu bejubeln, die in gewohnter Manier durch die Stra\u00dfen des Ortes zog. Auch die Heinrich-Grupe-Schule war unter dem Motto &#8222;HGS &#8211; Schule mit Vielfalt&#8220; vertreten. Mit einem Banner, erstellt im Kunstunterricht von Frau Schmidt sowie weiteren selbstgemalten Schildern zogen die Sch\u00fclerInnen und Lehrkr\u00e4fte mit.<\/p>\n<p><img decoding=\"async\" class=\"aligncenter wp-image-15728 size-large\" src=\"http:\/\/altgsgrebenstein.de\/wp-content\/uploads\/2023\/07\/Viehmarkt-2023-1-scaled-e1688966925799-1024x438.jpg\" alt=\"\" width=\"604\" height=\"258\" srcset=\"https:\/\/altgsgrebenstein.de\/wp-content\/uploads\/2023\/07\/Viehmarkt-2023-1-scaled-e1688966925799-1024x438.jpg 1024w, https:\/\/altgsgrebenstein.de\/wp-content\/uploads\/2023\/07\/Viehmarkt-2023-1-scaled-e1688966925799-300x128.jpg 300w, https:\/\/altgsgrebenstein.de\/wp-content\/uploads\/2023\/07\/Viehmarkt-2023-1-scaled-e1688966925799-768x328.jpg 768w, https:\/\/altgsgrebenstein.de\/wp-content\/uploads\/2023\/07\/Viehmarkt-2023-1-scaled-e1688966925799-1536x656.jpg 1536w, https:\/\/altgsgrebenstein.de\/wp-content\/uploads\/2023\/07\/Viehmarkt-2023-1-scaled-e1688966925799-2048x875.jpg 2048w\" sizes=\"(max-width: 604px) 100vw, 604px\" \/><\/p>\n<p>Regelm\u00e4\u00dfige Erfrischungen gab es durch eingerichtete Wasserstationen, mit denen die TeilnehmerInnen des Festumzuges in Form von kostenlosen Wasserflaschen den Temperaturen trotzen konnten.<\/p>\n<p>Ein besonderer Dank gilt an dieser Stelle den Sch\u00fclerInnen, die sich bereit erkl\u00e4rten, die HGS zu unterst\u00fctzen!<\/p>\n","protected":false},"excerpt":{"rendered":"<p>Trotz gro\u00dfer Hitze war der diesj\u00e4hrige Festumzug des Grebensteiner Viehmarktes, der sich am Sonntag um 14 Uhr in Bewegung setzte, gut besucht. Zahlreiche Menschen s\u00e4umten den Stra\u00dfenrand, um die vielen Laufgruppen und geschm\u00fcckten Wagen zu bejubeln, die in gewohnter Manier durch die Stra\u00dfen des Ortes zog. Auch die Heinrich-Grupe-Schule war unter dem Motto &#8222;HGS &#8211; &hellip; <a href=\"https:\/\/altgsgrebenstein.de\/?p=15727\" class=\"more-link\"><span class=\"screen-reader-text\">Viehmarkt Festumzug 2023<\/span> weiterlesen <span class=\"meta-nav\">&rarr;<\/span><\/a><\/p>\n","protected":false},"author":28,"featured_media":0,"comment_status":"closed","ping_status":"closed","sticky":false,"template":"","format":"standard","meta":{"saved_in_kubio":false,"footnotes":""},"categories":[33,1],"tags":[],"class_list":["post-15727","post","type-post","status-publish","format-standard","hentry","category-archiv","category-uncategorized"],"_links":{"self":[{"href":"https:\/\/altgsgrebenstein.de\/index.php?rest_route=\/wp\/v2\/posts\/15727","targetHints":{"allow":["GET"]}}],"collection":[{"href":"https:\/\/altgsgrebenstein.de\/index.php?rest_route=\/wp\/v2\/posts"}],"about":[{"href":"https:\/\/altgsgrebenstein.de\/index.php?rest_route=\/wp\/v2\/types\/post"}],"author":[{"embeddable":true,"href":"https:\/\/altgsgrebenstein.de\/index.php?rest_route=\/wp\/v2\/users\/28"}],"replies":[{"embeddable":true,"href":"https:\/\/altgsgrebenstein.de\/index.php?rest_route=%2Fwp%2Fv2%2Fcomments&post=15727"}],"version-history":[{"count":3,"href":"https:\/\/altgsgrebenstein.de\/index.php?rest_route=\/wp\/v2\/posts\/15727\/revisions"}],"predecessor-version":[{"id":15731,"href":"https:\/\/altgsgrebenstein.de\/index.php?rest_route=\/wp\/v2\/posts\/15727\/revisions\/15731"}],"wp:attachment":[{"href":"https:\/\/altgsgrebenstein.de\/index.php?rest_route=%2Fwp%2Fv2%2Fmedia&parent=15727"}],"wp:term":[{"taxonomy":"category","embeddable":true,"href":"https:\/\/altgsgrebenstein.de\/index.php?rest_route=%2Fwp%2Fv2%2Fcategories&post=15727"},{"taxonomy":"post_tag","embeddable":true,"href":"https:\/\/altgsgrebenstein.de\/index.php?rest_route=%2Fwp%2Fv2%2Ftags&post=15727"}],"curies":[{"name":"wp","href":"https:\/\/api.w.org\/{rel}","templated":true}]}}