{"id":15712,"date":"2023-07-06T19:35:48","date_gmt":"2023-07-06T18:35:48","guid":{"rendered":"http:\/\/altgsgrebenstein.de\/?p=15712"},"modified":"2023-12-03T20:09:58","modified_gmt":"2023-12-03T19:09:58","slug":"klassenfahrt-der-klassen-r8-nach-sylt","status":"publish","type":"post","link":"https:\/\/altgsgrebenstein.de\/?p=15712","title":{"rendered":"Klassenfahrt der Klassen R8 nach Sylt"},"content":{"rendered":"<p>Nach der langen Coronapause durften nun auch die Klassen R8a, R8b und R8c ihre langersehnte 8-t\u00e4gige Klassenfahrt nach Sylt antreten. Gemeinsam mit ihren Lehrerinnen und den Lehrern machten sie sich am 12. Juni mit dem Zug auf ihre Reise. Im Jugendseeheim angekommen wurden die Zimmer bezogen und anschlie\u00dfend der Strand aufgesucht, wo ein wundersch\u00f6ner Sonnenuntergang den Tag beendete.<\/p>\n<p><img decoding=\"async\" class=\"aligncenter wp-image-15713 size-large\" src=\"http:\/\/altgsgrebenstein.de\/wp-content\/uploads\/2023\/07\/Sunset-Sylt-e1688668514118-1024x614.jpg\" alt=\"\" width=\"604\" height=\"362\" srcset=\"https:\/\/altgsgrebenstein.de\/wp-content\/uploads\/2023\/07\/Sunset-Sylt-e1688668514118-1024x614.jpg 1024w, https:\/\/altgsgrebenstein.de\/wp-content\/uploads\/2023\/07\/Sunset-Sylt-e1688668514118-300x180.jpg 300w, https:\/\/altgsgrebenstein.de\/wp-content\/uploads\/2023\/07\/Sunset-Sylt-e1688668514118-768x461.jpg 768w, https:\/\/altgsgrebenstein.de\/wp-content\/uploads\/2023\/07\/Sunset-Sylt-e1688668514118.jpg 1152w\" sizes=\"(max-width: 604px) 100vw, 604px\" \/><\/p>\n<p>In den n\u00e4chsten Tagen standen diverse (Strand)Wanderungen auf dem Programm, ebenfalls der Besuch des Erlebniszentrums Naturgewalten und des Wattlabores, eine Inselrundfahrt und eine Schiffsfahrt zu den Seehundsb\u00e4nken. Der Hafen von List und die Stadt Westerland wurden ebenso ausgiebig erkundet.<\/p>\n<p><img decoding=\"async\" class=\"aligncenter size-large wp-image-15714\" src=\"http:\/\/altgsgrebenstein.de\/wp-content\/uploads\/2023\/07\/20230618_124235-1024x576.jpg\" alt=\"\" width=\"604\" height=\"340\" srcset=\"https:\/\/altgsgrebenstein.de\/wp-content\/uploads\/2023\/07\/20230618_124235-1024x576.jpg 1024w, https:\/\/altgsgrebenstein.de\/wp-content\/uploads\/2023\/07\/20230618_124235-300x169.jpg 300w, https:\/\/altgsgrebenstein.de\/wp-content\/uploads\/2023\/07\/20230618_124235-768x432.jpg 768w, https:\/\/altgsgrebenstein.de\/wp-content\/uploads\/2023\/07\/20230618_124235-1536x864.jpg 1536w, https:\/\/altgsgrebenstein.de\/wp-content\/uploads\/2023\/07\/20230618_124235-2048x1152.jpg 2048w\" sizes=\"(max-width: 604px) 100vw, 604px\" \/><\/p>\n<p>Nat\u00fcrlich durfte auch das Baden im Meer nicht zu kurz kommen und machte besonders viel Spa\u00df. Wer nicht schwimmen wollte, spielte\u00a0 Beachvolleyball oder entspannte einfach am Strand. Die anschlie\u00dfende Suche nach Wattw\u00fcrmern und Mr. Crabs im Watt war ebenfalls sehr lustig und vergn\u00fcglich.<\/p>\n<p><img decoding=\"async\" class=\"aligncenter size-large wp-image-15715\" src=\"http:\/\/altgsgrebenstein.de\/wp-content\/uploads\/2023\/07\/20230617_203309-1024x576.jpg\" alt=\"\" width=\"604\" height=\"340\" srcset=\"https:\/\/altgsgrebenstein.de\/wp-content\/uploads\/2023\/07\/20230617_203309-1024x576.jpg 1024w, https:\/\/altgsgrebenstein.de\/wp-content\/uploads\/2023\/07\/20230617_203309-300x169.jpg 300w, https:\/\/altgsgrebenstein.de\/wp-content\/uploads\/2023\/07\/20230617_203309-768x432.jpg 768w, https:\/\/altgsgrebenstein.de\/wp-content\/uploads\/2023\/07\/20230617_203309-1536x864.jpg 1536w, https:\/\/altgsgrebenstein.de\/wp-content\/uploads\/2023\/07\/20230617_203309-2048x1152.jpg 2048w\" sizes=\"(max-width: 604px) 100vw, 604px\" \/> <img decoding=\"async\" class=\"aligncenter size-large wp-image-15716\" src=\"http:\/\/altgsgrebenstein.de\/wp-content\/uploads\/2023\/07\/20230617_201558-1024x576.jpg\" alt=\"\" width=\"604\" height=\"340\" srcset=\"https:\/\/altgsgrebenstein.de\/wp-content\/uploads\/2023\/07\/20230617_201558-1024x576.jpg 1024w, https:\/\/altgsgrebenstein.de\/wp-content\/uploads\/2023\/07\/20230617_201558-300x169.jpg 300w, https:\/\/altgsgrebenstein.de\/wp-content\/uploads\/2023\/07\/20230617_201558-768x432.jpg 768w, https:\/\/altgsgrebenstein.de\/wp-content\/uploads\/2023\/07\/20230617_201558-1536x864.jpg 1536w, https:\/\/altgsgrebenstein.de\/wp-content\/uploads\/2023\/07\/20230617_201558-2048x1152.jpg 2048w\" sizes=\"(max-width: 604px) 100vw, 604px\" \/><\/p>\n<p>W\u00e4hrend der gesamten Klassenfahrt wurden diverse Sportaktivit\u00e4ten, wie der Fr\u00fchsport ab 6:30 Uhr und Abendsport zwischen 20:00 und 22:00 Uhr angeboten und sehr gerne angenommen.<\/p>\n<p>Am siebten Tag der Klassenfahrt musste nun der Abschied vom Meer genommen werden. Alle drei Klassen genossen gemeinsam am Strand nochmal den Sonnenuntergang und nutzten die Gelegenheit sch\u00f6ne Gruppenfotos zu machen.<\/p>\n<p><img decoding=\"async\" class=\"aligncenter size-large wp-image-15717\" src=\"http:\/\/altgsgrebenstein.de\/wp-content\/uploads\/2023\/07\/Sylt-Gruppe-1024x576.jpg\" alt=\"\" width=\"604\" height=\"340\" srcset=\"https:\/\/altgsgrebenstein.de\/wp-content\/uploads\/2023\/07\/Sylt-Gruppe-1024x576.jpg 1024w, https:\/\/altgsgrebenstein.de\/wp-content\/uploads\/2023\/07\/Sylt-Gruppe-300x169.jpg 300w, https:\/\/altgsgrebenstein.de\/wp-content\/uploads\/2023\/07\/Sylt-Gruppe-768x432.jpg 768w, https:\/\/altgsgrebenstein.de\/wp-content\/uploads\/2023\/07\/Sylt-Gruppe-1536x864.jpg 1536w, https:\/\/altgsgrebenstein.de\/wp-content\/uploads\/2023\/07\/Sylt-Gruppe-2048x1152.jpg 2048w\" sizes=\"(max-width: 604px) 100vw, 604px\" \/><\/p>\n<p>&nbsp;<\/p>\n","protected":false},"excerpt":{"rendered":"<p>Nach der langen Coronapause durften nun auch die Klassen R8a, R8b und R8c ihre langersehnte 8-t\u00e4gige Klassenfahrt nach Sylt antreten. Gemeinsam mit ihren Lehrerinnen und den Lehrern machten sie sich am 12. Juni mit dem Zug auf ihre Reise. Im Jugendseeheim angekommen wurden die Zimmer bezogen und anschlie\u00dfend der Strand aufgesucht, wo ein wundersch\u00f6ner Sonnenuntergang &hellip; <a href=\"https:\/\/altgsgrebenstein.de\/?p=15712\" class=\"more-link\"><span class=\"screen-reader-text\">Klassenfahrt der Klassen R8 nach Sylt<\/span> weiterlesen <span class=\"meta-nav\">&rarr;<\/span><\/a><\/p>\n","protected":false},"author":28,"featured_media":0,"comment_status":"closed","ping_status":"closed","sticky":false,"template":"","format":"standard","meta":{"saved_in_kubio":false,"footnotes":""},"categories":[33,1],"tags":[],"class_list":["post-15712","post","type-post","status-publish","format-standard","hentry","category-archiv","category-uncategorized"],"_links":{"self":[{"href":"https:\/\/altgsgrebenstein.de\/index.php?rest_route=\/wp\/v2\/posts\/15712","targetHints":{"allow":["GET"]}}],"collection":[{"href":"https:\/\/altgsgrebenstein.de\/index.php?rest_route=\/wp\/v2\/posts"}],"about":[{"href":"https:\/\/altgsgrebenstein.de\/index.php?rest_route=\/wp\/v2\/types\/post"}],"author":[{"embeddable":true,"href":"https:\/\/altgsgrebenstein.de\/index.php?rest_route=\/wp\/v2\/users\/28"}],"replies":[{"embeddable":true,"href":"https:\/\/altgsgrebenstein.de\/index.php?rest_route=%2Fwp%2Fv2%2Fcomments&post=15712"}],"version-history":[{"count":1,"href":"https:\/\/altgsgrebenstein.de\/index.php?rest_route=\/wp\/v2\/posts\/15712\/revisions"}],"predecessor-version":[{"id":15718,"href":"https:\/\/altgsgrebenstein.de\/index.php?rest_route=\/wp\/v2\/posts\/15712\/revisions\/15718"}],"wp:attachment":[{"href":"https:\/\/altgsgrebenstein.de\/index.php?rest_route=%2Fwp%2Fv2%2Fmedia&parent=15712"}],"wp:term":[{"taxonomy":"category","embeddable":true,"href":"https:\/\/altgsgrebenstein.de\/index.php?rest_route=%2Fwp%2Fv2%2Fcategories&post=15712"},{"taxonomy":"post_tag","embeddable":true,"href":"https:\/\/altgsgrebenstein.de\/index.php?rest_route=%2Fwp%2Fv2%2Ftags&post=15712"}],"curies":[{"name":"wp","href":"https:\/\/api.w.org\/{rel}","templated":true}]}}