{"id":15680,"date":"2023-06-28T22:52:25","date_gmt":"2023-06-28T21:52:25","guid":{"rendered":"http:\/\/altgsgrebenstein.de\/?p=15680"},"modified":"2023-12-03T20:09:58","modified_gmt":"2023-12-03T19:09:58","slug":"hmmm-was-duftet-denn-hier-so-lecker-latein-zum-anbeissen","status":"publish","type":"post","link":"https:\/\/altgsgrebenstein.de\/?p=15680","title":{"rendered":"\u201eHmmm, was duftet denn hier so lecker?!\u201c \u2013 Latein \u201ezum Anbei\u00dfen\u201c"},"content":{"rendered":"<table style=\"border-collapse: collapse; width: 99.1722%; height: 391px;\">\n<tbody>\n<tr style=\"height: 391px;\">\n<td style=\"width: 50%; height: 391px;\"><img decoding=\"async\" class=\"wp-image-15690 aligncenter\" src=\"http:\/\/altgsgrebenstein.de\/wp-content\/uploads\/2023\/06\/IMG-7248-225x300.jpg\" alt=\"\" width=\"282\" height=\"376\" srcset=\"https:\/\/altgsgrebenstein.de\/wp-content\/uploads\/2023\/06\/IMG-7248-225x300.jpg 225w, https:\/\/altgsgrebenstein.de\/wp-content\/uploads\/2023\/06\/IMG-7248-768x1024.jpg 768w, https:\/\/altgsgrebenstein.de\/wp-content\/uploads\/2023\/06\/IMG-7248-1152x1536.jpg 1152w, https:\/\/altgsgrebenstein.de\/wp-content\/uploads\/2023\/06\/IMG-7248-1536x2048.jpg 1536w, https:\/\/altgsgrebenstein.de\/wp-content\/uploads\/2023\/06\/IMG-7248-scaled.jpg 1920w\" sizes=\"(max-width: 282px) 100vw, 282px\" \/><\/td>\n<td style=\"width: 50%; height: 391px;\"><img decoding=\"async\" class=\"wp-image-15689 aligncenter\" src=\"http:\/\/altgsgrebenstein.de\/wp-content\/uploads\/2023\/06\/IMG-7249-225x300.jpg\" alt=\"\" width=\"280\" height=\"373\" srcset=\"https:\/\/altgsgrebenstein.de\/wp-content\/uploads\/2023\/06\/IMG-7249-225x300.jpg 225w, https:\/\/altgsgrebenstein.de\/wp-content\/uploads\/2023\/06\/IMG-7249-768x1024.jpg 768w, https:\/\/altgsgrebenstein.de\/wp-content\/uploads\/2023\/06\/IMG-7249-1152x1536.jpg 1152w, https:\/\/altgsgrebenstein.de\/wp-content\/uploads\/2023\/06\/IMG-7249-1536x2048.jpg 1536w, https:\/\/altgsgrebenstein.de\/wp-content\/uploads\/2023\/06\/IMG-7249-scaled.jpg 1920w\" sizes=\"(max-width: 280px) 100vw, 280px\" \/><\/td>\n<\/tr>\n<\/tbody>\n<\/table>\n<p style=\"text-align: justify;\">Zum Abschluss des Schuljahres erlebte der Lateinkurs der Jahrgangsstufe G9 im Rahmen eines Projekttages eine besondere Art des Lateinunterrichts: Anhand von \u00fcberlieferten Kochrezepten wagten sich die Lernenden an die Zubereitung von authentischen Speisen aus der R\u00f6merzeit. Arbeitsteilig entstand dabei in der Lehrk\u00fcche der Schule ein Drei-G\u00e4nge-Men\u00fc, f\u00fcr welches als Vorspeise zun\u00e4chst selbstgemachtes Fladenbrot sowie \u201eMoretum\u201c (eine Schafsk\u00e4se-Knoblauch-Kr\u00e4uterpaste) vorbereitet wurde. Auf diese Vorspeise folgte eine antike Form der Frikadelle (\u201eLucanicae\u201c), f\u00fcr deren Zubereitung unter anderem Pinienkerne, eine Vielzahl an Kr\u00e4utern und Fischsauce Verwendung fanden. Den Abschluss bildete als Dessert eine Pfirsich-Patina, wobei die Sauce durch Honig, Walnuss\u00f6l, Minze sowie verschiedene Kr\u00e4uter verfeinert wurde. \u201eDas ist wirklich au\u00dfergew\u00f6hnlich, echt schmackhaft!\u201c, lautete das pr\u00e4gnante Fazit von Jamil, Sch\u00fcler der G9b.<\/p>\n<table style=\"border-collapse: collapse; width: 100%;\">\n<tbody>\n<tr>\n<td style=\"width: 50%;\"><img decoding=\"async\" class=\" wp-image-15692 aligncenter\" src=\"http:\/\/altgsgrebenstein.de\/wp-content\/uploads\/2023\/06\/IMG-7257-1-225x300.jpg\" alt=\"\" width=\"249\" height=\"332\" srcset=\"https:\/\/altgsgrebenstein.de\/wp-content\/uploads\/2023\/06\/IMG-7257-1-225x300.jpg 225w, https:\/\/altgsgrebenstein.de\/wp-content\/uploads\/2023\/06\/IMG-7257-1-768x1024.jpg 768w, https:\/\/altgsgrebenstein.de\/wp-content\/uploads\/2023\/06\/IMG-7257-1-1152x1536.jpg 1152w, https:\/\/altgsgrebenstein.de\/wp-content\/uploads\/2023\/06\/IMG-7257-1-1536x2048.jpg 1536w, https:\/\/altgsgrebenstein.de\/wp-content\/uploads\/2023\/06\/IMG-7257-1-scaled.jpg 1920w\" sizes=\"(max-width: 249px) 100vw, 249px\" \/><\/td>\n<td style=\"width: 50%;\"><img decoding=\"async\" class=\" wp-image-15688 aligncenter\" src=\"http:\/\/altgsgrebenstein.de\/wp-content\/uploads\/2023\/06\/IMG-7254-225x300.jpg\" alt=\"\" width=\"255\" height=\"340\" srcset=\"https:\/\/altgsgrebenstein.de\/wp-content\/uploads\/2023\/06\/IMG-7254-225x300.jpg 225w, https:\/\/altgsgrebenstein.de\/wp-content\/uploads\/2023\/06\/IMG-7254-768x1024.jpg 768w, https:\/\/altgsgrebenstein.de\/wp-content\/uploads\/2023\/06\/IMG-7254-1152x1536.jpg 1152w, https:\/\/altgsgrebenstein.de\/wp-content\/uploads\/2023\/06\/IMG-7254-1536x2048.jpg 1536w, https:\/\/altgsgrebenstein.de\/wp-content\/uploads\/2023\/06\/IMG-7254-scaled.jpg 1920w\" sizes=\"(max-width: 255px) 100vw, 255px\" \/><\/td>\n<\/tr>\n<\/tbody>\n<\/table>\n<p style=\"text-align: justify;\">Zur Vorbereitung des Projekttages besch\u00e4ftigte sich der Lateinkurs zun\u00e4chst mit dem Rezeptbuch des r\u00f6mischen \u201eStarkochs\u201c Apicius und erkundete die r\u00f6mische Tischkultur. Aufger\u00e4umt wurde dabei u.a. mit dem Mythos, dass alle R\u00f6mer im Liegen gegessen und vorwiegend Wein getrunken haben. Der Lateinlehrer der Sch\u00fclergruppe, Herr Weidmann, zeigte sich sehr erfreut \u00fcber die engagierte Mitarbeit und das Interesse seiner Sch\u00fcler*innen an diesem Unterrichtsprojekt: \u201eGerade im altsprachlichen Unterricht ist es wichtig, den Sch\u00fcler*innen Br\u00fccken in die antike Welt zu bauen. Mit praxisbezogenen Unterrichtsprojekten machen wir diese spannende Epoche erfahrbar und tragen somit zur Horizonterweiterung der Sch\u00fcler*innen sowie zur Lebendigkeit dieser interessanten Kultur bei.\u201c Ein besonderer Dank gilt Herrn Lautze vom Fachbereich Arbeitslehre, der sich bereit erkl\u00e4rt hatte, das Projekt in der Lehrk\u00fcche tatkr\u00e4ftig zu unterst\u00fctzen.<\/p>\n<table style=\"border-collapse: collapse; width: 100%;\">\n<tbody>\n<tr>\n<td style=\"width: 57.4503%;\"><img decoding=\"async\" class=\"alignnone wp-image-15691\" src=\"http:\/\/altgsgrebenstein.de\/wp-content\/uploads\/2023\/06\/IMG-7246-1-300x225.jpg\" alt=\"\" width=\"347\" height=\"260\" srcset=\"https:\/\/altgsgrebenstein.de\/wp-content\/uploads\/2023\/06\/IMG-7246-1-300x225.jpg 300w, https:\/\/altgsgrebenstein.de\/wp-content\/uploads\/2023\/06\/IMG-7246-1-1024x768.jpg 1024w, https:\/\/altgsgrebenstein.de\/wp-content\/uploads\/2023\/06\/IMG-7246-1-768x576.jpg 768w, https:\/\/altgsgrebenstein.de\/wp-content\/uploads\/2023\/06\/IMG-7246-1-1536x1152.jpg 1536w, https:\/\/altgsgrebenstein.de\/wp-content\/uploads\/2023\/06\/IMG-7246-1-2048x1536.jpg 2048w\" sizes=\"(max-width: 347px) 100vw, 347px\" \/><\/td>\n<td style=\"width: 42.5497%;\"><img decoding=\"async\" class=\"size-medium wp-image-15693 aligncenter\" src=\"http:\/\/altgsgrebenstein.de\/wp-content\/uploads\/2023\/06\/IMG-7253-225x300.jpg\" alt=\"\" width=\"225\" height=\"300\" srcset=\"https:\/\/altgsgrebenstein.de\/wp-content\/uploads\/2023\/06\/IMG-7253-225x300.jpg 225w, https:\/\/altgsgrebenstein.de\/wp-content\/uploads\/2023\/06\/IMG-7253-768x1024.jpg 768w, https:\/\/altgsgrebenstein.de\/wp-content\/uploads\/2023\/06\/IMG-7253-1152x1536.jpg 1152w, https:\/\/altgsgrebenstein.de\/wp-content\/uploads\/2023\/06\/IMG-7253-1536x2048.jpg 1536w, https:\/\/altgsgrebenstein.de\/wp-content\/uploads\/2023\/06\/IMG-7253-scaled.jpg 1920w\" sizes=\"(max-width: 225px) 100vw, 225px\" \/><\/td>\n<\/tr>\n<\/tbody>\n<\/table>\n<p><em>Dirk Weidmann<\/em><\/p>\n","protected":false},"excerpt":{"rendered":"<p>Zum Abschluss des Schuljahres erlebte der Lateinkurs der Jahrgangsstufe G9 im Rahmen eines Projekttages eine besondere Art des Lateinunterrichts: Anhand von \u00fcberlieferten Kochrezepten wagten sich die Lernenden an die Zubereitung von authentischen Speisen aus der R\u00f6merzeit. Arbeitsteilig entstand dabei in der Lehrk\u00fcche der Schule ein Drei-G\u00e4nge-Men\u00fc, f\u00fcr welches als Vorspeise zun\u00e4chst selbstgemachtes Fladenbrot sowie \u201eMoretum\u201c &hellip; <a href=\"https:\/\/altgsgrebenstein.de\/?p=15680\" class=\"more-link\"><span class=\"screen-reader-text\">\u201eHmmm, was duftet denn hier so lecker?!\u201c \u2013 Latein \u201ezum Anbei\u00dfen\u201c<\/span> weiterlesen <span class=\"meta-nav\">&rarr;<\/span><\/a><\/p>\n","protected":false},"author":22,"featured_media":0,"comment_status":"closed","ping_status":"closed","sticky":false,"template":"","format":"standard","meta":{"saved_in_kubio":false,"footnotes":""},"categories":[33,1],"tags":[],"class_list":["post-15680","post","type-post","status-publish","format-standard","hentry","category-archiv","category-uncategorized"],"_links":{"self":[{"href":"https:\/\/altgsgrebenstein.de\/index.php?rest_route=\/wp\/v2\/posts\/15680","targetHints":{"allow":["GET"]}}],"collection":[{"href":"https:\/\/altgsgrebenstein.de\/index.php?rest_route=\/wp\/v2\/posts"}],"about":[{"href":"https:\/\/altgsgrebenstein.de\/index.php?rest_route=\/wp\/v2\/types\/post"}],"author":[{"embeddable":true,"href":"https:\/\/altgsgrebenstein.de\/index.php?rest_route=\/wp\/v2\/users\/22"}],"replies":[{"embeddable":true,"href":"https:\/\/altgsgrebenstein.de\/index.php?rest_route=%2Fwp%2Fv2%2Fcomments&post=15680"}],"version-history":[{"count":6,"href":"https:\/\/altgsgrebenstein.de\/index.php?rest_route=\/wp\/v2\/posts\/15680\/revisions"}],"predecessor-version":[{"id":15699,"href":"https:\/\/altgsgrebenstein.de\/index.php?rest_route=\/wp\/v2\/posts\/15680\/revisions\/15699"}],"wp:attachment":[{"href":"https:\/\/altgsgrebenstein.de\/index.php?rest_route=%2Fwp%2Fv2%2Fmedia&parent=15680"}],"wp:term":[{"taxonomy":"category","embeddable":true,"href":"https:\/\/altgsgrebenstein.de\/index.php?rest_route=%2Fwp%2Fv2%2Fcategories&post=15680"},{"taxonomy":"post_tag","embeddable":true,"href":"https:\/\/altgsgrebenstein.de\/index.php?rest_route=%2Fwp%2Fv2%2Ftags&post=15680"}],"curies":[{"name":"wp","href":"https:\/\/api.w.org\/{rel}","templated":true}]}}