{"id":15618,"date":"2023-05-31T08:11:34","date_gmt":"2023-05-31T07:11:34","guid":{"rendered":"http:\/\/altgsgrebenstein.de\/?p=15618"},"modified":"2023-12-03T20:08:47","modified_gmt":"2023-12-03T19:08:47","slug":"betriebserkundung-zum-muellheizkraftwerk-nach-kassel","status":"publish","type":"post","link":"https:\/\/altgsgrebenstein.de\/?p=15618","title":{"rendered":"Betriebserkundung zum M\u00fcllheizkraftwerk nach Kassel"},"content":{"rendered":"<p>Beeindruckende Einblicke in die thermische Verwertung von Abfall bekam die R8a am 23.05.2023 bei ihrer Betriebserkundung des M\u00fcllheizkraftwerks in Kassel.<\/p>\n<p><img decoding=\"async\" class=\"aligncenter size-large wp-image-15619\" src=\"http:\/\/altgsgrebenstein.de\/wp-content\/uploads\/2023\/05\/Leitstelle-1024x576.jpg\" alt=\"\" width=\"604\" height=\"340\" srcset=\"https:\/\/altgsgrebenstein.de\/wp-content\/uploads\/2023\/05\/Leitstelle-1024x576.jpg 1024w, https:\/\/altgsgrebenstein.de\/wp-content\/uploads\/2023\/05\/Leitstelle-300x169.jpg 300w, https:\/\/altgsgrebenstein.de\/wp-content\/uploads\/2023\/05\/Leitstelle-768x432.jpg 768w, https:\/\/altgsgrebenstein.de\/wp-content\/uploads\/2023\/05\/Leitstelle-1536x864.jpg 1536w, https:\/\/altgsgrebenstein.de\/wp-content\/uploads\/2023\/05\/Leitstelle-2048x1152.jpg 2048w\" sizes=\"(max-width: 604px) 100vw, 604px\" \/> <img decoding=\"async\" class=\"aligncenter size-large wp-image-15620\" src=\"http:\/\/altgsgrebenstein.de\/wp-content\/uploads\/2023\/05\/Kran-768x1024.jpg\" alt=\"\" width=\"604\" height=\"805\" srcset=\"https:\/\/altgsgrebenstein.de\/wp-content\/uploads\/2023\/05\/Kran-768x1024.jpg 768w, https:\/\/altgsgrebenstein.de\/wp-content\/uploads\/2023\/05\/Kran-225x300.jpg 225w, https:\/\/altgsgrebenstein.de\/wp-content\/uploads\/2023\/05\/Kran-1152x1536.jpg 1152w, https:\/\/altgsgrebenstein.de\/wp-content\/uploads\/2023\/05\/Kran-1536x2048.jpg 1536w, https:\/\/altgsgrebenstein.de\/wp-content\/uploads\/2023\/05\/Kran-scaled.jpg 1920w\" sizes=\"(max-width: 604px) 100vw, 604px\" \/><\/p>\n<p>&nbsp;<\/p>\n<p>Im Vorfeld der Erkundung erstellte die Klasse einen Fragenkatalog zu den verschiedensten Erkundungsaspekten. Hierzu z\u00e4hlten z.B. betriebswirtschaftliche, technische, soziale und nat\u00fcrlich \u00f6kologische Aspekte, die Herr Dreger (Diplom Ingenieur im mhkw) den Sch\u00fcler*innen in Theorie und Praxis n\u00e4herbrachte.<\/p>\n<p><img decoding=\"async\" class=\"aligncenter size-large wp-image-15621\" src=\"http:\/\/altgsgrebenstein.de\/wp-content\/uploads\/2023\/05\/Muellsumpf-768x1024.jpg\" alt=\"\" width=\"604\" height=\"805\" srcset=\"https:\/\/altgsgrebenstein.de\/wp-content\/uploads\/2023\/05\/Muellsumpf-768x1024.jpg 768w, https:\/\/altgsgrebenstein.de\/wp-content\/uploads\/2023\/05\/Muellsumpf-225x300.jpg 225w, https:\/\/altgsgrebenstein.de\/wp-content\/uploads\/2023\/05\/Muellsumpf-1152x1536.jpg 1152w, https:\/\/altgsgrebenstein.de\/wp-content\/uploads\/2023\/05\/Muellsumpf-1536x2048.jpg 1536w, https:\/\/altgsgrebenstein.de\/wp-content\/uploads\/2023\/05\/Muellsumpf-scaled.jpg 1920w\" sizes=\"(max-width: 604px) 100vw, 604px\" \/> <img decoding=\"async\" class=\"aligncenter size-large wp-image-15622\" src=\"http:\/\/altgsgrebenstein.de\/wp-content\/uploads\/2023\/05\/Kransteuerung-576x1024.jpg\" alt=\"\" width=\"576\" height=\"1024\" srcset=\"https:\/\/altgsgrebenstein.de\/wp-content\/uploads\/2023\/05\/Kransteuerung-576x1024.jpg 576w, https:\/\/altgsgrebenstein.de\/wp-content\/uploads\/2023\/05\/Kransteuerung-169x300.jpg 169w, https:\/\/altgsgrebenstein.de\/wp-content\/uploads\/2023\/05\/Kransteuerung-768x1365.jpg 768w, https:\/\/altgsgrebenstein.de\/wp-content\/uploads\/2023\/05\/Kransteuerung-864x1536.jpg 864w, https:\/\/altgsgrebenstein.de\/wp-content\/uploads\/2023\/05\/Kransteuerung-1152x2048.jpg 1152w, https:\/\/altgsgrebenstein.de\/wp-content\/uploads\/2023\/05\/Kransteuerung-scaled.jpg 1440w\" sizes=\"(max-width: 576px) 100vw, 576px\" \/><\/p>\n<p>Wem geh\u00f6rt das M\u00fcllheizkraftwerk? Welche Ausbildungsm\u00f6glichkeiten gibt es? Wieviel Umsatz macht das M\u00fchlheizkraftwerk? Wird der M\u00fcll getrennt? Ist die M\u00fcllverbrennung umweltsch\u00e4dlich? Dies waren nur wenige der vielen Fragen, die beantwortet werden wollten und beantwortet wurden.<\/p>\n<p><img decoding=\"async\" class=\"aligncenter size-large wp-image-15623\" src=\"http:\/\/altgsgrebenstein.de\/wp-content\/uploads\/2023\/05\/Gruppenfoto-1024x768.jpg\" alt=\"\" width=\"604\" height=\"453\" srcset=\"https:\/\/altgsgrebenstein.de\/wp-content\/uploads\/2023\/05\/Gruppenfoto-1024x768.jpg 1024w, https:\/\/altgsgrebenstein.de\/wp-content\/uploads\/2023\/05\/Gruppenfoto-300x225.jpg 300w, https:\/\/altgsgrebenstein.de\/wp-content\/uploads\/2023\/05\/Gruppenfoto-768x576.jpg 768w, https:\/\/altgsgrebenstein.de\/wp-content\/uploads\/2023\/05\/Gruppenfoto-1536x1152.jpg 1536w, https:\/\/altgsgrebenstein.de\/wp-content\/uploads\/2023\/05\/Gruppenfoto-2048x1536.jpg 2048w\" sizes=\"(max-width: 604px) 100vw, 604px\" \/><\/p>\n<p>S. Lackner<\/p>\n","protected":false},"excerpt":{"rendered":"<p>Beeindruckende Einblicke in die thermische Verwertung von Abfall bekam die R8a am 23.05.2023 bei ihrer Betriebserkundung des M\u00fcllheizkraftwerks in Kassel. &nbsp; Im Vorfeld der Erkundung erstellte die Klasse einen Fragenkatalog zu den verschiedensten Erkundungsaspekten. Hierzu z\u00e4hlten z.B. betriebswirtschaftliche, technische, soziale und nat\u00fcrlich \u00f6kologische Aspekte, die Herr Dreger (Diplom Ingenieur im mhkw) den Sch\u00fcler*innen in Theorie &hellip; <a href=\"https:\/\/altgsgrebenstein.de\/?p=15618\" class=\"more-link\"><span class=\"screen-reader-text\">Betriebserkundung zum M\u00fcllheizkraftwerk nach Kassel<\/span> weiterlesen <span class=\"meta-nav\">&rarr;<\/span><\/a><\/p>\n","protected":false},"author":28,"featured_media":0,"comment_status":"closed","ping_status":"closed","sticky":false,"template":"","format":"standard","meta":{"saved_in_kubio":false,"footnotes":""},"categories":[33,34],"tags":[],"class_list":["post-15618","post","type-post","status-publish","format-standard","hentry","category-archiv","category-berufsorientierung"],"_links":{"self":[{"href":"https:\/\/altgsgrebenstein.de\/index.php?rest_route=\/wp\/v2\/posts\/15618","targetHints":{"allow":["GET"]}}],"collection":[{"href":"https:\/\/altgsgrebenstein.de\/index.php?rest_route=\/wp\/v2\/posts"}],"about":[{"href":"https:\/\/altgsgrebenstein.de\/index.php?rest_route=\/wp\/v2\/types\/post"}],"author":[{"embeddable":true,"href":"https:\/\/altgsgrebenstein.de\/index.php?rest_route=\/wp\/v2\/users\/28"}],"replies":[{"embeddable":true,"href":"https:\/\/altgsgrebenstein.de\/index.php?rest_route=%2Fwp%2Fv2%2Fcomments&post=15618"}],"version-history":[{"count":1,"href":"https:\/\/altgsgrebenstein.de\/index.php?rest_route=\/wp\/v2\/posts\/15618\/revisions"}],"predecessor-version":[{"id":15624,"href":"https:\/\/altgsgrebenstein.de\/index.php?rest_route=\/wp\/v2\/posts\/15618\/revisions\/15624"}],"wp:attachment":[{"href":"https:\/\/altgsgrebenstein.de\/index.php?rest_route=%2Fwp%2Fv2%2Fmedia&parent=15618"}],"wp:term":[{"taxonomy":"category","embeddable":true,"href":"https:\/\/altgsgrebenstein.de\/index.php?rest_route=%2Fwp%2Fv2%2Fcategories&post=15618"},{"taxonomy":"post_tag","embeddable":true,"href":"https:\/\/altgsgrebenstein.de\/index.php?rest_route=%2Fwp%2Fv2%2Ftags&post=15618"}],"curies":[{"name":"wp","href":"https:\/\/api.w.org\/{rel}","templated":true}]}}