{"id":15541,"date":"2023-05-11T20:38:20","date_gmt":"2023-05-11T19:38:20","guid":{"rendered":"http:\/\/altgsgrebenstein.de\/?p=15541"},"modified":"2023-12-03T20:08:48","modified_gmt":"2023-12-03T19:08:48","slug":"azubi-talk-mit-airbus-helicopters","status":"publish","type":"post","link":"https:\/\/altgsgrebenstein.de\/?p=15541","title":{"rendered":"Azubi-Talk mit Airbus Helicopters"},"content":{"rendered":"<p><u>Berufsbilder: \u00a0<\/u><strong><br \/>\nIndustriemechaniker(-in)<br \/>\nZerspanungsmechaniker*in<br \/>\nFlugger\u00e4tmechaniker(-in)<\/strong><\/p>\n<p>Der erstmalige<strong> Azubi-Talk<\/strong> unter der Schirmherrschaft vom <strong>Haus der Arbeitgeberverb\u00e4nde Nordhessen<\/strong> (Mitgliedsfirmen von HESSENMETALL Nordhessen) war ein voller Erfolg. Ein interessantes Unternehmen aus der Region hat sich vorgestellt: <strong>AIRBUS Helicopters <\/strong>aus Calden, ehemals ZF Luftfahrttechnik.<br \/>\nInsgesamt haben sich 23 interessierte Sch\u00fcler*innen der G9a, G9b und R9b im Stuhlkreis in der Schulmensa der Heinrich-Grupe-Schule eingefunden.<\/p>\n<p><img decoding=\"async\" class=\"alignnone size-full wp-image-15542\" src=\"http:\/\/altgsgrebenstein.de\/wp-content\/uploads\/2023\/05\/Airbus-1.jpg\" alt=\"\" width=\"1210\" height=\"680\" srcset=\"https:\/\/altgsgrebenstein.de\/wp-content\/uploads\/2023\/05\/Airbus-1.jpg 1210w, https:\/\/altgsgrebenstein.de\/wp-content\/uploads\/2023\/05\/Airbus-1-300x169.jpg 300w, https:\/\/altgsgrebenstein.de\/wp-content\/uploads\/2023\/05\/Airbus-1-1024x575.jpg 1024w, https:\/\/altgsgrebenstein.de\/wp-content\/uploads\/2023\/05\/Airbus-1-768x432.jpg 768w\" sizes=\"(max-width: 1210px) 100vw, 1210px\" \/><\/p>\n<p>Herr Goder war mit drei Auszubildenden vor Ort, die sich gegenseitig \u201eden Ball zugeworfen\u201c haben \u2026 auch im Anschluss an die Vorstellung von Airbus Helicopters &#8211; bei der eigentlichen Fragerunde, dem Azubi-Talk.<br \/>\nAllerdings war die Informationsdichte so hoch, dass wir aus einer Schulstunde fast zwei gemacht haben. Zum Schluss haben sich viele der Sch\u00fcler*innen noch einmal um die mitgebrachten Exponate versammelt um dort die letzten Fragen zu stellen bzw. sich die Hubschraubertechnik erkl\u00e4ren zu lassen.<br \/>\nSpannend zu sehen war auch: Inhaltlich gingen die Fragen h\u00e4ufig von den M\u00e4dchen der G9 aus, die Jungs haben sich seltsamerweise etwas bedeckt gehalten. Die Bandbreite der dargebotenen Inhalte und Fragestellungen reichte von der Geschichte des Flugzeugbaus in Kassel (Henschel &amp; Fieseler Storch bis hin zu ZF und schlie\u00dflich zu Airbus), ging \u00fcber Unterschiede bei den einzelnen Berufsbildern bis hin zu Studienm\u00f6glichkeiten und potentiellen Auslandsaufenthalten im Rahmen der beruflichen Ausbildung und der Weiterbesch\u00e4ftigung.<\/p>\n<table style=\"border-collapse: collapse; width: 100%;\">\n<tbody>\n<tr>\n<td style=\"width: 50%;\"><img decoding=\"async\" class=\"alignnone size-full wp-image-15543\" src=\"http:\/\/altgsgrebenstein.de\/wp-content\/uploads\/2023\/05\/Airbus-2.jpg\" alt=\"\" width=\"806\" height=\"454\" srcset=\"https:\/\/altgsgrebenstein.de\/wp-content\/uploads\/2023\/05\/Airbus-2.jpg 806w, https:\/\/altgsgrebenstein.de\/wp-content\/uploads\/2023\/05\/Airbus-2-300x169.jpg 300w, https:\/\/altgsgrebenstein.de\/wp-content\/uploads\/2023\/05\/Airbus-2-768x433.jpg 768w\" sizes=\"(max-width: 806px) 100vw, 806px\" \/><\/td>\n<td style=\"width: 50%;\"><img decoding=\"async\" class=\"alignnone size-full wp-image-15544\" src=\"http:\/\/altgsgrebenstein.de\/wp-content\/uploads\/2023\/05\/Airbus-3.jpg\" alt=\"\" width=\"806\" height=\"454\" srcset=\"https:\/\/altgsgrebenstein.de\/wp-content\/uploads\/2023\/05\/Airbus-3.jpg 806w, https:\/\/altgsgrebenstein.de\/wp-content\/uploads\/2023\/05\/Airbus-3-300x169.jpg 300w, https:\/\/altgsgrebenstein.de\/wp-content\/uploads\/2023\/05\/Airbus-3-768x433.jpg 768w\" sizes=\"(max-width: 806px) 100vw, 806px\" \/><\/td>\n<\/tr>\n<\/tbody>\n<\/table>\n<p>Zu guter Letzt ging es noch um die evtl. vorhandene Leidenschaft f\u00fcr das Fliegen im Hobbybereich (Ultraleichtflug bis Segelflug), nachdem die Schwierigkeit des Hubschrauberfliegens an sich beschrieben wurde, u.a. als Antwort auf die Frage, ob man als Flugger\u00e4tmechaniker*in den Helikopter auch beruflich fliegen darf\/muss.<\/p>\n<p><img decoding=\"async\" class=\"alignnone size-full wp-image-15547\" src=\"http:\/\/altgsgrebenstein.de\/wp-content\/uploads\/2023\/05\/Azubi-1.jpg\" alt=\"\" width=\"1098\" height=\"516\" srcset=\"https:\/\/altgsgrebenstein.de\/wp-content\/uploads\/2023\/05\/Azubi-1.jpg 1098w, https:\/\/altgsgrebenstein.de\/wp-content\/uploads\/2023\/05\/Azubi-1-300x141.jpg 300w, https:\/\/altgsgrebenstein.de\/wp-content\/uploads\/2023\/05\/Azubi-1-1024x481.jpg 1024w, https:\/\/altgsgrebenstein.de\/wp-content\/uploads\/2023\/05\/Azubi-1-768x361.jpg 768w\" sizes=\"(max-width: 1098px) 100vw, 1098px\" \/><img decoding=\"async\" class=\"alignnone size-full wp-image-15548\" src=\"http:\/\/altgsgrebenstein.de\/wp-content\/uploads\/2023\/05\/Azubi-2.jpg\" alt=\"\" width=\"1097\" height=\"630\" srcset=\"https:\/\/altgsgrebenstein.de\/wp-content\/uploads\/2023\/05\/Azubi-2.jpg 1097w, https:\/\/altgsgrebenstein.de\/wp-content\/uploads\/2023\/05\/Azubi-2-300x172.jpg 300w, https:\/\/altgsgrebenstein.de\/wp-content\/uploads\/2023\/05\/Azubi-2-1024x588.jpg 1024w, https:\/\/altgsgrebenstein.de\/wp-content\/uploads\/2023\/05\/Azubi-2-768x441.jpg 768w\" sizes=\"(max-width: 1097px) 100vw, 1097px\" \/><\/p>\n<p>Interessant war die Breite der schulischen\/beruflichen Vorbildung der Azubis: vom Hauptschulabschluss und sehr viel Herzblut und Motivation zum Schrauben bis hin zum Abitur mit Studienabbruch im Flugzeugsbau und nun mit neuer Perspektive in der Helikoptersparte. An dieser Stelle h\u00f6rten die Sch\u00fclerinnen und Sch\u00fcler besonders genau hin. Den Unterschied macht dann eben doch, von wem die Informationen kommen &#8211; hier eben aus erster Hand, von den Azubis selbst. DAS kommt an!<br \/>\nSomit haben wir p\u00fcnktlich um 10.00 Uhr begonnen, um 11.25 Uhr \u201ehatten wir fertig\u201c!<\/p>\n<p><strong>Hintergrund zum Unternehmen<br \/>\n<\/strong>Die Airbus Helicopters GmbH hat am Standort Calden derzeit ca. 500 Mitarbeitende, von denen ca. 21 Auszubildende verteilt auf drei Ausbildungsjahre sind. Am Standort Calden werden derzeit drei Ausbildungsberufe (m\/w\/d) ausgebildet: Industrie- und Zerspanungsmechaniker sowie ab September 2023 auch neu der Oberfl\u00e4chenbeschichter.<br \/>\nDie Kernkompetenz liegt in der Entwicklung sowie in der Fertigung von Hubschraubergetrieben (Haupt-, Zwischen- und Heckgetrieben). Im Zivilbereich wurden und werden Getriebe f\u00fcr die Hubschrauber Typen Bo 105 und H135\/ BK117 hergestellt. Die Wartung und Instandhaltung der genannten Getriebe erfolgt f\u00fcr diverse Kunden.<br \/>\nAu\u00dferdem werden unterschiedlichste Komponenten f\u00fcr diverse Hubschrauber Typen (CH53, MK88 Sea Lynx, MK41 Sea King und andere) der Bundeswehr bei uns instandgesetzt und grund\u00fcberholt.<br \/>\nEin weiterer Firmenstandort von Airbus Helicopters ist in Donauw\u00f6rth in S\u00fcddeutschland.<\/p>\n<p><em>Jochen Feuring (BO-Schulkoordinator)<\/em><\/p>\n","protected":false},"excerpt":{"rendered":"<p>Berufsbilder: \u00a0 Industriemechaniker(-in) Zerspanungsmechaniker*in Flugger\u00e4tmechaniker(-in) Der erstmalige Azubi-Talk unter der Schirmherrschaft vom Haus der Arbeitgeberverb\u00e4nde Nordhessen (Mitgliedsfirmen von HESSENMETALL Nordhessen) war ein voller Erfolg. Ein interessantes Unternehmen aus der Region hat sich vorgestellt: AIRBUS Helicopters aus Calden, ehemals ZF Luftfahrttechnik. Insgesamt haben sich 23 interessierte Sch\u00fcler*innen der G9a, G9b und R9b im Stuhlkreis in der &hellip; <a href=\"https:\/\/altgsgrebenstein.de\/?p=15541\" class=\"more-link\"><span class=\"screen-reader-text\">Azubi-Talk mit Airbus Helicopters<\/span> weiterlesen <span class=\"meta-nav\">&rarr;<\/span><\/a><\/p>\n","protected":false},"author":10,"featured_media":0,"comment_status":"closed","ping_status":"closed","sticky":false,"template":"","format":"standard","meta":{"saved_in_kubio":false,"footnotes":""},"categories":[33,34],"tags":[],"class_list":["post-15541","post","type-post","status-publish","format-standard","hentry","category-archiv","category-berufsorientierung"],"_links":{"self":[{"href":"https:\/\/altgsgrebenstein.de\/index.php?rest_route=\/wp\/v2\/posts\/15541","targetHints":{"allow":["GET"]}}],"collection":[{"href":"https:\/\/altgsgrebenstein.de\/index.php?rest_route=\/wp\/v2\/posts"}],"about":[{"href":"https:\/\/altgsgrebenstein.de\/index.php?rest_route=\/wp\/v2\/types\/post"}],"author":[{"embeddable":true,"href":"https:\/\/altgsgrebenstein.de\/index.php?rest_route=\/wp\/v2\/users\/10"}],"replies":[{"embeddable":true,"href":"https:\/\/altgsgrebenstein.de\/index.php?rest_route=%2Fwp%2Fv2%2Fcomments&post=15541"}],"version-history":[{"count":3,"href":"https:\/\/altgsgrebenstein.de\/index.php?rest_route=\/wp\/v2\/posts\/15541\/revisions"}],"predecessor-version":[{"id":15549,"href":"https:\/\/altgsgrebenstein.de\/index.php?rest_route=\/wp\/v2\/posts\/15541\/revisions\/15549"}],"wp:attachment":[{"href":"https:\/\/altgsgrebenstein.de\/index.php?rest_route=%2Fwp%2Fv2%2Fmedia&parent=15541"}],"wp:term":[{"taxonomy":"category","embeddable":true,"href":"https:\/\/altgsgrebenstein.de\/index.php?rest_route=%2Fwp%2Fv2%2Fcategories&post=15541"},{"taxonomy":"post_tag","embeddable":true,"href":"https:\/\/altgsgrebenstein.de\/index.php?rest_route=%2Fwp%2Fv2%2Ftags&post=15541"}],"curies":[{"name":"wp","href":"https:\/\/api.w.org\/{rel}","templated":true}]}}