{"id":15529,"date":"2023-05-10T19:34:08","date_gmt":"2023-05-10T18:34:08","guid":{"rendered":"http:\/\/altgsgrebenstein.de\/?p=15529"},"modified":"2023-12-03T20:08:48","modified_gmt":"2023-12-03T19:08:48","slug":"cafe-beruf-zeit-fuer-fragen-und-persoenliche-gespraeche","status":"publish","type":"post","link":"https:\/\/altgsgrebenstein.de\/?p=15529","title":{"rendered":"Caf\u00e9 Beruf- Zeit f\u00fcr Fragen und pers\u00f6nliche Gespr\u00e4che"},"content":{"rendered":"<p style=\"font-weight: 400;\">Am Dienstag, dem 09.05.2023, fand von 16-18 Uhr das Caf\u00e9 Beruf in der Neuen Aula statt.<\/p>\n<p><img decoding=\"async\" class=\"alignnone size-medium wp-image-15535\" src=\"http:\/\/altgsgrebenstein.de\/wp-content\/uploads\/2023\/05\/1bcc0ddf-4de0-4fe4-a952-16a7417dddcf-225x300.jpeg\" alt=\"\" width=\"225\" height=\"300\" srcset=\"https:\/\/altgsgrebenstein.de\/wp-content\/uploads\/2023\/05\/1bcc0ddf-4de0-4fe4-a952-16a7417dddcf-225x300.jpeg 225w, https:\/\/altgsgrebenstein.de\/wp-content\/uploads\/2023\/05\/1bcc0ddf-4de0-4fe4-a952-16a7417dddcf.jpeg 768w\" sizes=\"(max-width: 225px) 100vw, 225px\" \/><\/p>\n<p style=\"font-weight: 400;\">Herzlich eingeladen zu der Veranstaltung, die der Berufsorientierung dienen soll, \u00a0waren die Sch\u00fclerinnen und Sch\u00fcler der Klassen G 8 und G9 mit ihren Eltern. Au\u00dferdem waren die Institutionen Volunta (Freiwilligendienste), Herwig-Blankertz-Schule Hofgeismar (Pflege und soziale Berufe), Finanzamt Kassel, Stadtsparkasse Grebenstein und die Kreishandwerkerschaft Hofgeismar (handwerkliche Berufe) anwesend.<\/p>\n<p><img decoding=\"async\" class=\"alignnone size-medium wp-image-15536\" src=\"http:\/\/altgsgrebenstein.de\/wp-content\/uploads\/2023\/05\/2017c76b-b212-4a6b-a2cf-88bdd6b7a9d8-225x300.jpeg\" alt=\"\" width=\"225\" height=\"300\" srcset=\"https:\/\/altgsgrebenstein.de\/wp-content\/uploads\/2023\/05\/2017c76b-b212-4a6b-a2cf-88bdd6b7a9d8-225x300.jpeg 225w, https:\/\/altgsgrebenstein.de\/wp-content\/uploads\/2023\/05\/2017c76b-b212-4a6b-a2cf-88bdd6b7a9d8.jpeg 768w\" sizes=\"(max-width: 225px) 100vw, 225px\" \/>\u00a0 \u00a0 \u00a0 \u00a0 \u00a0 \u00a0 \u00a0 \u00a0 \u00a0 \u00a0 \u00a0 \u00a0 <img decoding=\"async\" class=\"alignnone size-medium wp-image-15531\" src=\"http:\/\/altgsgrebenstein.de\/wp-content\/uploads\/2023\/05\/IMG_8853-225x300.jpeg\" alt=\"\" width=\"225\" height=\"300\" srcset=\"https:\/\/altgsgrebenstein.de\/wp-content\/uploads\/2023\/05\/IMG_8853-225x300.jpeg 225w, https:\/\/altgsgrebenstein.de\/wp-content\/uploads\/2023\/05\/IMG_8853-768x1024.jpeg 768w, https:\/\/altgsgrebenstein.de\/wp-content\/uploads\/2023\/05\/IMG_8853-1152x1536.jpeg 1152w, https:\/\/altgsgrebenstein.de\/wp-content\/uploads\/2023\/05\/IMG_8853-1536x2048.jpeg 1536w, https:\/\/altgsgrebenstein.de\/wp-content\/uploads\/2023\/05\/IMG_8853-scaled.jpeg 1920w\" sizes=\"(max-width: 225px) 100vw, 225px\" \/><\/p>\n<p style=\"font-weight: 400;\">Um 16:00 Uhr trafen sich alle Teilnehmenden in der neuen Aula. Dort begr\u00fc\u00dfte Nina Gilfert, die gemeinsam mit Anna Meise diese Veranstaltung koordiniert, die Anwesenden und erkl\u00e4rte kurz den Ablauf des Nachmittags. Anschlie\u00dfend stellten sich die einzelnen Institutionen vor und dann ging es f\u00fcr die Sch\u00fclerinnen und Sch\u00fcler in den ersten 30- min\u00fctigen Workshop, der ihnen verschiedene Berufe, Inhalte der Ausbildung, aber auch praktische Einblicke in die Berufsfelder gab. Im Voraus hatten sich alle anwesenden Sch\u00fclerinnen und Sch\u00fcler nach Interesse in die Workshops eingew\u00e4hlt. Nachdem der erste Workshop beendet war, gab es eine etwa 30- min\u00fctige Pause, in der es in der neuen Aula Kaffee und Kuchen, aber auch die Zeit f\u00fcr Fragen und pers\u00f6nliche Gespr\u00e4che \u00fcber berufliche Perspektiven gab. Nach dem zweiten Workshop kamen alle in der neuen Aula zusammen und die Betriebe gaben ein kurzes Feedback. Alle lobten das Interesse der Sch\u00fclerinnen und Sch\u00fcler und ermunterten sie, weiterhin ihre berufliche Zukunft aktiv mitzugestalten.<\/p>\n<p><img decoding=\"async\" class=\"alignnone size-medium wp-image-15532\" src=\"http:\/\/altgsgrebenstein.de\/wp-content\/uploads\/2023\/05\/IMG_8854-225x300.jpeg\" alt=\"\" width=\"225\" height=\"300\" srcset=\"https:\/\/altgsgrebenstein.de\/wp-content\/uploads\/2023\/05\/IMG_8854-225x300.jpeg 225w, https:\/\/altgsgrebenstein.de\/wp-content\/uploads\/2023\/05\/IMG_8854-768x1024.jpeg 768w, https:\/\/altgsgrebenstein.de\/wp-content\/uploads\/2023\/05\/IMG_8854-1152x1536.jpeg 1152w, https:\/\/altgsgrebenstein.de\/wp-content\/uploads\/2023\/05\/IMG_8854-1536x2048.jpeg 1536w, https:\/\/altgsgrebenstein.de\/wp-content\/uploads\/2023\/05\/IMG_8854-scaled.jpeg 1920w\" sizes=\"(max-width: 225px) 100vw, 225px\" \/>\u00a0 \u00a0 \u00a0 \u00a0 \u00a0 \u00a0 \u00a0 \u00a0 \u00a0 \u00a0 \u00a0 <img decoding=\"async\" class=\"alignnone size-medium wp-image-15533\" src=\"http:\/\/altgsgrebenstein.de\/wp-content\/uploads\/2023\/05\/IMG_8855-225x300.jpeg\" alt=\"\" width=\"225\" height=\"300\" srcset=\"https:\/\/altgsgrebenstein.de\/wp-content\/uploads\/2023\/05\/IMG_8855-225x300.jpeg 225w, https:\/\/altgsgrebenstein.de\/wp-content\/uploads\/2023\/05\/IMG_8855-768x1024.jpeg 768w, https:\/\/altgsgrebenstein.de\/wp-content\/uploads\/2023\/05\/IMG_8855-1152x1536.jpeg 1152w, https:\/\/altgsgrebenstein.de\/wp-content\/uploads\/2023\/05\/IMG_8855-1536x2048.jpeg 1536w, https:\/\/altgsgrebenstein.de\/wp-content\/uploads\/2023\/05\/IMG_8855-scaled.jpeg 1920w\" sizes=\"(max-width: 225px) 100vw, 225px\" \/><\/p>\n<p style=\"font-weight: 400;\">Auch die R\u00fcckmeldungen aus der Eltern- und Sch\u00fclerschaft waren sehr positiv, da man viele hilfreiche Informationen erhalten und vor allem die M\u00f6glichkeit zu einem pers\u00f6nlichen Kontakt mit dem Mitarbeiterinnen und Mitarbeitern der verschiedenen Institutionen erhalten habe. F\u00fcr zuk\u00fcnftige Veranstaltungen w\u00fcnschten sich einige Sch\u00fclerinnen und Sch\u00fcler mehr Zeit f\u00fcr die Workshops und einen noch gr\u00f6\u00dferen praktischen Anteil.<\/p>\n<p style=\"font-weight: 400;\">Mal wieder hat sich gezeigt, dass das Caf\u00e9 Beruf ein sehr wichtiger und gewinnbringender Bestandteil der Berufsorientierung an der Heinrich-Gruppe Schule ist.<\/p>\n<p style=\"font-weight: 400;\"><img decoding=\"async\" class=\"alignnone size-medium wp-image-15530\" src=\"http:\/\/altgsgrebenstein.de\/wp-content\/uploads\/2023\/05\/IMG_8851-225x300.jpeg\" alt=\"\" width=\"225\" height=\"300\" srcset=\"https:\/\/altgsgrebenstein.de\/wp-content\/uploads\/2023\/05\/IMG_8851-225x300.jpeg 225w, https:\/\/altgsgrebenstein.de\/wp-content\/uploads\/2023\/05\/IMG_8851-768x1024.jpeg 768w, https:\/\/altgsgrebenstein.de\/wp-content\/uploads\/2023\/05\/IMG_8851-1152x1536.jpeg 1152w, https:\/\/altgsgrebenstein.de\/wp-content\/uploads\/2023\/05\/IMG_8851-1536x2048.jpeg 1536w, https:\/\/altgsgrebenstein.de\/wp-content\/uploads\/2023\/05\/IMG_8851-scaled.jpeg 1920w\" sizes=\"(max-width: 225px) 100vw, 225px\" \/>\u00a0 \u00a0 \u00a0 <img decoding=\"async\" class=\"alignnone size-medium wp-image-15534\" src=\"http:\/\/altgsgrebenstein.de\/wp-content\/uploads\/2023\/05\/1c55f5a7-d37e-41dd-93bf-fa2f2b154971-300x196.jpeg\" alt=\"\" width=\"300\" height=\"196\" srcset=\"https:\/\/altgsgrebenstein.de\/wp-content\/uploads\/2023\/05\/1c55f5a7-d37e-41dd-93bf-fa2f2b154971-300x196.jpeg 300w, https:\/\/altgsgrebenstein.de\/wp-content\/uploads\/2023\/05\/1c55f5a7-d37e-41dd-93bf-fa2f2b154971-1024x668.jpeg 1024w, https:\/\/altgsgrebenstein.de\/wp-content\/uploads\/2023\/05\/1c55f5a7-d37e-41dd-93bf-fa2f2b154971-768x501.jpeg 768w, https:\/\/altgsgrebenstein.de\/wp-content\/uploads\/2023\/05\/1c55f5a7-d37e-41dd-93bf-fa2f2b154971-1536x1001.jpeg 1536w, https:\/\/altgsgrebenstein.de\/wp-content\/uploads\/2023\/05\/1c55f5a7-d37e-41dd-93bf-fa2f2b154971.jpeg 1600w\" sizes=\"(max-width: 300px) 100vw, 300px\" \/><\/p>\n<p style=\"font-weight: 400;\">Sarah Dwyhi &amp; Annika Faupel (G6a)<\/p>\n","protected":false},"excerpt":{"rendered":"<p>Am Dienstag, dem 09.05.2023, fand von 16-18 Uhr das Caf\u00e9 Beruf in der Neuen Aula statt. Herzlich eingeladen zu der Veranstaltung, die der Berufsorientierung dienen soll, \u00a0waren die Sch\u00fclerinnen und Sch\u00fcler der Klassen G 8 und G9 mit ihren Eltern. Au\u00dferdem waren die Institutionen Volunta (Freiwilligendienste), Herwig-Blankertz-Schule Hofgeismar (Pflege und soziale Berufe), Finanzamt Kassel, Stadtsparkasse &hellip; <a href=\"https:\/\/altgsgrebenstein.de\/?p=15529\" class=\"more-link\"><span class=\"screen-reader-text\">Caf\u00e9 Beruf- Zeit f\u00fcr Fragen und pers\u00f6nliche Gespr\u00e4che<\/span> weiterlesen <span class=\"meta-nav\">&rarr;<\/span><\/a><\/p>\n","protected":false},"author":38,"featured_media":0,"comment_status":"closed","ping_status":"closed","sticky":false,"template":"","format":"standard","meta":{"saved_in_kubio":false,"footnotes":""},"categories":[33,36],"tags":[],"class_list":["post-15529","post","type-post","status-publish","format-standard","hentry","category-archiv","category-cafe-beruf"],"_links":{"self":[{"href":"https:\/\/altgsgrebenstein.de\/index.php?rest_route=\/wp\/v2\/posts\/15529","targetHints":{"allow":["GET"]}}],"collection":[{"href":"https:\/\/altgsgrebenstein.de\/index.php?rest_route=\/wp\/v2\/posts"}],"about":[{"href":"https:\/\/altgsgrebenstein.de\/index.php?rest_route=\/wp\/v2\/types\/post"}],"author":[{"embeddable":true,"href":"https:\/\/altgsgrebenstein.de\/index.php?rest_route=\/wp\/v2\/users\/38"}],"replies":[{"embeddable":true,"href":"https:\/\/altgsgrebenstein.de\/index.php?rest_route=%2Fwp%2Fv2%2Fcomments&post=15529"}],"version-history":[{"count":3,"href":"https:\/\/altgsgrebenstein.de\/index.php?rest_route=\/wp\/v2\/posts\/15529\/revisions"}],"predecessor-version":[{"id":15539,"href":"https:\/\/altgsgrebenstein.de\/index.php?rest_route=\/wp\/v2\/posts\/15529\/revisions\/15539"}],"wp:attachment":[{"href":"https:\/\/altgsgrebenstein.de\/index.php?rest_route=%2Fwp%2Fv2%2Fmedia&parent=15529"}],"wp:term":[{"taxonomy":"category","embeddable":true,"href":"https:\/\/altgsgrebenstein.de\/index.php?rest_route=%2Fwp%2Fv2%2Fcategories&post=15529"},{"taxonomy":"post_tag","embeddable":true,"href":"https:\/\/altgsgrebenstein.de\/index.php?rest_route=%2Fwp%2Fv2%2Ftags&post=15529"}],"curies":[{"name":"wp","href":"https:\/\/api.w.org\/{rel}","templated":true}]}}