{"id":15509,"date":"2023-05-03T20:02:21","date_gmt":"2023-05-03T19:02:21","guid":{"rendered":"http:\/\/altgsgrebenstein.de\/?p=15509"},"modified":"2023-12-03T20:08:48","modified_gmt":"2023-12-03T19:08:48","slug":"boys-girls-day-zukunftstag-2023-an-der-h","status":"publish","type":"post","link":"https:\/\/altgsgrebenstein.de\/?p=15509","title":{"rendered":"Boys\u00b4 &#038; Girls\u00b4 Day \/ Zukunftstag 2023 an der HGS"},"content":{"rendered":"<p><strong>Grebenstein. <\/strong>W\u00e4hrend der gesamte 7. Jahrgang und weitere freiwillige Sch\u00fclerinnen und Sch\u00fcler aus den Jahrg\u00e4ngen 8 und 9 der Heinrich-Grupe-Schule am 27. April 2023 Eindr\u00fccke in selbst ausgew\u00e4hlten Betrieben sammeln konnten, bot die Schule allen anderen ein vielf\u00e4ltiges Angebot am diesj\u00e4hrigen Zukunftstag. Organisiert von Frau Meise und unterst\u00fctzt von zahlreichen engagierten Lehrkr\u00e4ften wurden sowohl Workshops im Innen- und Au\u00dfenbereich als auch Exkursionen au\u00dferhalb der Schule angeboten.<\/p>\n<p>Es gab sowohl Tagesangebote als auch Workshops in Blockform \u00e0 120 Minuten. Zu den Tagesangeboten z\u00e4hlte beispielsweise die Arbeit im Schulgarten mit Herr G\u00f6ring und Herr Lautze, wo tatkr\u00e4ftig aufger\u00e4umt und umstrukturiert wurde, um den Schulgarten perspektivisch wieder f\u00fcr verschiedene Schulevents und F\u00e4cher nutzbar zu machen.<\/p>\n<p><img decoding=\"async\" class=\"aligncenter size-large wp-image-15510\" src=\"http:\/\/altgsgrebenstein.de\/wp-content\/uploads\/2023\/05\/20230427_122136-1024x576.jpg\" alt=\"\" width=\"604\" height=\"340\" srcset=\"https:\/\/altgsgrebenstein.de\/wp-content\/uploads\/2023\/05\/20230427_122136-1024x576.jpg 1024w, https:\/\/altgsgrebenstein.de\/wp-content\/uploads\/2023\/05\/20230427_122136-300x169.jpg 300w, https:\/\/altgsgrebenstein.de\/wp-content\/uploads\/2023\/05\/20230427_122136-768x432.jpg 768w, https:\/\/altgsgrebenstein.de\/wp-content\/uploads\/2023\/05\/20230427_122136-1536x864.jpg 1536w, https:\/\/altgsgrebenstein.de\/wp-content\/uploads\/2023\/05\/20230427_122136-2048x1152.jpg 2048w\" sizes=\"(max-width: 604px) 100vw, 604px\" \/><\/p>\n<p>Im Angebot \u201eWork-Life-Balance\u201c von Frau M\u00fchlbrodt konnten die Sch\u00fclerinnen und Sch\u00fcler Entspannungsmethoden und Achtsamkeitstraining kennenlernen. Bei Frau Behrend und Frau Hirdes-Bettenh\u00e4user wurde unter dem Thema \u201eBuch binden\u201c ein kleines Notizbuch hergestellt und gestaltet.<\/p>\n<p><img decoding=\"async\" class=\"aligncenter size-large wp-image-15511\" src=\"http:\/\/altgsgrebenstein.de\/wp-content\/uploads\/2023\/05\/IMG-20230427-WA0005-768x1024.jpg\" alt=\"\" width=\"604\" height=\"805\" srcset=\"https:\/\/altgsgrebenstein.de\/wp-content\/uploads\/2023\/05\/IMG-20230427-WA0005-768x1024.jpg 768w, https:\/\/altgsgrebenstein.de\/wp-content\/uploads\/2023\/05\/IMG-20230427-WA0005-225x300.jpg 225w, https:\/\/altgsgrebenstein.de\/wp-content\/uploads\/2023\/05\/IMG-20230427-WA0005-1152x1536.jpg 1152w, https:\/\/altgsgrebenstein.de\/wp-content\/uploads\/2023\/05\/IMG-20230427-WA0005.jpg 1500w\" sizes=\"(max-width: 604px) 100vw, 604px\" \/> <img decoding=\"async\" class=\"aligncenter size-large wp-image-15512\" src=\"http:\/\/altgsgrebenstein.de\/wp-content\/uploads\/2023\/05\/IMG-20230427-WA0006-943x1024.jpg\" alt=\"\" width=\"604\" height=\"656\" srcset=\"https:\/\/altgsgrebenstein.de\/wp-content\/uploads\/2023\/05\/IMG-20230427-WA0006-943x1024.jpg 943w, https:\/\/altgsgrebenstein.de\/wp-content\/uploads\/2023\/05\/IMG-20230427-WA0006-276x300.jpg 276w, https:\/\/altgsgrebenstein.de\/wp-content\/uploads\/2023\/05\/IMG-20230427-WA0006-768x834.jpg 768w, https:\/\/altgsgrebenstein.de\/wp-content\/uploads\/2023\/05\/IMG-20230427-WA0006-1414x1536.jpg 1414w, https:\/\/altgsgrebenstein.de\/wp-content\/uploads\/2023\/05\/IMG-20230427-WA0006.jpg 1885w\" sizes=\"(max-width: 604px) 100vw, 604px\" \/><\/p>\n<p>&nbsp;<\/p>\n<p>Exkursionsangebote gab es bei Herrn K\u00f6bler (Berufe im Garten- und Landschaftsbau), bei Frau Asmus (Besuch der Uni-Bibliothek Kassel), bei Herrn Haag (Ausflug zu den Kelzer Teichen zum Thema Berufe im Umwelt- und Naturschutz) und bei Herrn Bikic und Frau Dehne, die unter dem Aspekt landwirtschaftlicher Berufe die Dom\u00e4ne Frankenhausen besuchten.<\/p>\n<p><img decoding=\"async\" class=\"aligncenter wp-image-15513 size-full\" src=\"http:\/\/altgsgrebenstein.de\/wp-content\/uploads\/2023\/05\/IMG-20230427-WA0007.jpg\" alt=\"\" width=\"1024\" height=\"768\" srcset=\"https:\/\/altgsgrebenstein.de\/wp-content\/uploads\/2023\/05\/IMG-20230427-WA0007.jpg 1024w, https:\/\/altgsgrebenstein.de\/wp-content\/uploads\/2023\/05\/IMG-20230427-WA0007-300x225.jpg 300w, https:\/\/altgsgrebenstein.de\/wp-content\/uploads\/2023\/05\/IMG-20230427-WA0007-768x576.jpg 768w\" sizes=\"(max-width: 1024px) 100vw, 1024px\" \/> <img decoding=\"async\" class=\"aligncenter size-large wp-image-15514\" src=\"http:\/\/altgsgrebenstein.de\/wp-content\/uploads\/2023\/05\/IMG-20230427-WA0011.jpg\" alt=\"\" width=\"604\" height=\"340\" srcset=\"https:\/\/altgsgrebenstein.de\/wp-content\/uploads\/2023\/05\/IMG-20230427-WA0011.jpg 1024w, https:\/\/altgsgrebenstein.de\/wp-content\/uploads\/2023\/05\/IMG-20230427-WA0011-300x169.jpg 300w, https:\/\/altgsgrebenstein.de\/wp-content\/uploads\/2023\/05\/IMG-20230427-WA0011-768x432.jpg 768w\" sizes=\"(max-width: 604px) 100vw, 604px\" \/> <img decoding=\"async\" class=\"aligncenter size-large wp-image-15516\" src=\"http:\/\/altgsgrebenstein.de\/wp-content\/uploads\/2023\/05\/IMG-20230427-WA0019.jpg\" alt=\"\" width=\"604\" height=\"805\" srcset=\"https:\/\/altgsgrebenstein.de\/wp-content\/uploads\/2023\/05\/IMG-20230427-WA0019.jpg 768w, https:\/\/altgsgrebenstein.de\/wp-content\/uploads\/2023\/05\/IMG-20230427-WA0019-225x300.jpg 225w\" sizes=\"(max-width: 604px) 100vw, 604px\" \/><\/p>\n<p>Frau Gartung und Frau Fechner boten unter dem Motto \u201eIch bin\u2026, ich kann\u2026, ich werde\u2026\u201c die Auseinandersetzung mit eigenen St\u00e4rken und F\u00e4higkeiten an.<\/p>\n<p><img decoding=\"async\" class=\"aligncenter size-large wp-image-15517\" src=\"http:\/\/altgsgrebenstein.de\/wp-content\/uploads\/2023\/05\/IMG-20230429-WA0002-1024x576.jpg\" alt=\"\" width=\"604\" height=\"340\" srcset=\"https:\/\/altgsgrebenstein.de\/wp-content\/uploads\/2023\/05\/IMG-20230429-WA0002-1024x576.jpg 1024w, https:\/\/altgsgrebenstein.de\/wp-content\/uploads\/2023\/05\/IMG-20230429-WA0002-300x169.jpg 300w, https:\/\/altgsgrebenstein.de\/wp-content\/uploads\/2023\/05\/IMG-20230429-WA0002-768x432.jpg 768w, https:\/\/altgsgrebenstein.de\/wp-content\/uploads\/2023\/05\/IMG-20230429-WA0002-1536x864.jpg 1536w, https:\/\/altgsgrebenstein.de\/wp-content\/uploads\/2023\/05\/IMG-20230429-WA0002.jpg 2048w\" sizes=\"(max-width: 604px) 100vw, 604px\" \/> <img decoding=\"async\" class=\"aligncenter wp-image-15518 size-large\" src=\"http:\/\/altgsgrebenstein.de\/wp-content\/uploads\/2023\/05\/IMG-20230429-WA0003-1024x576.jpg\" alt=\"\" width=\"604\" height=\"340\" srcset=\"https:\/\/altgsgrebenstein.de\/wp-content\/uploads\/2023\/05\/IMG-20230429-WA0003-1024x576.jpg 1024w, https:\/\/altgsgrebenstein.de\/wp-content\/uploads\/2023\/05\/IMG-20230429-WA0003-300x169.jpg 300w, https:\/\/altgsgrebenstein.de\/wp-content\/uploads\/2023\/05\/IMG-20230429-WA0003-768x432.jpg 768w, https:\/\/altgsgrebenstein.de\/wp-content\/uploads\/2023\/05\/IMG-20230429-WA0003-1536x864.jpg 1536w, https:\/\/altgsgrebenstein.de\/wp-content\/uploads\/2023\/05\/IMG-20230429-WA0003.jpg 2048w\" sizes=\"(max-width: 604px) 100vw, 604px\" \/> <img decoding=\"async\" class=\"aligncenter wp-image-15519 size-large\" src=\"http:\/\/altgsgrebenstein.de\/wp-content\/uploads\/2023\/05\/IMG-20230429-WA0005-1024x576.jpg\" alt=\"\" width=\"604\" height=\"340\" srcset=\"https:\/\/altgsgrebenstein.de\/wp-content\/uploads\/2023\/05\/IMG-20230429-WA0005-1024x576.jpg 1024w, https:\/\/altgsgrebenstein.de\/wp-content\/uploads\/2023\/05\/IMG-20230429-WA0005-300x169.jpg 300w, https:\/\/altgsgrebenstein.de\/wp-content\/uploads\/2023\/05\/IMG-20230429-WA0005-768x432.jpg 768w, https:\/\/altgsgrebenstein.de\/wp-content\/uploads\/2023\/05\/IMG-20230429-WA0005-1536x864.jpg 1536w, https:\/\/altgsgrebenstein.de\/wp-content\/uploads\/2023\/05\/IMG-20230429-WA0005.jpg 2048w\" sizes=\"(max-width: 604px) 100vw, 604px\" \/><\/p>\n<p>Unter den Blockangeboten gab es die M\u00f6glichkeit, einen Sporteignungstest f\u00fcr den Polizeiberuf zu durchlaufen, Physik im Berufsleben kennenzulernen, \u201eGl\u00fccksunterricht\u201c zu erfahren oder auch Perspektiven nach der Schule aufzuzeigen. Innerhalb dieser Angebote gab es auch Schwerpunkte in englischer Sprache, z.B. \u201eWhat about a gap year?\u201c oder Jobs in english \u2013 english in jobs\u201c.<\/p>\n<p><img decoding=\"async\" class=\"aligncenter size-large wp-image-15522\" src=\"http:\/\/altgsgrebenstein.de\/wp-content\/uploads\/2023\/05\/374596C1-3E84-424E-B52B-BC7831F2575B-1024x768.jpeg\" alt=\"\" width=\"604\" height=\"453\" srcset=\"https:\/\/altgsgrebenstein.de\/wp-content\/uploads\/2023\/05\/374596C1-3E84-424E-B52B-BC7831F2575B-1024x768.jpeg 1024w, https:\/\/altgsgrebenstein.de\/wp-content\/uploads\/2023\/05\/374596C1-3E84-424E-B52B-BC7831F2575B-300x225.jpeg 300w, https:\/\/altgsgrebenstein.de\/wp-content\/uploads\/2023\/05\/374596C1-3E84-424E-B52B-BC7831F2575B-768x576.jpeg 768w, https:\/\/altgsgrebenstein.de\/wp-content\/uploads\/2023\/05\/374596C1-3E84-424E-B52B-BC7831F2575B-1536x1152.jpeg 1536w, https:\/\/altgsgrebenstein.de\/wp-content\/uploads\/2023\/05\/374596C1-3E84-424E-B52B-BC7831F2575B-2048x1536.jpeg 2048w\" sizes=\"(max-width: 604px) 100vw, 604px\" \/> <img decoding=\"async\" class=\"aligncenter size-large wp-image-15523\" src=\"http:\/\/altgsgrebenstein.de\/wp-content\/uploads\/2023\/05\/D29EECCD-954A-409E-AC7C-90FE518ACDFB-1024x768.jpeg\" alt=\"\" width=\"604\" height=\"453\" srcset=\"https:\/\/altgsgrebenstein.de\/wp-content\/uploads\/2023\/05\/D29EECCD-954A-409E-AC7C-90FE518ACDFB-1024x768.jpeg 1024w, https:\/\/altgsgrebenstein.de\/wp-content\/uploads\/2023\/05\/D29EECCD-954A-409E-AC7C-90FE518ACDFB-300x225.jpeg 300w, https:\/\/altgsgrebenstein.de\/wp-content\/uploads\/2023\/05\/D29EECCD-954A-409E-AC7C-90FE518ACDFB-768x576.jpeg 768w, https:\/\/altgsgrebenstein.de\/wp-content\/uploads\/2023\/05\/D29EECCD-954A-409E-AC7C-90FE518ACDFB-1536x1152.jpeg 1536w, https:\/\/altgsgrebenstein.de\/wp-content\/uploads\/2023\/05\/D29EECCD-954A-409E-AC7C-90FE518ACDFB-2048x1536.jpeg 2048w\" sizes=\"(max-width: 604px) 100vw, 604px\" \/><\/p>\n<p>Mit einem durchweg positiven Feedback kann die Schulgemeinde auf einen gelungenen Zukunftstag zur\u00fcckblicken und hat sicher auch schon neue Ideen f\u00fcr das Jahr 2024.<\/p>\n","protected":false},"excerpt":{"rendered":"<p>Grebenstein. W\u00e4hrend der gesamte 7. Jahrgang und weitere freiwillige Sch\u00fclerinnen und Sch\u00fcler aus den Jahrg\u00e4ngen 8 und 9 der Heinrich-Grupe-Schule am 27. April 2023 Eindr\u00fccke in selbst ausgew\u00e4hlten Betrieben sammeln konnten, bot die Schule allen anderen ein vielf\u00e4ltiges Angebot am diesj\u00e4hrigen Zukunftstag. Organisiert von Frau Meise und unterst\u00fctzt von zahlreichen engagierten Lehrkr\u00e4ften wurden sowohl Workshops &hellip; <a href=\"https:\/\/altgsgrebenstein.de\/?p=15509\" class=\"more-link\"><span class=\"screen-reader-text\">Boys\u00b4 &#038; Girls\u00b4 Day \/ Zukunftstag 2023 an der HGS<\/span> weiterlesen <span class=\"meta-nav\">&rarr;<\/span><\/a><\/p>\n","protected":false},"author":28,"featured_media":0,"comment_status":"closed","ping_status":"closed","sticky":false,"template":"","format":"standard","meta":{"saved_in_kubio":false,"footnotes":""},"categories":[33,34],"tags":[],"class_list":["post-15509","post","type-post","status-publish","format-standard","hentry","category-archiv","category-berufsorientierung"],"_links":{"self":[{"href":"https:\/\/altgsgrebenstein.de\/index.php?rest_route=\/wp\/v2\/posts\/15509","targetHints":{"allow":["GET"]}}],"collection":[{"href":"https:\/\/altgsgrebenstein.de\/index.php?rest_route=\/wp\/v2\/posts"}],"about":[{"href":"https:\/\/altgsgrebenstein.de\/index.php?rest_route=\/wp\/v2\/types\/post"}],"author":[{"embeddable":true,"href":"https:\/\/altgsgrebenstein.de\/index.php?rest_route=\/wp\/v2\/users\/28"}],"replies":[{"embeddable":true,"href":"https:\/\/altgsgrebenstein.de\/index.php?rest_route=%2Fwp%2Fv2%2Fcomments&post=15509"}],"version-history":[{"count":5,"href":"https:\/\/altgsgrebenstein.de\/index.php?rest_route=\/wp\/v2\/posts\/15509\/revisions"}],"predecessor-version":[{"id":15526,"href":"https:\/\/altgsgrebenstein.de\/index.php?rest_route=\/wp\/v2\/posts\/15509\/revisions\/15526"}],"wp:attachment":[{"href":"https:\/\/altgsgrebenstein.de\/index.php?rest_route=%2Fwp%2Fv2%2Fmedia&parent=15509"}],"wp:term":[{"taxonomy":"category","embeddable":true,"href":"https:\/\/altgsgrebenstein.de\/index.php?rest_route=%2Fwp%2Fv2%2Fcategories&post=15509"},{"taxonomy":"post_tag","embeddable":true,"href":"https:\/\/altgsgrebenstein.de\/index.php?rest_route=%2Fwp%2Fv2%2Ftags&post=15509"}],"curies":[{"name":"wp","href":"https:\/\/api.w.org\/{rel}","templated":true}]}}