{"id":15492,"date":"2023-03-31T18:35:10","date_gmt":"2023-03-31T17:35:10","guid":{"rendered":"http:\/\/altgsgrebenstein.de\/?p=15492"},"modified":"2023-12-03T20:08:48","modified_gmt":"2023-12-03T19:08:48","slug":"baumpflanzaktion-der-klasse-h7-flatterulmen-gegen-den-klimawandel","status":"publish","type":"post","link":"https:\/\/altgsgrebenstein.de\/?p=15492","title":{"rendered":"Baumpflanzaktion der Klasse H7 &#8211; Flatterulmen gegen den Klimawandel"},"content":{"rendered":"<p>Auf Einladung von F\u00f6rster und Waldp\u00e4dagoge Stefan Bach vom Naturpark Reinhardswald hat die Klasse H7 von Viktoria Schendzielorz und Jochen Feuring am 22. M\u00e4rz ca. 80 Flatterulmen auf einer Windbruchfl\u00e4che in der N\u00e4he der Sababurg gepflanzt.<img decoding=\"async\" class=\"alignnone size-full wp-image-15493\" src=\"http:\/\/altgsgrebenstein.de\/wp-content\/uploads\/2023\/03\/Baumpflanzaktin-03.jpg\" alt=\"\" width=\"768\" height=\"576\" srcset=\"https:\/\/altgsgrebenstein.de\/wp-content\/uploads\/2023\/03\/Baumpflanzaktin-03.jpg 768w, https:\/\/altgsgrebenstein.de\/wp-content\/uploads\/2023\/03\/Baumpflanzaktin-03-300x225.jpg 300w\" sizes=\"(max-width: 768px) 100vw, 768px\" \/><\/p>\n<p>Insgesamt waren dem \u00f6ffentlichen Aufruf ca. 50 Freiwillige gefolgt, darunter auch viele Ruhest\u00e4ndler*innen (s. Artikel HNA vom 23.03.23). Die schulische Baumpflanzaktion wurde in Kooperation mit dem \u00f6rtlichen Revierleiter Herrn Burschel von HessenForst durchgef\u00fchrt, und war in die \u00f6ffentliche stattfindende Baumpflanzaktion eingebettet. Die Baumpflanzaktion stand im Zeichen zum \u201eTag des Waldes\u201c, der seit 2012 j\u00e4hrlich am 21. M\u00e4rz stattfindet.<\/p>\n<p>Tage zuvor wurde im Biologie- und Arbeitslehreunterricht auf das Ziel hingearbeitet. Neben Baumarten und speziellen Pflanztechniken wurde das Problem des Klimawandels besprochen. Der hei\u00dfe Sommer 2022 war den Sch\u00fcler*innen noch im Ged\u00e4chtnis.<\/p>\n<p>Die 13 Sch\u00fcler*innen hatten sich zuvor um entsprechende Arbeitskleidung gek\u00fcmmert. Insbesondere die Jungs kamen gr\u00f6\u00dftenteils mit Stahlkappenschuhen oder Feuerwehrstiefeln und Engelbert-Strau\u00df-Hosen. Auch Herr Feuring hat seine eigene &#8222;Wiedehopfhaue&#8220; hervorgekramt, gesch\u00e4rft, ge\u00f6lt und mit zum Einsatzort gebracht.<\/p>\n<table style=\"border-collapse: collapse; width: 100%;\">\n<tbody>\n<tr>\n<td style=\"width: 50%;\"><img decoding=\"async\" class=\"alignnone size-full wp-image-15494\" src=\"http:\/\/altgsgrebenstein.de\/wp-content\/uploads\/2023\/03\/Baumpflanzaktin-01.jpg\" alt=\"\" width=\"768\" height=\"576\" srcset=\"https:\/\/altgsgrebenstein.de\/wp-content\/uploads\/2023\/03\/Baumpflanzaktin-01.jpg 768w, https:\/\/altgsgrebenstein.de\/wp-content\/uploads\/2023\/03\/Baumpflanzaktin-01-300x225.jpg 300w\" sizes=\"(max-width: 768px) 100vw, 768px\" \/><\/td>\n<td style=\"width: 50%;\"><img decoding=\"async\" class=\"alignnone size-full wp-image-15495\" src=\"http:\/\/altgsgrebenstein.de\/wp-content\/uploads\/2023\/03\/Baumpflanzaktin-02.jpg\" alt=\"\" width=\"768\" height=\"576\" srcset=\"https:\/\/altgsgrebenstein.de\/wp-content\/uploads\/2023\/03\/Baumpflanzaktin-02.jpg 768w, https:\/\/altgsgrebenstein.de\/wp-content\/uploads\/2023\/03\/Baumpflanzaktin-02-300x225.jpg 300w\" sizes=\"(max-width: 768px) 100vw, 768px\" \/><\/td>\n<\/tr>\n<tr>\n<td style=\"width: 50%;\"><img decoding=\"async\" class=\"alignnone size-full wp-image-15496\" src=\"http:\/\/altgsgrebenstein.de\/wp-content\/uploads\/2023\/03\/Baumpflanzaktin-2.jpg\" alt=\"\" width=\"969\" height=\"657\" srcset=\"https:\/\/altgsgrebenstein.de\/wp-content\/uploads\/2023\/03\/Baumpflanzaktin-2.jpg 969w, https:\/\/altgsgrebenstein.de\/wp-content\/uploads\/2023\/03\/Baumpflanzaktin-2-300x203.jpg 300w, https:\/\/altgsgrebenstein.de\/wp-content\/uploads\/2023\/03\/Baumpflanzaktin-2-768x521.jpg 768w\" sizes=\"(max-width: 969px) 100vw, 969px\" \/><\/td>\n<td style=\"width: 50%;\"><img decoding=\"async\" class=\"alignnone size-full wp-image-15497\" src=\"http:\/\/altgsgrebenstein.de\/wp-content\/uploads\/2023\/03\/Baumpflanzaktin-3.jpg\" alt=\"\" width=\"950\" height=\"652\" srcset=\"https:\/\/altgsgrebenstein.de\/wp-content\/uploads\/2023\/03\/Baumpflanzaktin-3.jpg 950w, https:\/\/altgsgrebenstein.de\/wp-content\/uploads\/2023\/03\/Baumpflanzaktin-3-300x206.jpg 300w, https:\/\/altgsgrebenstein.de\/wp-content\/uploads\/2023\/03\/Baumpflanzaktin-3-768x527.jpg 768w\" sizes=\"(max-width: 950px) 100vw, 950px\" \/><\/td>\n<\/tr>\n<tr>\n<td style=\"width: 50%;\"><img decoding=\"async\" class=\"alignnone size-full wp-image-15498\" src=\"http:\/\/altgsgrebenstein.de\/wp-content\/uploads\/2023\/03\/Baumpflanzaktin-04.jpg\" alt=\"\" width=\"768\" height=\"576\" srcset=\"https:\/\/altgsgrebenstein.de\/wp-content\/uploads\/2023\/03\/Baumpflanzaktin-04.jpg 768w, https:\/\/altgsgrebenstein.de\/wp-content\/uploads\/2023\/03\/Baumpflanzaktin-04-300x225.jpg 300w\" sizes=\"(max-width: 768px) 100vw, 768px\" \/><\/td>\n<td style=\"width: 50%;\"><img decoding=\"async\" class=\"alignnone size-full wp-image-15499\" src=\"http:\/\/altgsgrebenstein.de\/wp-content\/uploads\/2023\/03\/Baumpflanzaktin-1.jpg\" alt=\"\" width=\"996\" height=\"725\" srcset=\"https:\/\/altgsgrebenstein.de\/wp-content\/uploads\/2023\/03\/Baumpflanzaktin-1.jpg 996w, https:\/\/altgsgrebenstein.de\/wp-content\/uploads\/2023\/03\/Baumpflanzaktin-1-300x218.jpg 300w, https:\/\/altgsgrebenstein.de\/wp-content\/uploads\/2023\/03\/Baumpflanzaktin-1-768x559.jpg 768w\" sizes=\"(max-width: 996px) 100vw, 996px\" \/><\/td>\n<\/tr>\n<\/tbody>\n<\/table>\n<p>An der Sababurg angekommen, zeigte uns F\u00f6rster Stefan Bach bei \u2013 f\u00fcr die Jahreszeit \u2013 tollem Wetter die zu bepflanzende Freifl\u00e4che und erkl\u00e4rte uns den Unterschied zwischen Naturverj\u00fcngung und Wiederaufforstung durch Menschenhand. Auch auf den Umbau des Waldes ging er ein, indem er neue forstwirtschaftliche Strategien (Mischwald statt Fichten-Monokultur) aufzeigte, die durch den Klimawandel zwangsl\u00e4ufig notwendig werden., u.a. auf die Wiederaufforstung mit widerstandsf\u00e4higen, d.h. trockenresistenten Baumarten. Neben der Flatterulme wurden am Standort auch Eichen und Erlen gepflanzt. Auf den Einwand von Herrn Feuring, dass Erlen doch eigentlich stark wasserabh\u00e4ngig seien und vermehrt einen wassergebundenen Standort an Fl\u00fcssen, B\u00e4chen und Seen bevorzugen, kam als Antwort, dass im Bereich der Sababurg ein besonderer Boden mit einer dicken Tonschicht vorherrschen w\u00fcrde, die das Wasser \u201ehalten\u201c w\u00fcrde. Und in der Tat, \u00fcberall waren in den Fahrrinnen der Forstmaschinen gr\u00f6\u00dfere Wasseraufstauungen zu sehen.<\/p>\n<p>Unter fachkundiger Anleitung durch hilfsbereite Forstwirte wurden schlie\u00dflich die kleinen Ulmen gepflanzt. Dazu musste zun\u00e4chst mit dem Spaten ein gro\u00dfz\u00fcgiges Loch ausgehoben werden, welches um ein Drittel gr\u00f6\u00dfer als der Wurzelbereich dimensioniert sein sollte. Nach dem Festtreten der Erde wurden noch zwei Holzleisten in den Erdboden geschlagen, woran schlie\u00dflich ein Verbiss-Schutz aus Kunststoff befestigt wurde. Das Eingraben der kleinen B\u00e4umchen gestaltete sich durch den tonigen und mit Wurzelresten \u00fcbers\u00e4ten Boden als relativ schwei\u00dftreibende T\u00e4tigkeit.<\/p>\n<p>In der Mittagszeit wurde von HessenForst-Mitarbeitern der Grill angeworfen und es gab leckere Bratw\u00fcrstchen im Br\u00f6tchen, dazu Getr\u00e4nke \u2013 alles gratis.<\/p>\n<p>Nachmittags kam noch etwas Mathematik ins Spiel. Herr Bach erkl\u00e4rte den Sch\u00fcler*innen an ausgew\u00e4hlten Beispielen forstwirtschaftliches Grundwissen: Wie teuer ist das Pflanzen von 10 B\u00e4umen? Wie teuer ist EINE Ulme, wie teuer ist der Verbiss-Schutz samt Pf\u00e4hlen und wie hoch ist dabei der Arbeitslohn? Wie teuer w\u00e4re es f\u00fcr HessenForst gewesen, wenn die B\u00e4ume professionell gepflanzt worden w\u00e4ren \u2026 mit reellen Stundenl\u00f6hnen? Es ging also vorrangig um die Berechnung der Personal- und Sachkosten der Baumpflanzaktion.<\/p>\n<p>Insgesamt war es f\u00fcr alle Beteiligten ein tolles und hoffentlich nachhaltiges Erlebnis an der frischen Luft \u2013 mal raus aus dem Schonraum Schule, hinein in die reale (Um-)Welt. Jede(r) konnte unterschiedliche Erfahrungen sammeln und sich Gedanken \u00fcber das eigene (nicht immer klimafreundliche) Verhalten, \u00fcber die Ursachen des Klimawandels an sich und \u00fcber notwendige Konsequenzen (Gegensteuern) machen.<\/p>\n<p>Vor der Abreise legte die Klasse H7 noch ein kleines Picknick an der Bushaltestelle ein, Wolldecken und Proviant hatten sie zum Gl\u00fcck dabei, das Wetter blieb ihnen hold.<\/p>\n","protected":false},"excerpt":{"rendered":"<p>Auf Einladung von F\u00f6rster und Waldp\u00e4dagoge Stefan Bach vom Naturpark Reinhardswald hat die Klasse H7 von Viktoria Schendzielorz und Jochen Feuring am 22. M\u00e4rz ca. 80 Flatterulmen auf einer Windbruchfl\u00e4che in der N\u00e4he der Sababurg gepflanzt. Insgesamt waren dem \u00f6ffentlichen Aufruf ca. 50 Freiwillige gefolgt, darunter auch viele Ruhest\u00e4ndler*innen (s. Artikel HNA vom 23.03.23). Die &hellip; <a href=\"https:\/\/altgsgrebenstein.de\/?p=15492\" class=\"more-link\"><span class=\"screen-reader-text\">Baumpflanzaktion der Klasse H7 &#8211; Flatterulmen gegen den Klimawandel<\/span> weiterlesen <span class=\"meta-nav\">&rarr;<\/span><\/a><\/p>\n","protected":false},"author":10,"featured_media":0,"comment_status":"closed","ping_status":"closed","sticky":false,"template":"","format":"standard","meta":{"saved_in_kubio":false,"footnotes":""},"categories":[33,34],"tags":[],"class_list":["post-15492","post","type-post","status-publish","format-standard","hentry","category-archiv","category-berufsorientierung"],"_links":{"self":[{"href":"https:\/\/altgsgrebenstein.de\/index.php?rest_route=\/wp\/v2\/posts\/15492","targetHints":{"allow":["GET"]}}],"collection":[{"href":"https:\/\/altgsgrebenstein.de\/index.php?rest_route=\/wp\/v2\/posts"}],"about":[{"href":"https:\/\/altgsgrebenstein.de\/index.php?rest_route=\/wp\/v2\/types\/post"}],"author":[{"embeddable":true,"href":"https:\/\/altgsgrebenstein.de\/index.php?rest_route=\/wp\/v2\/users\/10"}],"replies":[{"embeddable":true,"href":"https:\/\/altgsgrebenstein.de\/index.php?rest_route=%2Fwp%2Fv2%2Fcomments&post=15492"}],"version-history":[{"count":2,"href":"https:\/\/altgsgrebenstein.de\/index.php?rest_route=\/wp\/v2\/posts\/15492\/revisions"}],"predecessor-version":[{"id":15501,"href":"https:\/\/altgsgrebenstein.de\/index.php?rest_route=\/wp\/v2\/posts\/15492\/revisions\/15501"}],"wp:attachment":[{"href":"https:\/\/altgsgrebenstein.de\/index.php?rest_route=%2Fwp%2Fv2%2Fmedia&parent=15492"}],"wp:term":[{"taxonomy":"category","embeddable":true,"href":"https:\/\/altgsgrebenstein.de\/index.php?rest_route=%2Fwp%2Fv2%2Fcategories&post=15492"},{"taxonomy":"post_tag","embeddable":true,"href":"https:\/\/altgsgrebenstein.de\/index.php?rest_route=%2Fwp%2Fv2%2Ftags&post=15492"}],"curies":[{"name":"wp","href":"https:\/\/api.w.org\/{rel}","templated":true}]}}