{"id":15462,"date":"2023-03-28T12:40:23","date_gmt":"2023-03-28T11:40:23","guid":{"rendered":"http:\/\/altgsgrebenstein.de\/?p=15462"},"modified":"2023-12-03T20:08:48","modified_gmt":"2023-12-03T19:08:48","slug":"europa-hautnah","status":"publish","type":"post","link":"https:\/\/altgsgrebenstein.de\/?p=15462","title":{"rendered":"Europa hautnah"},"content":{"rendered":"<p><img decoding=\"async\" class=\"alignnone wp-image-15463\" src=\"http:\/\/altgsgrebenstein.de\/wp-content\/uploads\/2023\/03\/IMG-6382-300x225.jpg\" alt=\"\" width=\"284\" height=\"213\" srcset=\"https:\/\/altgsgrebenstein.de\/wp-content\/uploads\/2023\/03\/IMG-6382-300x225.jpg 300w, https:\/\/altgsgrebenstein.de\/wp-content\/uploads\/2023\/03\/IMG-6382-1024x768.jpg 1024w, https:\/\/altgsgrebenstein.de\/wp-content\/uploads\/2023\/03\/IMG-6382-768x576.jpg 768w, https:\/\/altgsgrebenstein.de\/wp-content\/uploads\/2023\/03\/IMG-6382-1536x1152.jpg 1536w, https:\/\/altgsgrebenstein.de\/wp-content\/uploads\/2023\/03\/IMG-6382-2048x1536.jpg 2048w\" sizes=\"(max-width: 284px) 100vw, 284px\" \/> <img decoding=\"async\" class=\"alignnone wp-image-15464\" src=\"http:\/\/altgsgrebenstein.de\/wp-content\/uploads\/2023\/03\/IMG-6591-300x193.jpg\" alt=\"\" width=\"313\" height=\"201\" srcset=\"https:\/\/altgsgrebenstein.de\/wp-content\/uploads\/2023\/03\/IMG-6591-300x193.jpg 300w, https:\/\/altgsgrebenstein.de\/wp-content\/uploads\/2023\/03\/IMG-6591-1024x658.jpg 1024w, https:\/\/altgsgrebenstein.de\/wp-content\/uploads\/2023\/03\/IMG-6591-768x493.jpg 768w, https:\/\/altgsgrebenstein.de\/wp-content\/uploads\/2023\/03\/IMG-6591-1536x987.jpg 1536w, https:\/\/altgsgrebenstein.de\/wp-content\/uploads\/2023\/03\/IMG-6591-2048x1315.jpg 2048w\" sizes=\"(max-width: 313px) 100vw, 313px\" \/><\/p>\n<p style=\"text-align: justify;\">Nach zweij\u00e4hriger Corona-bedingter Zwangspause konnte die Heinrich-Grupe-Schule ihren Sch\u00fclerinnen und Sch\u00fclern in diesem Schuljahr wieder die M\u00f6glichkeit zur Teilnahme an einem Sch\u00fcleraustausch mit einer italienischen Partnerschule bieten. So nahmen in der Zeit vom 13.03.2023 bis zum 20.03.2023 20 Lateinsch\u00fclerinnen und -sch\u00fcler der Klassen G9a und G9b die Chance wahr, in Begleitung ihrer Lehrkr\u00e4fte Christiane Melzer und Dirk Weidmann an einer Fahrt nach Sarsina \u2013 die italienische Partnerstadt Grebensteins \u2013 teilzunehmen.<\/p>\n<p><img decoding=\"async\" class=\"alignnone size-medium wp-image-15465\" src=\"http:\/\/altgsgrebenstein.de\/wp-content\/uploads\/2023\/03\/IMG-6360-300x184.jpg\" alt=\"\" width=\"300\" height=\"184\" srcset=\"https:\/\/altgsgrebenstein.de\/wp-content\/uploads\/2023\/03\/IMG-6360-300x184.jpg 300w, https:\/\/altgsgrebenstein.de\/wp-content\/uploads\/2023\/03\/IMG-6360-1024x630.jpg 1024w, https:\/\/altgsgrebenstein.de\/wp-content\/uploads\/2023\/03\/IMG-6360-768x472.jpg 768w, https:\/\/altgsgrebenstein.de\/wp-content\/uploads\/2023\/03\/IMG-6360-1536x944.jpg 1536w, https:\/\/altgsgrebenstein.de\/wp-content\/uploads\/2023\/03\/IMG-6360-2048x1259.jpg 2048w\" sizes=\"(max-width: 300px) 100vw, 300px\" \/> <img decoding=\"async\" class=\"alignnone size-medium wp-image-15466\" src=\"http:\/\/altgsgrebenstein.de\/wp-content\/uploads\/2023\/03\/IMG-4998-300x225.jpg\" alt=\"\" width=\"300\" height=\"225\" srcset=\"https:\/\/altgsgrebenstein.de\/wp-content\/uploads\/2023\/03\/IMG-4998-300x225.jpg 300w, https:\/\/altgsgrebenstein.de\/wp-content\/uploads\/2023\/03\/IMG-4998-1024x768.jpg 1024w, https:\/\/altgsgrebenstein.de\/wp-content\/uploads\/2023\/03\/IMG-4998-768x576.jpg 768w, https:\/\/altgsgrebenstein.de\/wp-content\/uploads\/2023\/03\/IMG-4998-1536x1152.jpg 1536w, https:\/\/altgsgrebenstein.de\/wp-content\/uploads\/2023\/03\/IMG-4998-2048x1536.jpg 2048w\" sizes=\"(max-width: 300px) 100vw, 300px\" \/><\/p>\n<p style=\"text-align: justify;\">Im Gastland angekommen, wurde die deutsche Delegation \u00fcberaus herzlich von den Gastgebern sowie von Vertreter*innen der Kommune sowie des Partnerschaftsvereins empfangen. Die Tatsache, dass die Jugendlichen \u00fcberwiegend in Familien untergebracht waren, trug wesentlich dazu bei, dass sie einen authentischen Einblick in die italienische Lebensweise und Kultur erhielten. In diesem Zusammenhang waren sich die HGS-Sch\u00fcler*innen schnell einig, dass sich die Gastfamilien aus Sarsina sehr offenherzig und f\u00fcrsorglich um die Jugendlichen aus Deutschland gek\u00fcmmert haben, was sich nicht zuletzt auch in der vorz\u00fcglichen italienischen K\u00fcche offenbarte. Vertieft wurden die wertvollen interkulturellen Erfahrungen auch durch gemeinsame Projektarbeiten in der Schule und w\u00e4hrend diverser Exkursionen zu historisch bzw. kulturell bedeutsamen St\u00e4dten. Zu nennen sind hier insbesondere Ravenna und Rom, wo sich viele Ankn\u00fcpfungspunkte zum schulischen Lateinunterricht ergeben haben.<\/p>\n<p><img decoding=\"async\" class=\"alignnone size-medium wp-image-15467\" src=\"http:\/\/altgsgrebenstein.de\/wp-content\/uploads\/2023\/03\/IMG-6390-300x225.jpg\" alt=\"\" width=\"300\" height=\"225\" srcset=\"https:\/\/altgsgrebenstein.de\/wp-content\/uploads\/2023\/03\/IMG-6390-300x225.jpg 300w, https:\/\/altgsgrebenstein.de\/wp-content\/uploads\/2023\/03\/IMG-6390-1024x768.jpg 1024w, https:\/\/altgsgrebenstein.de\/wp-content\/uploads\/2023\/03\/IMG-6390-768x576.jpg 768w, https:\/\/altgsgrebenstein.de\/wp-content\/uploads\/2023\/03\/IMG-6390-1536x1152.jpg 1536w, https:\/\/altgsgrebenstein.de\/wp-content\/uploads\/2023\/03\/IMG-6390-2048x1536.jpg 2048w\" sizes=\"(max-width: 300px) 100vw, 300px\" \/> <img decoding=\"async\" class=\"alignnone size-medium wp-image-15468\" src=\"http:\/\/altgsgrebenstein.de\/wp-content\/uploads\/2023\/03\/IMG-4997-300x225.jpg\" alt=\"\" width=\"300\" height=\"225\" srcset=\"https:\/\/altgsgrebenstein.de\/wp-content\/uploads\/2023\/03\/IMG-4997-300x225.jpg 300w, https:\/\/altgsgrebenstein.de\/wp-content\/uploads\/2023\/03\/IMG-4997-1024x768.jpg 1024w, https:\/\/altgsgrebenstein.de\/wp-content\/uploads\/2023\/03\/IMG-4997-768x576.jpg 768w, https:\/\/altgsgrebenstein.de\/wp-content\/uploads\/2023\/03\/IMG-4997-1536x1152.jpg 1536w, https:\/\/altgsgrebenstein.de\/wp-content\/uploads\/2023\/03\/IMG-4997-2048x1536.jpg 2048w\" sizes=\"(max-width: 300px) 100vw, 300px\" \/><\/p>\n<p style=\"text-align: justify;\">Wie bereits in zur\u00fcckliegenden Jahren erfolgreich erprobt, kam auch in diesem Jahr die italienische Reisegruppe unmittelbar nach Deutschland mit, sodass sich f\u00fcr alle Beteiligten ein intensives Austauscherlebnis einstellen konnte. Unterst\u00fctzt durch eine gro\u00dfz\u00fcgige Spende des Grebensteiner St\u00e4dtepartnerschaftsvereins konnten auch hier abwechslungsreiche Exkursionen realisiert werden, u.a. zur Wartburg und zum Lutherhaus nach Eisenach sowie zum Paderborner Heinz-Nixdorf-Museumsforum, dem weltgr\u00f6\u00dften Computermuseum, das bei den Sch\u00fcler*innen aus beiden L\u00e4ndern reges Interesse erfuhr. Hier lernte die Gruppe den Roboter &#8222;Pepper&#8220; kennen, der den G\u00e4sten noch eine <a href=\"http:\/\/altgsgrebenstein.de\/wp-content\/uploads\/2023\/03\/IMG_6658.mov\" target=\"_blank\" rel=\"noopener\">Gru\u00dfbotschaft<\/a> mit auf den Weg gab. Beeindruckt zeigten sich die italienischen G\u00e4ste von der Gr\u00f6\u00dfe und den M\u00f6glichkeiten der HGS, die sie am letzten Tag des Austauschs im Rahmen eines Projekttages kennenlernen durften. Hier erhielten die G\u00e4ste die M\u00f6glichkeit, in den R\u00e4umlichkeiten des Fachbereichs Arbeitslehre mit einer Laubs\u00e4gearbeit die Silhouetten der beiden L\u00e4nder auszus\u00e4gen und zu kolorieren oder in der Schulk\u00fcche durch das Backen von Speckkuchen ein typisch hessisches Gericht f\u00fcr den Abschlussabend vorzubereiten.<\/p>\n<p><img decoding=\"async\" class=\"alignnone wp-image-15469\" src=\"http:\/\/altgsgrebenstein.de\/wp-content\/uploads\/2023\/03\/20230321_105838-300x225.jpg\" alt=\"\" width=\"370\" height=\"278\" srcset=\"https:\/\/altgsgrebenstein.de\/wp-content\/uploads\/2023\/03\/20230321_105838-300x225.jpg 300w, https:\/\/altgsgrebenstein.de\/wp-content\/uploads\/2023\/03\/20230321_105838-1024x767.jpg 1024w, https:\/\/altgsgrebenstein.de\/wp-content\/uploads\/2023\/03\/20230321_105838-768x575.jpg 768w, https:\/\/altgsgrebenstein.de\/wp-content\/uploads\/2023\/03\/20230321_105838-1536x1150.jpg 1536w, https:\/\/altgsgrebenstein.de\/wp-content\/uploads\/2023\/03\/20230321_105838-2048x1533.jpg 2048w\" sizes=\"(max-width: 370px) 100vw, 370px\" \/> <img decoding=\"async\" class=\"size-medium wp-image-15472 alignright\" src=\"http:\/\/altgsgrebenstein.de\/wp-content\/uploads\/2023\/03\/DSC_0965-199x300.jpg\" alt=\"\" width=\"199\" height=\"300\" srcset=\"https:\/\/altgsgrebenstein.de\/wp-content\/uploads\/2023\/03\/DSC_0965-199x300.jpg 199w, https:\/\/altgsgrebenstein.de\/wp-content\/uploads\/2023\/03\/DSC_0965-680x1024.jpg 680w, https:\/\/altgsgrebenstein.de\/wp-content\/uploads\/2023\/03\/DSC_0965-768x1156.jpg 768w, https:\/\/altgsgrebenstein.de\/wp-content\/uploads\/2023\/03\/DSC_0965-1020x1536.jpg 1020w, https:\/\/altgsgrebenstein.de\/wp-content\/uploads\/2023\/03\/DSC_0965-1360x2048.jpg 1360w, https:\/\/altgsgrebenstein.de\/wp-content\/uploads\/2023\/03\/DSC_0965-scaled.jpg 1700w\" sizes=\"(max-width: 199px) 100vw, 199px\" \/><\/p>\n<p>&nbsp;<\/p>\n<p><img decoding=\"async\" class=\"alignnone size-medium wp-image-15470\" src=\"http:\/\/altgsgrebenstein.de\/wp-content\/uploads\/2023\/03\/IMG-6624-225x300.jpg\" alt=\"\" width=\"225\" height=\"300\" srcset=\"https:\/\/altgsgrebenstein.de\/wp-content\/uploads\/2023\/03\/IMG-6624-225x300.jpg 225w, https:\/\/altgsgrebenstein.de\/wp-content\/uploads\/2023\/03\/IMG-6624-768x1024.jpg 768w, https:\/\/altgsgrebenstein.de\/wp-content\/uploads\/2023\/03\/IMG-6624-1152x1536.jpg 1152w, https:\/\/altgsgrebenstein.de\/wp-content\/uploads\/2023\/03\/IMG-6624-1536x2048.jpg 1536w, https:\/\/altgsgrebenstein.de\/wp-content\/uploads\/2023\/03\/IMG-6624-scaled.jpg 1920w\" sizes=\"(max-width: 225px) 100vw, 225px\" \/><img decoding=\"async\" class=\" wp-image-15471 alignright\" src=\"http:\/\/altgsgrebenstein.de\/wp-content\/uploads\/2023\/03\/20230322_130535-300x225.jpg\" alt=\"\" width=\"348\" height=\"261\" srcset=\"https:\/\/altgsgrebenstein.de\/wp-content\/uploads\/2023\/03\/20230322_130535-300x225.jpg 300w, https:\/\/altgsgrebenstein.de\/wp-content\/uploads\/2023\/03\/20230322_130535-1024x767.jpg 1024w, https:\/\/altgsgrebenstein.de\/wp-content\/uploads\/2023\/03\/20230322_130535-768x575.jpg 768w, https:\/\/altgsgrebenstein.de\/wp-content\/uploads\/2023\/03\/20230322_130535-1536x1150.jpg 1536w, https:\/\/altgsgrebenstein.de\/wp-content\/uploads\/2023\/03\/20230322_130535-2048x1533.jpg 2048w\" sizes=\"(max-width: 348px) 100vw, 348px\" \/><\/p>\n<p style=\"text-align: justify;\">Die bereits geschlossenen Freundschaften k\u00f6nnen im Rahmen der vom St\u00e4dtepartnerschaftsverein organisierten internationalen Jugendwoche bereits in diesem Sommer in Grebenstein erneut gepflegt werden. F\u00fcr das kommende Schuljahr ist mit den Verantwortlichen beider Schulen bereits ein neuer Sch\u00fcleraustausch vereinbart worden, sodass auch der jetzige Jahrgang 8 in den Genuss dieser besonderen Erfahrung kommen wird. Mit den ersten konkreten Planungen wird bereits in dieser kommenden Woche begonnen werden, sodass wir optimistisch formulieren: \u201e<em>Ci vediamo<\/em>!\u201c<\/p>\n<p><em>Dirk Weidmann<\/em><\/p>\n","protected":false},"excerpt":{"rendered":"<p>Nach zweij\u00e4hriger Corona-bedingter Zwangspause konnte die Heinrich-Grupe-Schule ihren Sch\u00fclerinnen und Sch\u00fclern in diesem Schuljahr wieder die M\u00f6glichkeit zur Teilnahme an einem Sch\u00fcleraustausch mit einer italienischen Partnerschule bieten. So nahmen in der Zeit vom 13.03.2023 bis zum 20.03.2023 20 Lateinsch\u00fclerinnen und -sch\u00fcler der Klassen G9a und G9b die Chance wahr, in Begleitung ihrer Lehrkr\u00e4fte Christiane Melzer &hellip; <a href=\"https:\/\/altgsgrebenstein.de\/?p=15462\" class=\"more-link\"><span class=\"screen-reader-text\">Europa hautnah<\/span> weiterlesen <span class=\"meta-nav\">&rarr;<\/span><\/a><\/p>\n","protected":false},"author":22,"featured_media":0,"comment_status":"closed","ping_status":"closed","sticky":false,"template":"","format":"standard","meta":{"saved_in_kubio":false,"footnotes":""},"categories":[33,1],"tags":[],"class_list":["post-15462","post","type-post","status-publish","format-standard","hentry","category-archiv","category-uncategorized"],"_links":{"self":[{"href":"https:\/\/altgsgrebenstein.de\/index.php?rest_route=\/wp\/v2\/posts\/15462","targetHints":{"allow":["GET"]}}],"collection":[{"href":"https:\/\/altgsgrebenstein.de\/index.php?rest_route=\/wp\/v2\/posts"}],"about":[{"href":"https:\/\/altgsgrebenstein.de\/index.php?rest_route=\/wp\/v2\/types\/post"}],"author":[{"embeddable":true,"href":"https:\/\/altgsgrebenstein.de\/index.php?rest_route=\/wp\/v2\/users\/22"}],"replies":[{"embeddable":true,"href":"https:\/\/altgsgrebenstein.de\/index.php?rest_route=%2Fwp%2Fv2%2Fcomments&post=15462"}],"version-history":[{"count":6,"href":"https:\/\/altgsgrebenstein.de\/index.php?rest_route=\/wp\/v2\/posts\/15462\/revisions"}],"predecessor-version":[{"id":15481,"href":"https:\/\/altgsgrebenstein.de\/index.php?rest_route=\/wp\/v2\/posts\/15462\/revisions\/15481"}],"wp:attachment":[{"href":"https:\/\/altgsgrebenstein.de\/index.php?rest_route=%2Fwp%2Fv2%2Fmedia&parent=15462"}],"wp:term":[{"taxonomy":"category","embeddable":true,"href":"https:\/\/altgsgrebenstein.de\/index.php?rest_route=%2Fwp%2Fv2%2Fcategories&post=15462"},{"taxonomy":"post_tag","embeddable":true,"href":"https:\/\/altgsgrebenstein.de\/index.php?rest_route=%2Fwp%2Fv2%2Ftags&post=15462"}],"curies":[{"name":"wp","href":"https:\/\/api.w.org\/{rel}","templated":true}]}}