{"id":15415,"date":"2023-03-24T20:08:33","date_gmt":"2023-03-24T19:08:33","guid":{"rendered":"http:\/\/altgsgrebenstein.de\/?p=15415"},"modified":"2023-12-03T20:08:48","modified_gmt":"2023-12-03T19:08:48","slug":"hgs-in-emotion-ist-zurueck-fruehlingskonzert-der-heinrich-grupe-schule-ein-voller-erfolg","status":"publish","type":"post","link":"https:\/\/altgsgrebenstein.de\/?p=15415","title":{"rendered":"\u201eHGS in eMotion\u201c ist zur\u00fcck! &#8211; Fr\u00fchlingskonzert der Heinrich-Grupe-Schule ein voller Erfolg"},"content":{"rendered":"<p>Die Grebensteiner Kulturhalle war vor 19.00 Uhr bis zum letzten Platz gef\u00fcllt. Hatte man doch lange auf diese Traditionsveranstaltung warten m\u00fcssen. Das letzte Mal feierte die HGS 2019 ihr Fr\u00fchlingskonzert.<\/p>\n<p><img decoding=\"async\" class=\"aligncenter size-large wp-image-15416\" src=\"http:\/\/altgsgrebenstein.de\/wp-content\/uploads\/2023\/03\/DSC_7954-1024x678.jpg\" alt=\"\" width=\"604\" height=\"400\" srcset=\"https:\/\/altgsgrebenstein.de\/wp-content\/uploads\/2023\/03\/DSC_7954-1024x678.jpg 1024w, https:\/\/altgsgrebenstein.de\/wp-content\/uploads\/2023\/03\/DSC_7954-300x199.jpg 300w, https:\/\/altgsgrebenstein.de\/wp-content\/uploads\/2023\/03\/DSC_7954-768x509.jpg 768w, https:\/\/altgsgrebenstein.de\/wp-content\/uploads\/2023\/03\/DSC_7954-1536x1017.jpg 1536w, https:\/\/altgsgrebenstein.de\/wp-content\/uploads\/2023\/03\/DSC_7954-2048x1356.jpg 2048w\" sizes=\"(max-width: 604px) 100vw, 604px\" \/><\/p>\n<p>Aufgeregte F\u00fcnftkl\u00e4ssler standen am Rand der B\u00fchne und warteten auf ihren Auftritt. Eine gespannte Vorfreude war bei den Kleinsten der Schulgemeinde zu sp\u00fcren. Mit \u201eLa Mariposa\u201c und einem \u201eSamba Kanon\u201c ging es dann schlie\u00dflich los. Die rund einhundert Sch\u00fclerinnen und Sch\u00fcler brachten mit den s\u00fcdamerikanischen Liedern sofort ausgelassene Stimmung in die Kulturhalle.<\/p>\n<p><img decoding=\"async\" class=\"aligncenter size-large wp-image-15419\" src=\"http:\/\/altgsgrebenstein.de\/wp-content\/uploads\/2023\/03\/DSC_7957-1-1024x678.jpg\" alt=\"\" width=\"604\" height=\"400\" srcset=\"https:\/\/altgsgrebenstein.de\/wp-content\/uploads\/2023\/03\/DSC_7957-1-1024x678.jpg 1024w, https:\/\/altgsgrebenstein.de\/wp-content\/uploads\/2023\/03\/DSC_7957-1-300x199.jpg 300w, https:\/\/altgsgrebenstein.de\/wp-content\/uploads\/2023\/03\/DSC_7957-1-768x509.jpg 768w, https:\/\/altgsgrebenstein.de\/wp-content\/uploads\/2023\/03\/DSC_7957-1-1536x1017.jpg 1536w, https:\/\/altgsgrebenstein.de\/wp-content\/uploads\/2023\/03\/DSC_7957-1-2048x1356.jpg 2048w\" sizes=\"(max-width: 604px) 100vw, 604px\" \/><\/p>\n<p><img decoding=\"async\" class=\"aligncenter size-large wp-image-15418\" src=\"http:\/\/altgsgrebenstein.de\/wp-content\/uploads\/2023\/03\/DSC_7960-1024x678.jpg\" alt=\"\" width=\"604\" height=\"400\" srcset=\"https:\/\/altgsgrebenstein.de\/wp-content\/uploads\/2023\/03\/DSC_7960-1024x678.jpg 1024w, https:\/\/altgsgrebenstein.de\/wp-content\/uploads\/2023\/03\/DSC_7960-300x199.jpg 300w, https:\/\/altgsgrebenstein.de\/wp-content\/uploads\/2023\/03\/DSC_7960-768x509.jpg 768w, https:\/\/altgsgrebenstein.de\/wp-content\/uploads\/2023\/03\/DSC_7960-1536x1017.jpg 1536w, https:\/\/altgsgrebenstein.de\/wp-content\/uploads\/2023\/03\/DSC_7960-2048x1356.jpg 2048w\" sizes=\"(max-width: 604px) 100vw, 604px\" \/><\/p>\n<p>Viel leiser wurde es danach, denn Wiebke H\u00fcner bat zum n\u00e4chsten Programmpunkt um eine besondere Aufmerksamkeit &#8211; hier stand ein Cellospieler im Mittelpunkt. Das sei ein eher \u201eleises\u201c Instrument, so Wiebke H\u00fcner und ben\u00f6tige eine gewisse Disziplin des Zuh\u00f6rens. Frederik Weidmann, der seit f\u00fcnf Jahren Cello spielt, schaffte es mit seinem \u201eLatin Nights-Tango und \u201eHe\u00b4s a Pirate\u201c die 400 G\u00e4ste der Kulturhalle zum \u201estillen\u201c Zuh\u00f6ren zu bringen. Gekonnt, akzentuiert und mit einer verbl\u00fcffenden Leichtigkeit spielte der Zehnj\u00e4hrige seine St\u00fccke und verschmolz mit seinem Instrument. Bravo!<\/p>\n<p><img decoding=\"async\" class=\"aligncenter size-large wp-image-15420\" src=\"http:\/\/altgsgrebenstein.de\/wp-content\/uploads\/2023\/03\/DSC_8007-1024x678.jpg\" alt=\"\" width=\"604\" height=\"400\" srcset=\"https:\/\/altgsgrebenstein.de\/wp-content\/uploads\/2023\/03\/DSC_8007-1024x678.jpg 1024w, https:\/\/altgsgrebenstein.de\/wp-content\/uploads\/2023\/03\/DSC_8007-300x199.jpg 300w, https:\/\/altgsgrebenstein.de\/wp-content\/uploads\/2023\/03\/DSC_8007-768x509.jpg 768w, https:\/\/altgsgrebenstein.de\/wp-content\/uploads\/2023\/03\/DSC_8007-1536x1017.jpg 1536w, https:\/\/altgsgrebenstein.de\/wp-content\/uploads\/2023\/03\/DSC_8007-2048x1356.jpg 2048w\" sizes=\"(max-width: 604px) 100vw, 604px\" \/><\/p>\n<p>Schokolade stand im Mittelpunkt des Raps der F5a. Obst und Gem\u00fcse sei gesund, aber die Oma g\u00e4be Schokolade und die schmecke doch eigentlich viel besser, so die Botschaft ihres Liedes.<\/p>\n<p><img decoding=\"async\" class=\"aligncenter size-large wp-image-15421\" src=\"http:\/\/altgsgrebenstein.de\/wp-content\/uploads\/2023\/03\/DSC_8013-1024x678.jpg\" alt=\"\" width=\"604\" height=\"400\" srcset=\"https:\/\/altgsgrebenstein.de\/wp-content\/uploads\/2023\/03\/DSC_8013-1024x678.jpg 1024w, https:\/\/altgsgrebenstein.de\/wp-content\/uploads\/2023\/03\/DSC_8013-300x199.jpg 300w, https:\/\/altgsgrebenstein.de\/wp-content\/uploads\/2023\/03\/DSC_8013-768x509.jpg 768w, https:\/\/altgsgrebenstein.de\/wp-content\/uploads\/2023\/03\/DSC_8013-1536x1017.jpg 1536w, https:\/\/altgsgrebenstein.de\/wp-content\/uploads\/2023\/03\/DSC_8013-2048x1356.jpg 2048w\" sizes=\"(max-width: 604px) 100vw, 604px\" \/><\/p>\n<p>Um \u201eContacts\u201c ging es der Tanz-AG von Frauke Lackner. Das gef\u00fchlvolle Tanzen der M\u00e4dchen lie\u00df die Zuschauer eine Sehnsucht nach Liebe und Zusammenhalt sp\u00fcren.<\/p>\n<p><img decoding=\"async\" class=\"aligncenter size-large wp-image-15422\" src=\"http:\/\/altgsgrebenstein.de\/wp-content\/uploads\/2023\/03\/DSC_8024-1024x678.jpg\" alt=\"\" width=\"604\" height=\"400\" srcset=\"https:\/\/altgsgrebenstein.de\/wp-content\/uploads\/2023\/03\/DSC_8024-1024x678.jpg 1024w, https:\/\/altgsgrebenstein.de\/wp-content\/uploads\/2023\/03\/DSC_8024-300x199.jpg 300w, https:\/\/altgsgrebenstein.de\/wp-content\/uploads\/2023\/03\/DSC_8024-768x509.jpg 768w, https:\/\/altgsgrebenstein.de\/wp-content\/uploads\/2023\/03\/DSC_8024-1536x1017.jpg 1536w, https:\/\/altgsgrebenstein.de\/wp-content\/uploads\/2023\/03\/DSC_8024-2048x1356.jpg 2048w\" sizes=\"(max-width: 604px) 100vw, 604px\" \/><\/p>\n<p>Mit \u201eGoing to Rio\u201c begleitete man die G6a nach S\u00fcdamerika. Pfeifen, Trommeln und Gesang lie\u00dfen den Rhythmus der brasilianischen Stadt nachsp\u00fcren. Bevor es in die Pause ging, sorgte die Schulband der HGS mit \u201eMamma Mia\u201c und \u201eHome\u201c f\u00fcr einen weiteren H\u00f6hepunkt. Auff\u00e4llig sch\u00f6n und gelungen der Einsatz der Querfl\u00f6te von Annika Faupel.<\/p>\n<p><img decoding=\"async\" class=\"aligncenter size-large wp-image-15423\" src=\"http:\/\/altgsgrebenstein.de\/wp-content\/uploads\/2023\/03\/DSC_8027-1024x678.jpg\" alt=\"\" width=\"604\" height=\"400\" srcset=\"https:\/\/altgsgrebenstein.de\/wp-content\/uploads\/2023\/03\/DSC_8027-1024x678.jpg 1024w, https:\/\/altgsgrebenstein.de\/wp-content\/uploads\/2023\/03\/DSC_8027-300x199.jpg 300w, https:\/\/altgsgrebenstein.de\/wp-content\/uploads\/2023\/03\/DSC_8027-768x509.jpg 768w, https:\/\/altgsgrebenstein.de\/wp-content\/uploads\/2023\/03\/DSC_8027-1536x1017.jpg 1536w, https:\/\/altgsgrebenstein.de\/wp-content\/uploads\/2023\/03\/DSC_8027-2048x1356.jpg 2048w\" sizes=\"(max-width: 604px) 100vw, 604px\" \/><\/p>\n<p><img decoding=\"async\" class=\"aligncenter size-large wp-image-15437\" src=\"http:\/\/altgsgrebenstein.de\/wp-content\/uploads\/2023\/03\/DSC_8078-1024x678.jpg\" alt=\"\" width=\"604\" height=\"400\" srcset=\"https:\/\/altgsgrebenstein.de\/wp-content\/uploads\/2023\/03\/DSC_8078-1024x678.jpg 1024w, https:\/\/altgsgrebenstein.de\/wp-content\/uploads\/2023\/03\/DSC_8078-300x199.jpg 300w, https:\/\/altgsgrebenstein.de\/wp-content\/uploads\/2023\/03\/DSC_8078-768x509.jpg 768w, https:\/\/altgsgrebenstein.de\/wp-content\/uploads\/2023\/03\/DSC_8078-1536x1017.jpg 1536w, https:\/\/altgsgrebenstein.de\/wp-content\/uploads\/2023\/03\/DSC_8078-2048x1356.jpg 2048w\" sizes=\"(max-width: 604px) 100vw, 604px\" \/><\/p>\n<p>Nach der Pause gab es weitere H\u00f6hepunkte. So das Gemeinschaftsprojekt der Klassen G5a und G10b, das mit viel Applaus belohnt wurde. Der kenianische Popsong \u201eJambo Bwana\u201c, gesungen von der G5a und begleitet von Cajon, Geige, Keyboard, Drums und Xylophons der G10b, war wundersch\u00f6n anzuh\u00f6ren. Ein tolles Projekt, das Susann Adam mit beiden Klassen erarbeitet hatte.<\/p>\n<p>Um das Springseil \u201eRope-Skipping\u201c drehte sich alles im Auftritt der G7a. Eine Klasse im Springseil-Fieber.<\/p>\n<p><img decoding=\"async\" class=\"aligncenter size-large wp-image-15425\" src=\"http:\/\/altgsgrebenstein.de\/wp-content\/uploads\/2023\/03\/DSC_8097-1024x678.jpg\" alt=\"\" width=\"604\" height=\"400\" srcset=\"https:\/\/altgsgrebenstein.de\/wp-content\/uploads\/2023\/03\/DSC_8097-1024x678.jpg 1024w, https:\/\/altgsgrebenstein.de\/wp-content\/uploads\/2023\/03\/DSC_8097-300x199.jpg 300w, https:\/\/altgsgrebenstein.de\/wp-content\/uploads\/2023\/03\/DSC_8097-768x509.jpg 768w, https:\/\/altgsgrebenstein.de\/wp-content\/uploads\/2023\/03\/DSC_8097-1536x1017.jpg 1536w, https:\/\/altgsgrebenstein.de\/wp-content\/uploads\/2023\/03\/DSC_8097-2048x1356.jpg 2048w\" sizes=\"(max-width: 604px) 100vw, 604px\" \/><\/p>\n<p>In schwarz-rote Kleidung mit roten Luftballons tanzten die M\u00e4dchen der Tanz-AG zum Song \u201e99 Red Balloons\u201c \u00fcber die B\u00fchne. Die Choreographie lud alle Zuschauer zum Tr\u00e4umen ein. \u00a0Eine absolut verzaubernde Darbietung. Viel Applaus!<\/p>\n<p><img decoding=\"async\" class=\"aligncenter size-large wp-image-15426\" src=\"http:\/\/altgsgrebenstein.de\/wp-content\/uploads\/2023\/03\/DSC_8144-1024x678.jpg\" alt=\"\" width=\"604\" height=\"400\" srcset=\"https:\/\/altgsgrebenstein.de\/wp-content\/uploads\/2023\/03\/DSC_8144-1024x678.jpg 1024w, https:\/\/altgsgrebenstein.de\/wp-content\/uploads\/2023\/03\/DSC_8144-300x199.jpg 300w, https:\/\/altgsgrebenstein.de\/wp-content\/uploads\/2023\/03\/DSC_8144-768x509.jpg 768w, https:\/\/altgsgrebenstein.de\/wp-content\/uploads\/2023\/03\/DSC_8144-1536x1017.jpg 1536w, https:\/\/altgsgrebenstein.de\/wp-content\/uploads\/2023\/03\/DSC_8144-2048x1356.jpg 2048w\" sizes=\"(max-width: 604px) 100vw, 604px\" \/><\/p>\n<p>\u201eEine Botschaft an die Welt\u201c k\u00f6nnte man den Beitrag der G8b betiteln. Sie hatten gemeinsam mit Besim Bikic den Song \u201eZombies\u201c umgedichtet und ein Friedenslied daraus gemacht. Der Song traf mitten ins Herz der Zuh\u00f6rer.<\/p>\n<p><img decoding=\"async\" class=\"aligncenter size-large wp-image-15427\" src=\"http:\/\/altgsgrebenstein.de\/wp-content\/uploads\/2023\/03\/DSC_8149-1024x678.jpg\" alt=\"\" width=\"604\" height=\"400\" srcset=\"https:\/\/altgsgrebenstein.de\/wp-content\/uploads\/2023\/03\/DSC_8149-1024x678.jpg 1024w, https:\/\/altgsgrebenstein.de\/wp-content\/uploads\/2023\/03\/DSC_8149-300x199.jpg 300w, https:\/\/altgsgrebenstein.de\/wp-content\/uploads\/2023\/03\/DSC_8149-768x509.jpg 768w, https:\/\/altgsgrebenstein.de\/wp-content\/uploads\/2023\/03\/DSC_8149-1536x1017.jpg 1536w, https:\/\/altgsgrebenstein.de\/wp-content\/uploads\/2023\/03\/DSC_8149-2048x1356.jpg 2048w\" sizes=\"(max-width: 604px) 100vw, 604px\" \/><\/p>\n<p>Bevor der \u201ebunte\u201c Strau\u00df der Darbietungen vorbei war, wirbelten noch die HGS-Turnerinnen \u00fcber die B\u00fchne. Rad, Handstand, Spagat, Rolle, Br\u00fccke, und Salto waren kein Problem f\u00fcr diese sechs sportlichen Girls.<\/p>\n<p>Zum letzten Auftritt wurde es dunkel in der Kulturhalle, nur ein Taschenlampenschein fuhr wild \u00fcber die B\u00fchne. 15 \u201eZombies\u201c tanzten erst durch die Halle und dann auf der B\u00fchne zu Michael Jacksons \u201eThriller\u201c. Die Tanz-AG unter der Leitung von Jorge Parra hatte ihren Grusel-Tanz gekonnt einstudiert. Zum Schluss standen nicht nur die M\u00e4dchen auf der B\u00fchne, sondern zwei \u201eOber-Zombies\u201c traten in ihre Mitte. Waren das nicht die HGS- Hausmeister Udo und Jorge?<\/p>\n<p><img decoding=\"async\" class=\"aligncenter size-large wp-image-15428\" src=\"http:\/\/altgsgrebenstein.de\/wp-content\/uploads\/2023\/03\/DSC_8176-1024x678.jpg\" alt=\"\" width=\"604\" height=\"400\" srcset=\"https:\/\/altgsgrebenstein.de\/wp-content\/uploads\/2023\/03\/DSC_8176-1024x678.jpg 1024w, https:\/\/altgsgrebenstein.de\/wp-content\/uploads\/2023\/03\/DSC_8176-300x199.jpg 300w, https:\/\/altgsgrebenstein.de\/wp-content\/uploads\/2023\/03\/DSC_8176-768x509.jpg 768w, https:\/\/altgsgrebenstein.de\/wp-content\/uploads\/2023\/03\/DSC_8176-1536x1017.jpg 1536w, https:\/\/altgsgrebenstein.de\/wp-content\/uploads\/2023\/03\/DSC_8176-2048x1356.jpg 2048w\" sizes=\"(max-width: 604px) 100vw, 604px\" \/><\/p>\n<p><img decoding=\"async\" class=\"aligncenter size-large wp-image-15429\" src=\"http:\/\/altgsgrebenstein.de\/wp-content\/uploads\/2023\/03\/DSC_8182-1024x678.jpg\" alt=\"\" width=\"604\" height=\"400\" srcset=\"https:\/\/altgsgrebenstein.de\/wp-content\/uploads\/2023\/03\/DSC_8182-1024x678.jpg 1024w, https:\/\/altgsgrebenstein.de\/wp-content\/uploads\/2023\/03\/DSC_8182-300x199.jpg 300w, https:\/\/altgsgrebenstein.de\/wp-content\/uploads\/2023\/03\/DSC_8182-768x509.jpg 768w, https:\/\/altgsgrebenstein.de\/wp-content\/uploads\/2023\/03\/DSC_8182-1536x1017.jpg 1536w, https:\/\/altgsgrebenstein.de\/wp-content\/uploads\/2023\/03\/DSC_8182-2048x1356.jpg 2048w\" sizes=\"(max-width: 604px) 100vw, 604px\" \/><\/p>\n<p>Ein erfolgreicher Abend, der zeigte, was Schule neben \u201eSchule\u201c mit viel Engagement leisten kann und dass eine Schulgemeinschaft \u201eGro\u00dfes\u201c vollbringen kann!<\/p>\n<p><img decoding=\"async\" class=\"aligncenter size-large wp-image-15431\" src=\"http:\/\/altgsgrebenstein.de\/wp-content\/uploads\/2023\/03\/DSC_8171-1024x678.jpg\" alt=\"\" width=\"604\" height=\"400\" srcset=\"https:\/\/altgsgrebenstein.de\/wp-content\/uploads\/2023\/03\/DSC_8171-1024x678.jpg 1024w, https:\/\/altgsgrebenstein.de\/wp-content\/uploads\/2023\/03\/DSC_8171-300x199.jpg 300w, https:\/\/altgsgrebenstein.de\/wp-content\/uploads\/2023\/03\/DSC_8171-768x509.jpg 768w, https:\/\/altgsgrebenstein.de\/wp-content\/uploads\/2023\/03\/DSC_8171-1536x1017.jpg 1536w, https:\/\/altgsgrebenstein.de\/wp-content\/uploads\/2023\/03\/DSC_8171-2048x1356.jpg 2048w\" sizes=\"(max-width: 604px) 100vw, 604px\" \/><\/p>\n<p><img decoding=\"async\" class=\"aligncenter size-large wp-image-15432\" src=\"http:\/\/altgsgrebenstein.de\/wp-content\/uploads\/2023\/03\/DSC_8085-1024x678.jpg\" alt=\"\" width=\"604\" height=\"400\" srcset=\"https:\/\/altgsgrebenstein.de\/wp-content\/uploads\/2023\/03\/DSC_8085-1024x678.jpg 1024w, https:\/\/altgsgrebenstein.de\/wp-content\/uploads\/2023\/03\/DSC_8085-300x199.jpg 300w, https:\/\/altgsgrebenstein.de\/wp-content\/uploads\/2023\/03\/DSC_8085-768x509.jpg 768w, https:\/\/altgsgrebenstein.de\/wp-content\/uploads\/2023\/03\/DSC_8085-1536x1017.jpg 1536w, https:\/\/altgsgrebenstein.de\/wp-content\/uploads\/2023\/03\/DSC_8085-2048x1356.jpg 2048w\" sizes=\"(max-width: 604px) 100vw, 604px\" \/><\/p>\n<p>Martina Boye-Griesel bedankte sich bei allen Beteiligten, aber auch besonders bei denen, die im Hintergrund ihre Arbeit f\u00fcr diesen besonderen Abend leisteten. Ein Dank ging auch an Lilly Mackewitz und Aaron Sch\u00e4fer, die die Zuschauer charmant durch den Abend begleiteten.<\/p>\n<p><img decoding=\"async\" class=\"aligncenter size-large wp-image-15433\" src=\"http:\/\/altgsgrebenstein.de\/wp-content\/uploads\/2023\/03\/DSC_8186-1024x678.jpg\" alt=\"\" width=\"604\" height=\"400\" srcset=\"https:\/\/altgsgrebenstein.de\/wp-content\/uploads\/2023\/03\/DSC_8186-1024x678.jpg 1024w, https:\/\/altgsgrebenstein.de\/wp-content\/uploads\/2023\/03\/DSC_8186-300x199.jpg 300w, https:\/\/altgsgrebenstein.de\/wp-content\/uploads\/2023\/03\/DSC_8186-768x509.jpg 768w, https:\/\/altgsgrebenstein.de\/wp-content\/uploads\/2023\/03\/DSC_8186-1536x1017.jpg 1536w, https:\/\/altgsgrebenstein.de\/wp-content\/uploads\/2023\/03\/DSC_8186-2048x1356.jpg 2048w\" sizes=\"(max-width: 604px) 100vw, 604px\" \/><\/p>\n<p><img decoding=\"async\" class=\"aligncenter size-large wp-image-15434\" src=\"http:\/\/altgsgrebenstein.de\/wp-content\/uploads\/2023\/03\/DSC_8188-1024x678.jpg\" alt=\"\" width=\"604\" height=\"400\" srcset=\"https:\/\/altgsgrebenstein.de\/wp-content\/uploads\/2023\/03\/DSC_8188-1024x678.jpg 1024w, https:\/\/altgsgrebenstein.de\/wp-content\/uploads\/2023\/03\/DSC_8188-300x199.jpg 300w, https:\/\/altgsgrebenstein.de\/wp-content\/uploads\/2023\/03\/DSC_8188-768x509.jpg 768w, https:\/\/altgsgrebenstein.de\/wp-content\/uploads\/2023\/03\/DSC_8188-1536x1017.jpg 1536w, https:\/\/altgsgrebenstein.de\/wp-content\/uploads\/2023\/03\/DSC_8188-2048x1356.jpg 2048w\" sizes=\"(max-width: 604px) 100vw, 604px\" \/><\/p>\n<p>Zum Schluss folgen noch einige Eindr\u00fccke der Veranstaltung und der Generalprobe in bewegten Bildern.<\/p>\n<div style=\"width: 604px;\" class=\"wp-video\"><!--[if lt IE 9]><script>document.createElement('video');<\/script><![endif]-->\n<video class=\"wp-video-shortcode\" id=\"video-15415-1\" width=\"604\" height=\"342\" preload=\"metadata\" controls=\"controls\"><source type=\"video\/mp4\" src=\"http:\/\/altgsgrebenstein.de\/wp-content\/uploads\/2023\/03\/4ff92ca7-e2ca-4aac-acd3-31735e9f32c0-2.mp4?_=1\" \/><a href=\"http:\/\/altgsgrebenstein.de\/wp-content\/uploads\/2023\/03\/4ff92ca7-e2ca-4aac-acd3-31735e9f32c0-2.mp4\">http:\/\/altgsgrebenstein.de\/wp-content\/uploads\/2023\/03\/4ff92ca7-e2ca-4aac-acd3-31735e9f32c0-2.mp4<\/a><\/video><\/div>\n<div style=\"width: 604px;\" class=\"wp-video\"><video class=\"wp-video-shortcode\" id=\"video-15415-2\" width=\"604\" height=\"453\" preload=\"metadata\" controls=\"controls\"><source type=\"video\/mp4\" src=\"http:\/\/altgsgrebenstein.de\/wp-content\/uploads\/2023\/03\/HGS-in-eMotion-Generalprobe.mp4?_=2\" \/><a href=\"http:\/\/altgsgrebenstein.de\/wp-content\/uploads\/2023\/03\/HGS-in-eMotion-Generalprobe.mp4\">http:\/\/altgsgrebenstein.de\/wp-content\/uploads\/2023\/03\/HGS-in-eMotion-Generalprobe.mp4<\/a><\/video><\/div>\n<p>&nbsp;<\/p>\n<p>RHB<\/p>\n","protected":false},"excerpt":{"rendered":"<p>Die Grebensteiner Kulturhalle war vor 19.00 Uhr bis zum letzten Platz gef\u00fcllt. Hatte man doch lange auf diese Traditionsveranstaltung warten m\u00fcssen. Das letzte Mal feierte die HGS 2019 ihr Fr\u00fchlingskonzert. Aufgeregte F\u00fcnftkl\u00e4ssler standen am Rand der B\u00fchne und warteten auf ihren Auftritt. Eine gespannte Vorfreude war bei den Kleinsten der Schulgemeinde zu sp\u00fcren. Mit \u201eLa &hellip; <a href=\"https:\/\/altgsgrebenstein.de\/?p=15415\" class=\"more-link\"><span class=\"screen-reader-text\">\u201eHGS in eMotion\u201c ist zur\u00fcck! &#8211; Fr\u00fchlingskonzert der Heinrich-Grupe-Schule ein voller Erfolg<\/span> weiterlesen <span class=\"meta-nav\">&rarr;<\/span><\/a><\/p>\n","protected":false},"author":28,"featured_media":0,"comment_status":"closed","ping_status":"closed","sticky":false,"template":"","format":"standard","meta":{"saved_in_kubio":false,"footnotes":""},"categories":[33,1],"tags":[],"class_list":["post-15415","post","type-post","status-publish","format-standard","hentry","category-archiv","category-uncategorized"],"_links":{"self":[{"href":"https:\/\/altgsgrebenstein.de\/index.php?rest_route=\/wp\/v2\/posts\/15415","targetHints":{"allow":["GET"]}}],"collection":[{"href":"https:\/\/altgsgrebenstein.de\/index.php?rest_route=\/wp\/v2\/posts"}],"about":[{"href":"https:\/\/altgsgrebenstein.de\/index.php?rest_route=\/wp\/v2\/types\/post"}],"author":[{"embeddable":true,"href":"https:\/\/altgsgrebenstein.de\/index.php?rest_route=\/wp\/v2\/users\/28"}],"replies":[{"embeddable":true,"href":"https:\/\/altgsgrebenstein.de\/index.php?rest_route=%2Fwp%2Fv2%2Fcomments&post=15415"}],"version-history":[{"count":9,"href":"https:\/\/altgsgrebenstein.de\/index.php?rest_route=\/wp\/v2\/posts\/15415\/revisions"}],"predecessor-version":[{"id":15456,"href":"https:\/\/altgsgrebenstein.de\/index.php?rest_route=\/wp\/v2\/posts\/15415\/revisions\/15456"}],"wp:attachment":[{"href":"https:\/\/altgsgrebenstein.de\/index.php?rest_route=%2Fwp%2Fv2%2Fmedia&parent=15415"}],"wp:term":[{"taxonomy":"category","embeddable":true,"href":"https:\/\/altgsgrebenstein.de\/index.php?rest_route=%2Fwp%2Fv2%2Fcategories&post=15415"},{"taxonomy":"post_tag","embeddable":true,"href":"https:\/\/altgsgrebenstein.de\/index.php?rest_route=%2Fwp%2Fv2%2Ftags&post=15415"}],"curies":[{"name":"wp","href":"https:\/\/api.w.org\/{rel}","templated":true}]}}