{"id":15395,"date":"2023-03-18T10:35:59","date_gmt":"2023-03-18T09:35:59","guid":{"rendered":"http:\/\/altgsgrebenstein.de\/?p=15395"},"modified":"2023-12-03T20:08:49","modified_gmt":"2023-12-03T19:08:49","slug":"zwei-klassen-unterstuetzen-ein-forschungsprojekt","status":"publish","type":"post","link":"https:\/\/altgsgrebenstein.de\/?p=15395","title":{"rendered":"Zwei Klassen unterst\u00fctzen ein Forschungsprojekt"},"content":{"rendered":"<p style=\"font-weight: 400;\">In Kooperation mit dem Stadtmuseum Hofgeismar und der dortigen p\u00e4dagogischen Leiterin, Frau Julia Drinnenberg, haben die Klassen H 9 und R 9b die Gr\u00e4ber des j\u00fcdischen Friedhofs in Grebenstein vermessen.<\/p>\n<div id='gallery-1' class='gallery galleryid-15395 gallery-columns-3 gallery-size-thumbnail'><figure class='gallery-item'>\n\t\t\t<div class='gallery-icon landscape'>\n\t\t\t\t<a href='https:\/\/altgsgrebenstein.de\/?attachment_id=15399'><img decoding=\"async\" width=\"150\" height=\"150\" src=\"https:\/\/altgsgrebenstein.de\/wp-content\/uploads\/2023\/03\/D0FE7413-6ED3-4902-BD12-3C86F88B4BEE-150x150.jpeg\" class=\"attachment-thumbnail size-thumbnail\" alt=\"\" srcset=\"https:\/\/altgsgrebenstein.de\/wp-content\/uploads\/2023\/03\/D0FE7413-6ED3-4902-BD12-3C86F88B4BEE-150x150.jpeg 150w, https:\/\/altgsgrebenstein.de\/wp-content\/uploads\/2023\/03\/D0FE7413-6ED3-4902-BD12-3C86F88B4BEE-300x300.jpeg 300w, https:\/\/altgsgrebenstein.de\/wp-content\/uploads\/2023\/03\/D0FE7413-6ED3-4902-BD12-3C86F88B4BEE-1024x1024.jpeg 1024w, https:\/\/altgsgrebenstein.de\/wp-content\/uploads\/2023\/03\/D0FE7413-6ED3-4902-BD12-3C86F88B4BEE-768x768.jpeg 768w, https:\/\/altgsgrebenstein.de\/wp-content\/uploads\/2023\/03\/D0FE7413-6ED3-4902-BD12-3C86F88B4BEE-1536x1536.jpeg 1536w, https:\/\/altgsgrebenstein.de\/wp-content\/uploads\/2023\/03\/D0FE7413-6ED3-4902-BD12-3C86F88B4BEE-2048x2048.jpeg 2048w\" sizes=\"(max-width: 150px) 100vw, 150px\" \/><\/a>\n\t\t\t<\/div><\/figure><figure class='gallery-item'>\n\t\t\t<div class='gallery-icon landscape'>\n\t\t\t\t<a href='https:\/\/altgsgrebenstein.de\/?attachment_id=15401'><img decoding=\"async\" width=\"150\" height=\"150\" src=\"https:\/\/altgsgrebenstein.de\/wp-content\/uploads\/2023\/03\/DE5FEE90-5019-4D94-B234-1F1F244B8848-150x150.jpeg\" class=\"attachment-thumbnail size-thumbnail\" alt=\"\" srcset=\"https:\/\/altgsgrebenstein.de\/wp-content\/uploads\/2023\/03\/DE5FEE90-5019-4D94-B234-1F1F244B8848-150x150.jpeg 150w, https:\/\/altgsgrebenstein.de\/wp-content\/uploads\/2023\/03\/DE5FEE90-5019-4D94-B234-1F1F244B8848-300x300.jpeg 300w, https:\/\/altgsgrebenstein.de\/wp-content\/uploads\/2023\/03\/DE5FEE90-5019-4D94-B234-1F1F244B8848-1024x1024.jpeg 1024w, https:\/\/altgsgrebenstein.de\/wp-content\/uploads\/2023\/03\/DE5FEE90-5019-4D94-B234-1F1F244B8848-768x768.jpeg 768w, https:\/\/altgsgrebenstein.de\/wp-content\/uploads\/2023\/03\/DE5FEE90-5019-4D94-B234-1F1F244B8848-1536x1536.jpeg 1536w, https:\/\/altgsgrebenstein.de\/wp-content\/uploads\/2023\/03\/DE5FEE90-5019-4D94-B234-1F1F244B8848-2048x2048.jpeg 2048w\" sizes=\"(max-width: 150px) 100vw, 150px\" \/><\/a>\n\t\t\t<\/div><\/figure>\n\t\t<\/div>\n\n<p style=\"font-weight: 400;\">Frau Drinnenberg stellte Anfang des Schuljahres eine Anfrage an die Schulleitung und stellte ihr Anliegen dar. Die beiden Lehrkr\u00e4fte Anna Meise (Klassenleitung H9) und Andreas Salomon (GL-Lehrer R9b) waren sofort interessiert und besprachen dies mit ihren Klassen.<\/p>\n<p style=\"font-weight: 400;\">Als Vorbereitung besuchten beide Klassen gemeinsam die j\u00fcdische Abteilung des Stadtmuseums Hofgeismar und erhielten dort eine F\u00fchrung durch die Ausstellung. Au\u00dferdem erkundeten die Klassen im Rahmen von Unterrichtsg\u00e4ngen die Stolpersteine in Grebenstein und erfuhren einiges \u00fcber j\u00fcdisches Leben in Grebenstein sowie die Schicksale zu Rahmen der nationalsozialistischen Verfolgung. Im Rahmen der Novemberpogrome 1938 wurde auch der Friedhof verw\u00fcstet und Grabsteine zerst\u00f6rt.<\/p>\n<p style=\"font-weight: 400;\">Am 14. und 15.03.2023 startete die Erkundung des j\u00fcdischen Friedhofs in Grebenstein.<\/p>\n<p style=\"font-weight: 400;\">Die Klassen trafen sich morgens am Burgberg und waren mit Zollst\u00f6cken, Ma\u00dfb\u00e4ndern sowie Klemmbrettern ausgestattet. In Zweiergruppen wurden die Grabsteine vermessen, Inschriften abgeschrieben und das Ganze wurde mit Skizzen versehen verschriftlicht.<\/p>\n<p style=\"font-weight: 400;\">Das Ziel des Projekt soll sein, dass Nachfahren der in Grebenstein begrabenen Personen nachvollziehen k\u00f6nnen, wo ihr Angeh\u00f6rigen beerdigt sind. Das Land Hessen hat sich die Aufgabe erstellt f\u00fcr jeden j\u00fcdischen Friedhof in Hessen ein Handbuch zu erstellen, das unter <a href=\"http:\/\/www.lagis-hessen.de\/\">www.Lagis-Hessen.de<\/a> abrufbar sein soll.<\/p>\n<p style=\"font-weight: 400;\">Zus\u00e4tzlich gab es ein Lernen an Stationen zum Thema Tod und Beerdigung im Judentum und jede\/r Sch\u00fcler*in konnte ihr\/sein Geburtstag im j\u00fcdischen Kalender errechnen.<\/p>\n<p style=\"font-weight: 400;\">Am Ende des ersten Tages konnte ein abgebrochener Grabstein seinem urspr\u00fcnglichen Grab zugewiesen und wieder dort platziert werden.<\/p>\n<p style=\"font-weight: 400;\">Die beiden Klassen hatten an ihren jeweiligen Projekttagen viel Freude und konnten praktisch mit allen Sinnen an einem religi\u00f6sen Ort historisch arbeiten.<\/p>\n","protected":false},"excerpt":{"rendered":"<p>In Kooperation mit dem Stadtmuseum Hofgeismar und der dortigen p\u00e4dagogischen Leiterin, Frau Julia Drinnenberg, haben die Klassen H 9 und R 9b die Gr\u00e4ber des j\u00fcdischen Friedhofs in Grebenstein vermessen. Frau Drinnenberg stellte Anfang des Schuljahres eine Anfrage an die Schulleitung und stellte ihr Anliegen dar. Die beiden Lehrkr\u00e4fte Anna Meise (Klassenleitung H9) und Andreas &hellip; <a href=\"https:\/\/altgsgrebenstein.de\/?p=15395\" class=\"more-link\"><span class=\"screen-reader-text\">Zwei Klassen unterst\u00fctzen ein Forschungsprojekt<\/span> weiterlesen <span class=\"meta-nav\">&rarr;<\/span><\/a><\/p>\n","protected":false},"author":21,"featured_media":0,"comment_status":"closed","ping_status":"closed","sticky":false,"template":"","format":"standard","meta":{"saved_in_kubio":false,"footnotes":""},"categories":[33,1],"tags":[],"class_list":["post-15395","post","type-post","status-publish","format-standard","hentry","category-archiv","category-uncategorized"],"_links":{"self":[{"href":"https:\/\/altgsgrebenstein.de\/index.php?rest_route=\/wp\/v2\/posts\/15395","targetHints":{"allow":["GET"]}}],"collection":[{"href":"https:\/\/altgsgrebenstein.de\/index.php?rest_route=\/wp\/v2\/posts"}],"about":[{"href":"https:\/\/altgsgrebenstein.de\/index.php?rest_route=\/wp\/v2\/types\/post"}],"author":[{"embeddable":true,"href":"https:\/\/altgsgrebenstein.de\/index.php?rest_route=\/wp\/v2\/users\/21"}],"replies":[{"embeddable":true,"href":"https:\/\/altgsgrebenstein.de\/index.php?rest_route=%2Fwp%2Fv2%2Fcomments&post=15395"}],"version-history":[{"count":5,"href":"https:\/\/altgsgrebenstein.de\/index.php?rest_route=\/wp\/v2\/posts\/15395\/revisions"}],"predecessor-version":[{"id":15406,"href":"https:\/\/altgsgrebenstein.de\/index.php?rest_route=\/wp\/v2\/posts\/15395\/revisions\/15406"}],"wp:attachment":[{"href":"https:\/\/altgsgrebenstein.de\/index.php?rest_route=%2Fwp%2Fv2%2Fmedia&parent=15395"}],"wp:term":[{"taxonomy":"category","embeddable":true,"href":"https:\/\/altgsgrebenstein.de\/index.php?rest_route=%2Fwp%2Fv2%2Fcategories&post=15395"},{"taxonomy":"post_tag","embeddable":true,"href":"https:\/\/altgsgrebenstein.de\/index.php?rest_route=%2Fwp%2Fv2%2Ftags&post=15395"}],"curies":[{"name":"wp","href":"https:\/\/api.w.org\/{rel}","templated":true}]}}