{"id":15352,"date":"2023-03-10T17:44:59","date_gmt":"2023-03-10T16:44:59","guid":{"rendered":"http:\/\/altgsgrebenstein.de\/?p=15352"},"modified":"2023-12-03T20:08:49","modified_gmt":"2023-12-03T19:08:49","slug":"mittelalterliche-stadtfuehrung-durch-grebenstein","status":"publish","type":"post","link":"https:\/\/altgsgrebenstein.de\/?p=15352","title":{"rendered":"Mittelalterliche Stadtf\u00fchrung durch Grebenstein"},"content":{"rendered":"<p style=\"font-weight: 400;\">Am 01.03.2023 nahm die Klasse G6a mit ihrer Klassenlehrerin Frau Gilfert von 10.00 bis 13.30 Uhr an einer Stadtf\u00fchrung durch Grebenstein zum Thema \u201eMittelalter\u201c mit Wolf Gebhard teil.<\/p>\n<p style=\"font-weight: 400;\">Um 10.00 Uhr trafen sie sich mit dem 80-J\u00e4hrigen vor dem Rathaus, von dem aus eine mittelalterliche Stadtf\u00fchrung starten sollte.<\/p>\n<p style=\"font-weight: 400;\">Zuerst berichtete der als Turmw\u00e4chter verkleidete Stadtf\u00fchrer von der Geschichte des Rathauses und erkl\u00e4rte, warum auf dem Grebensteiner Stadtwappen der Ritter Georg abgebildet ist. Auf dem Marktplatz vor dem Rathaus fand viermal im Jahr ein Markt statt, wovon der Nikolaimarkt noch heute \u00a0j\u00e4hrlich um die Weihnachtszeit stattfindet.<\/p>\n<p style=\"font-weight: 400;\">Danach lief die Klasse zur Liebfrauen-Kirche. Dort erz\u00e4hlte Herr Gebhard, dass im Mittelalter rund um die Kirche der Friedhof war, den man sp\u00e4ter wegen der \u00a0Pestepidemie auf den heutigen Schulhof verlegte. F\u00fcr die Sch\u00fcler:innen war es eine komische Vorstellung, dass noch heute Leichenteile unter dem Schulgel\u00e4nde liegen k\u00f6nnten. Au\u00dferdem erkl\u00e4rte Herr Gebhard, dass der Turmw\u00e4chter oben im Kirchturm gewohnt hatte und er die Aufgabe hatte, bei einem Feuer die Glocke als Warnung zu l\u00e4uten.<\/p>\n<p style=\"font-weight: 400;\">Anschlie\u00dfend sah sich die Klasse die Zehntscheune an. Dort wurde das Lehen jedes Bauern gelagert.<\/p>\n<p style=\"font-weight: 400;\">Dann ging die Klasse zum Jungfernturm. Erst sah sie sich den Kerker an und anschlie\u00dfend konnten die Sch\u00fcler:innen den Turm bis in die Dachspitze besteigen. Von ganz oben hatte man eine tolle Aussicht \u00fcber Grebenstein. Am Jungfernturm war fr\u00fcher eines der sechs Grebensteiner Stadttore. Von den T\u00fcrmen standen fr\u00fcher 13 in Grebenstein. Heutzutage sind noch f\u00fcnf von ihnen erhalten.<\/p>\n<p style=\"font-weight: 400;\">Im Anschluss lief die Klasse zum \u201eHaus Leck\u201c, welches Grebensteins zweit\u00e4ltestes Haus ist (erbaut 1431). Gegen\u00fcber vom Haus Leck ist die alte Meierei, die die Klasse auch von au\u00dfen bestaunen durfte.<\/p>\n<p style=\"font-weight: 400;\">Der n\u00e4chste Halt war am Burgtorturm. Der Stadtf\u00fchrer erkl\u00e4rte die Hagen von Grebenstein, die zur Verteidigung gedient hatten.<\/p>\n<p style=\"font-weight: 400;\">Anschlie\u00dfend lief die Klasse hoch auf die Burg. Trotz mancher H\u00f6henangst bestieg die gesamte Klasse die Burganlage. Herr Gebhard erkl\u00e4rte die unterschiedlichen Teile der ungef\u00e4hr 15m hohen Anlage. Er berichtete der Klasse von den unterschiedlichen Bewohnern der Burg und erz\u00e4hlte, dass diese 1266 erbaut wurde. Au\u00dferdem erz\u00e4hlte er die Sage der Wei\u00dfen Frau auf Burg Grebenstein, die manche angeblich noch heute bei Vollmond schreien h\u00f6ren.<\/p>\n<p style=\"font-weight: 400;\">Auf dem R\u00fcckweg von der Burg lief die Klasse zu den Hochwassermarken Grebensteins und zum Dreim\u00e4nnchen, was \u201eDrehm\u00e4nnchen\u201c hei\u00dft und nichts mit der Zahl \u201edrei\u201c zu tun hat. \u00a0Es ist eine Br\u00fccke, die auch als Verteidigungsanlage genutzt wurde.<\/p>\n<p style=\"font-weight: 400;\">Danach lief die Klasse zu einem der sechs Steinh\u00e4user Grebensteins, in dem das Saatgut f\u00fcr das n\u00e4chste Jahr aufbewahrt wurde, damit es nicht abbrennen konnte.<\/p>\n<p style=\"font-weight: 400;\">Am Pulverturm verabschiedete sich die Klasse G6a mit Frau Gilfert von Herrn Gebhard und \u00fcberreichte ihm eine Schachtel Pralinen als Dank f\u00fcr die interessante F\u00fchrung.<\/p>\n<p style=\"font-weight: 400;\">Die Sch\u00fcler:innen hatten sehr gro\u00dfen Respekt vor der Leistung von Herrn Gebhard, alles \u00fcber Grebenstein aus dem Kopf zu wissen. Der 80-j\u00e4hrige ist noch fit wie ein Turnschuh und war schneller auf der Burg als manche Sch\u00fcler:innen \ud83d\ude09<\/p>\n<p>(Lea Pfurr und Annika Faupel, G6a)<\/p>\n<p style=\"font-weight: 400;\"><img decoding=\"async\" class=\"alignnone size-medium wp-image-15353\" src=\"http:\/\/altgsgrebenstein.de\/wp-content\/uploads\/2023\/03\/23F99066-419C-4C37-AAE5-B6D2CCB00F88-300x225.jpeg\" alt=\"\" width=\"300\" height=\"225\" srcset=\"https:\/\/altgsgrebenstein.de\/wp-content\/uploads\/2023\/03\/23F99066-419C-4C37-AAE5-B6D2CCB00F88-300x225.jpeg 300w, https:\/\/altgsgrebenstein.de\/wp-content\/uploads\/2023\/03\/23F99066-419C-4C37-AAE5-B6D2CCB00F88-1024x768.jpeg 1024w, https:\/\/altgsgrebenstein.de\/wp-content\/uploads\/2023\/03\/23F99066-419C-4C37-AAE5-B6D2CCB00F88-768x576.jpeg 768w, https:\/\/altgsgrebenstein.de\/wp-content\/uploads\/2023\/03\/23F99066-419C-4C37-AAE5-B6D2CCB00F88-1536x1152.jpeg 1536w, https:\/\/altgsgrebenstein.de\/wp-content\/uploads\/2023\/03\/23F99066-419C-4C37-AAE5-B6D2CCB00F88-2048x1536.jpeg 2048w\" sizes=\"(max-width: 300px) 100vw, 300px\" \/><\/p>\n","protected":false},"excerpt":{"rendered":"<p>Am 01.03.2023 nahm die Klasse G6a mit ihrer Klassenlehrerin Frau Gilfert von 10.00 bis 13.30 Uhr an einer Stadtf\u00fchrung durch Grebenstein zum Thema \u201eMittelalter\u201c mit Wolf Gebhard teil. Um 10.00 Uhr trafen sie sich mit dem 80-J\u00e4hrigen vor dem Rathaus, von dem aus eine mittelalterliche Stadtf\u00fchrung starten sollte. Zuerst berichtete der als Turmw\u00e4chter verkleidete Stadtf\u00fchrer &hellip; <a href=\"https:\/\/altgsgrebenstein.de\/?p=15352\" class=\"more-link\"><span class=\"screen-reader-text\">Mittelalterliche Stadtf\u00fchrung durch Grebenstein<\/span> weiterlesen <span class=\"meta-nav\">&rarr;<\/span><\/a><\/p>\n","protected":false},"author":38,"featured_media":0,"comment_status":"closed","ping_status":"closed","sticky":false,"template":"","format":"standard","meta":{"saved_in_kubio":false,"footnotes":""},"categories":[33,59],"tags":[],"class_list":["post-15352","post","type-post","status-publish","format-standard","hentry","category-archiv","category-gesellschaftslehre"],"_links":{"self":[{"href":"https:\/\/altgsgrebenstein.de\/index.php?rest_route=\/wp\/v2\/posts\/15352","targetHints":{"allow":["GET"]}}],"collection":[{"href":"https:\/\/altgsgrebenstein.de\/index.php?rest_route=\/wp\/v2\/posts"}],"about":[{"href":"https:\/\/altgsgrebenstein.de\/index.php?rest_route=\/wp\/v2\/types\/post"}],"author":[{"embeddable":true,"href":"https:\/\/altgsgrebenstein.de\/index.php?rest_route=\/wp\/v2\/users\/38"}],"replies":[{"embeddable":true,"href":"https:\/\/altgsgrebenstein.de\/index.php?rest_route=%2Fwp%2Fv2%2Fcomments&post=15352"}],"version-history":[{"count":2,"href":"https:\/\/altgsgrebenstein.de\/index.php?rest_route=\/wp\/v2\/posts\/15352\/revisions"}],"predecessor-version":[{"id":15355,"href":"https:\/\/altgsgrebenstein.de\/index.php?rest_route=\/wp\/v2\/posts\/15352\/revisions\/15355"}],"wp:attachment":[{"href":"https:\/\/altgsgrebenstein.de\/index.php?rest_route=%2Fwp%2Fv2%2Fmedia&parent=15352"}],"wp:term":[{"taxonomy":"category","embeddable":true,"href":"https:\/\/altgsgrebenstein.de\/index.php?rest_route=%2Fwp%2Fv2%2Fcategories&post=15352"},{"taxonomy":"post_tag","embeddable":true,"href":"https:\/\/altgsgrebenstein.de\/index.php?rest_route=%2Fwp%2Fv2%2Ftags&post=15352"}],"curies":[{"name":"wp","href":"https:\/\/api.w.org\/{rel}","templated":true}]}}