{"id":15340,"date":"2023-03-05T12:40:40","date_gmt":"2023-03-05T11:40:40","guid":{"rendered":"http:\/\/altgsgrebenstein.de\/?p=15340"},"modified":"2023-12-03T20:08:49","modified_gmt":"2023-12-03T19:08:49","slug":"friedenskonzert-an-hgs-musik-kennt-keine-grenzen","status":"publish","type":"post","link":"https:\/\/altgsgrebenstein.de\/?p=15340","title":{"rendered":"Friedenskonzert an HGS &#8211; Musik kennt keine Grenzen"},"content":{"rendered":"<p><strong>Grebenstein.<\/strong> Ende Februar j\u00e4hrt sich der \u00dcberfall Russlands auf die Ukraine. Bilder von Zerst\u00f6rung und Leid sind seitdem t\u00e4glich zu sehen und Frieden am Ostrand Europas ist nicht in Sicht. Schon fr\u00fch positionierte sich die Schulgemeinde der Heinrich-Grupe-Schule und setzte mit dem \u201eMarsch f\u00fcr den Frieden\u201c im Fr\u00fchjahr 2022 ein Zeichen gegen diesen brutalen Angriffskrieg des Kreml-Machthabers.<\/p>\n<p>Diese Aktion brachte Karolin Schmitt-Weidmann, Ehefrau des Grebensteiner Gymnasialzweigleiters Dirk Weidmann und professionelle Musikerin, auf den Gedanken, auch musisch-kulturell ein Zeichen zu setzen. Ihre Idee stie\u00df bei Schulleiterin Martina Boye-Griesel auf gro\u00dfes Interesse und Ende Januar 2023 fand die Realisierung dieses Projektes als \u201eKultureller Wandelgang\u201c in den R\u00e4umlichkeiten der HGS statt.<\/p>\n<p>Die Auswirkungen des Krieges sind auch im l\u00e4ndlichen Grebenstein zu sp\u00fcren, existieren doch mittlerweile drei Intensivklassen, die zu einem Gro\u00dfteil von ukrainischen Kindern und Jugendlichen besucht werden. Gerade f\u00fcr sie sollte mit diesem Abend der Kultur ein Zeichen gesetzt werden.<\/p>\n<p>Neben kammermusikalischen Beitr\u00e4gen erlebten die zahlreichen G\u00e4ste Darbietungen der Theater AG, der Tanz AGs und der Schulband sowie eines Lateinkurses. Die Resonanz sei, so Schulleiterin Boye-Griesel, \u00fcberw\u00e4ltigend gewesen. Einerseits haben die Anwesenden zu sch\u00e4tzen gewusst, dass nach der langen Coronapause endlich wieder Kultur erlebbar war, sie h\u00e4tten jedoch genauso die Qualit\u00e4t des Gezeigten gew\u00fcrdigt. Neben Familienangeh\u00f6rigen seien auch zahleiche Besucher aus der Stadt Grebenstein gekommen.<\/p>\n<p>Die aufgestellten Spendenboxen seien am Ende gut gef\u00fcllt gewesen: Rund 700 Euro ergab die anschlie\u00dfende Z\u00e4hlung. Dieser Betrag erfuhr jedoch eine erhebliche Aufstockung.<\/p>\n<p>Als die Idee vom Friedensabend konkret wurde, seien sowohl die SV der Schule als der Rotary Club Kassel-Hofgeismar auf sie zugekommen, berichtete Boye-Griesel: \u201eDie SV stellte in der Mensa eine Spendenbox auf, die am Ende reichlich gef\u00fcllt war. Der Rotary-Club spendete einen Betrag in H\u00f6he von 300 Euro.\u201c<\/p>\n<p>Die stolze Summe von mehr als 1000 Euro kommt nun einer ukrainischen Musikschule zugute. Carolin Schmitt-Weidmann hatte hier den Kontakt hergestellt. Vom Erl\u00f6s k\u00f6nnen sich die jungen Musikanten \u00fcber Notenpakete, Instrumente und Zubeh\u00f6r freuen.<\/p>\n<p><img decoding=\"async\" class=\"size-large wp-image-15341 aligncenter\" src=\"http:\/\/altgsgrebenstein.de\/wp-content\/uploads\/2023\/03\/20230217_100520-1024x768.jpg\" alt=\"\" width=\"604\" height=\"453\" srcset=\"https:\/\/altgsgrebenstein.de\/wp-content\/uploads\/2023\/03\/20230217_100520-1024x768.jpg 1024w, https:\/\/altgsgrebenstein.de\/wp-content\/uploads\/2023\/03\/20230217_100520-300x225.jpg 300w, https:\/\/altgsgrebenstein.de\/wp-content\/uploads\/2023\/03\/20230217_100520-768x576.jpg 768w, https:\/\/altgsgrebenstein.de\/wp-content\/uploads\/2023\/03\/20230217_100520-1536x1152.jpg 1536w, https:\/\/altgsgrebenstein.de\/wp-content\/uploads\/2023\/03\/20230217_100520-2048x1536.jpg 2048w\" sizes=\"(max-width: 604px) 100vw, 604px\" \/><\/p>\n<p>An der Spenden\u00fcbergabe nahmen neben Initiatorin Karolin Schmitt-Weidmann auch Wolf Nottelmann, Vorsitzender von Rotary Kassel-Hofgeismar, Schulleiterin Martina Boye-Griesel sowie als Vertreter der SV Bente Wollert und Aaron Sch\u00e4fer (beide G10a) teil.<\/p>\n<p><em>Susann Adam<\/em><\/p>\n","protected":false},"excerpt":{"rendered":"<p>Grebenstein. Ende Februar j\u00e4hrt sich der \u00dcberfall Russlands auf die Ukraine. Bilder von Zerst\u00f6rung und Leid sind seitdem t\u00e4glich zu sehen und Frieden am Ostrand Europas ist nicht in Sicht. Schon fr\u00fch positionierte sich die Schulgemeinde der Heinrich-Grupe-Schule und setzte mit dem \u201eMarsch f\u00fcr den Frieden\u201c im Fr\u00fchjahr 2022 ein Zeichen gegen diesen brutalen Angriffskrieg &hellip; <a href=\"https:\/\/altgsgrebenstein.de\/?p=15340\" class=\"more-link\"><span class=\"screen-reader-text\">Friedenskonzert an HGS &#8211; Musik kennt keine Grenzen<\/span> weiterlesen <span class=\"meta-nav\">&rarr;<\/span><\/a><\/p>\n","protected":false},"author":28,"featured_media":0,"comment_status":"closed","ping_status":"closed","sticky":false,"template":"","format":"standard","meta":{"saved_in_kubio":false,"footnotes":""},"categories":[33,1],"tags":[],"class_list":["post-15340","post","type-post","status-publish","format-standard","hentry","category-archiv","category-uncategorized"],"_links":{"self":[{"href":"https:\/\/altgsgrebenstein.de\/index.php?rest_route=\/wp\/v2\/posts\/15340","targetHints":{"allow":["GET"]}}],"collection":[{"href":"https:\/\/altgsgrebenstein.de\/index.php?rest_route=\/wp\/v2\/posts"}],"about":[{"href":"https:\/\/altgsgrebenstein.de\/index.php?rest_route=\/wp\/v2\/types\/post"}],"author":[{"embeddable":true,"href":"https:\/\/altgsgrebenstein.de\/index.php?rest_route=\/wp\/v2\/users\/28"}],"replies":[{"embeddable":true,"href":"https:\/\/altgsgrebenstein.de\/index.php?rest_route=%2Fwp%2Fv2%2Fcomments&post=15340"}],"version-history":[{"count":3,"href":"https:\/\/altgsgrebenstein.de\/index.php?rest_route=\/wp\/v2\/posts\/15340\/revisions"}],"predecessor-version":[{"id":15344,"href":"https:\/\/altgsgrebenstein.de\/index.php?rest_route=\/wp\/v2\/posts\/15340\/revisions\/15344"}],"wp:attachment":[{"href":"https:\/\/altgsgrebenstein.de\/index.php?rest_route=%2Fwp%2Fv2%2Fmedia&parent=15340"}],"wp:term":[{"taxonomy":"category","embeddable":true,"href":"https:\/\/altgsgrebenstein.de\/index.php?rest_route=%2Fwp%2Fv2%2Fcategories&post=15340"},{"taxonomy":"post_tag","embeddable":true,"href":"https:\/\/altgsgrebenstein.de\/index.php?rest_route=%2Fwp%2Fv2%2Ftags&post=15340"}],"curies":[{"name":"wp","href":"https:\/\/api.w.org\/{rel}","templated":true}]}}