{"id":15260,"date":"2023-02-17T21:15:20","date_gmt":"2023-02-17T20:15:20","guid":{"rendered":"http:\/\/altgsgrebenstein.de\/?p=15260"},"modified":"2023-12-03T20:08:03","modified_gmt":"2023-12-03T19:08:03","slug":"besuch-vom-finanzamt-am-methodentag","status":"publish","type":"post","link":"https:\/\/altgsgrebenstein.de\/?p=15260","title":{"rendered":"Besuch vom Finanzamt am Methodentag"},"content":{"rendered":"<p style=\"font-weight: 400;\">Am 16.02.2023 kam das Finanzamt aus Kassel, um uns (G9a\/G9b) beim Methodentag einen kurzen \u00dcberblick zum Thema Steuern zu geben. Die Mitarbeiter Anna und Julius, die beide im Innendienst besch\u00e4ftigt sind, hielten eine Pr\u00e4sentation, um uns das Wichtigste rund um die Steuern zu erkl\u00e4ren.<\/p>\n<p style=\"font-weight: 400;\">\u00a0Zu Beginn machten sie eine Fragerunde, in der wir die uns bekannten Steuerarten nennen sollten. Danach erkl\u00e4rten sie uns, was Steuern sind und warum man sie braucht. Anschlie\u00dfend informierten sie uns \u00fcber die Inhalte ihres Berufs und die Ausbildungsm\u00f6glichkeiten im Finanzamt. Mit anschaulichen Beispielen zeigten sie uns, was man bei Steuererkl\u00e4rungen beachten muss und wie man die Lohnsteuer berechnet. Zum Abschluss durften wir selber eine Lohnsteuererkl\u00e4rung mit einem Musterbeispiel ausf\u00fcllen.<\/p>\n<p style=\"font-weight: 400;\">F\u00fcr uns Sch\u00fcler war es sehr interessant, einen kurzen Einblick in das Thema Steuern zu bekommen, vor allem, weil es sehr komplex ist und in der Schule oft nicht thematisiert wird.<\/p>\n<p style=\"font-weight: 400;\">Wir danken Anna und Julius f\u00fcr ihr Kommen, aber auch Frau Gilfert, die f\u00fcr die Organisation des berufsorientierten Methodentages zum Thema \u201eSteuern und Steuererkl\u00e4rung\u201c zust\u00e4ndig war.<\/p>\n<p style=\"font-weight: 400;\">(Emma Riechert und Luisa-Marie Burghard, G9a)<\/p>\n","protected":false},"excerpt":{"rendered":"<p>Am 16.02.2023 kam das Finanzamt aus Kassel, um uns (G9a\/G9b) beim Methodentag einen kurzen \u00dcberblick zum Thema Steuern zu geben. Die Mitarbeiter Anna und Julius, die beide im Innendienst besch\u00e4ftigt sind, hielten eine Pr\u00e4sentation, um uns das Wichtigste rund um die Steuern zu erkl\u00e4ren. \u00a0Zu Beginn machten sie eine Fragerunde, in der wir die uns &hellip; <a href=\"https:\/\/altgsgrebenstein.de\/?p=15260\" class=\"more-link\"><span class=\"screen-reader-text\">Besuch vom Finanzamt am Methodentag<\/span> weiterlesen <span class=\"meta-nav\">&rarr;<\/span><\/a><\/p>\n","protected":false},"author":38,"featured_media":0,"comment_status":"closed","ping_status":"closed","sticky":false,"template":"","format":"standard","meta":{"saved_in_kubio":false,"footnotes":""},"categories":[33,34],"tags":[],"class_list":["post-15260","post","type-post","status-publish","format-standard","hentry","category-archiv","category-berufsorientierung"],"_links":{"self":[{"href":"https:\/\/altgsgrebenstein.de\/index.php?rest_route=\/wp\/v2\/posts\/15260","targetHints":{"allow":["GET"]}}],"collection":[{"href":"https:\/\/altgsgrebenstein.de\/index.php?rest_route=\/wp\/v2\/posts"}],"about":[{"href":"https:\/\/altgsgrebenstein.de\/index.php?rest_route=\/wp\/v2\/types\/post"}],"author":[{"embeddable":true,"href":"https:\/\/altgsgrebenstein.de\/index.php?rest_route=\/wp\/v2\/users\/38"}],"replies":[{"embeddable":true,"href":"https:\/\/altgsgrebenstein.de\/index.php?rest_route=%2Fwp%2Fv2%2Fcomments&post=15260"}],"version-history":[{"count":1,"href":"https:\/\/altgsgrebenstein.de\/index.php?rest_route=\/wp\/v2\/posts\/15260\/revisions"}],"predecessor-version":[{"id":15261,"href":"https:\/\/altgsgrebenstein.de\/index.php?rest_route=\/wp\/v2\/posts\/15260\/revisions\/15261"}],"wp:attachment":[{"href":"https:\/\/altgsgrebenstein.de\/index.php?rest_route=%2Fwp%2Fv2%2Fmedia&parent=15260"}],"wp:term":[{"taxonomy":"category","embeddable":true,"href":"https:\/\/altgsgrebenstein.de\/index.php?rest_route=%2Fwp%2Fv2%2Fcategories&post=15260"},{"taxonomy":"post_tag","embeddable":true,"href":"https:\/\/altgsgrebenstein.de\/index.php?rest_route=%2Fwp%2Fv2%2Ftags&post=15260"}],"curies":[{"name":"wp","href":"https:\/\/api.w.org\/{rel}","templated":true}]}}