{"id":15246,"date":"2023-02-17T11:14:10","date_gmt":"2023-02-17T10:14:10","guid":{"rendered":"http:\/\/altgsgrebenstein.de\/?p=15246"},"modified":"2023-12-03T20:07:49","modified_gmt":"2023-12-03T19:07:49","slug":"kreisentscheid-vorlesewettbewerb-2022-23","status":"publish","type":"post","link":"https:\/\/altgsgrebenstein.de\/?p=15246","title":{"rendered":"Kreisentscheid Vorlesewettbewerb 2022\/ 23"},"content":{"rendered":"<p style=\"font-weight: 400;\">Nachdem Annika Faupel (G6a) den Schulentscheid gewonnen hatte, ging es nun f\u00fcr sie beim 64. Vorlesewettbewerb des Deutschen Buchhandels in die n\u00e4chste Runde:<\/p>\n<p style=\"font-weight: 400;\">Am Donnerstag, dem 09.02.2023, fand in der Ahnatal-Schule in Vellmar von 8.30 Uhr bis 11.30 Uhr der Kreisentscheid des Vorlesewettbewerbs statt.<\/p>\n<p style=\"font-weight: 400;\">Unterst\u00fctzung hatte Annika dabei von ihren Mitsch\u00fcler*innen Daniel Kaiser und Sarah Dwyhi, ihrer Klassenlehrerin Frau Gilfert und ihrer Mutter.<\/p>\n<p><img decoding=\"async\" class=\"alignnone size-medium wp-image-15247\" src=\"http:\/\/altgsgrebenstein.de\/wp-content\/uploads\/2023\/02\/7C612D81-2380-411E-90BF-D132784F69DD-300x232.jpeg\" alt=\"\" width=\"300\" height=\"232\" srcset=\"https:\/\/altgsgrebenstein.de\/wp-content\/uploads\/2023\/02\/7C612D81-2380-411E-90BF-D132784F69DD-300x232.jpeg 300w, https:\/\/altgsgrebenstein.de\/wp-content\/uploads\/2023\/02\/7C612D81-2380-411E-90BF-D132784F69DD-1024x793.jpeg 1024w, https:\/\/altgsgrebenstein.de\/wp-content\/uploads\/2023\/02\/7C612D81-2380-411E-90BF-D132784F69DD-768x594.jpeg 768w, https:\/\/altgsgrebenstein.de\/wp-content\/uploads\/2023\/02\/7C612D81-2380-411E-90BF-D132784F69DD-1536x1189.jpeg 1536w, https:\/\/altgsgrebenstein.de\/wp-content\/uploads\/2023\/02\/7C612D81-2380-411E-90BF-D132784F69DD.jpeg 1549w\" sizes=\"(max-width: 300px) 100vw, 300px\" \/><\/p>\n<p style=\"font-weight: 400;\">Die Musikklasse der GSA stimmte die Veranstaltung mit \u201eMoney, Money, Money\u201c von ABBA und einem weiteren Song ein. Danach er\u00f6ffnete Frau Christina Schmidt die Veranstaltung, durch die anschlie\u00dfend drei Sch\u00fcler*innen f\u00fchrten und zu Beginn die sechsk\u00f6pfige Jury vorstellten, die unter anderem aus dem ehemaligen Schulleiter der GSA, einer Referendarin, einem ehemaligen Sch\u00fcler und Frau Bikic von der Stadtb\u00fccherei Vellmar bestand.<\/p>\n<p><img decoding=\"async\" class=\"alignnone size-medium wp-image-15248\" src=\"http:\/\/altgsgrebenstein.de\/wp-content\/uploads\/2023\/02\/B8F51148-263B-4476-BA1E-CDE45E527B54-300x140.jpeg\" alt=\"\" width=\"300\" height=\"140\" srcset=\"https:\/\/altgsgrebenstein.de\/wp-content\/uploads\/2023\/02\/B8F51148-263B-4476-BA1E-CDE45E527B54-300x140.jpeg 300w, https:\/\/altgsgrebenstein.de\/wp-content\/uploads\/2023\/02\/B8F51148-263B-4476-BA1E-CDE45E527B54-768x359.jpeg 768w, https:\/\/altgsgrebenstein.de\/wp-content\/uploads\/2023\/02\/B8F51148-263B-4476-BA1E-CDE45E527B54.jpeg 1006w\" sizes=\"(max-width: 300px) 100vw, 300px\" \/><\/p>\n<p style=\"font-weight: 400;\">Alle 14 Schulsieger*innen stellten nun ihr selbst gew\u00e4hltes Buch vor und lasen daraus. Neben lustigen und spannenden B\u00fcchern, wie \u201eDie schlimmste Klasse der Welt\u201c oder \u201eNathans Flucht\u201c, gab es aber auch gesellschaftskritische Themen, wie in \u201eErebos\u201c oder in \u00a0Annikas Buch \u201eDas M\u00e4dchen Wadjda\u201c, das die Geschichte eines 10-j\u00e4hrigen M\u00e4dchens erz\u00e4hlt, das in Saudi-Arabien lebt. Ihr gr\u00f6\u00dfter Traum ist ein gr\u00fcnes Fahrrad aus dem Laden um die Ecke, doch leider d\u00fcrfen M\u00e4dchen in Saudi-Arabien kein Fahrrad fahren. Deshalb versucht Wadjda sehr einfallsreich sich ihren Traum zu erf\u00fcllen. Das Buch zeigt die Ungerechtigkeiten zwischen M\u00e4nnern und Frauen, die in einigen Teilen der Welt\u00a0 herrschen. F\u00fcr uns, hier in Deutschland, ist Gleichberechtigung zwischen M\u00e4nnern und Frauen gr\u00f6\u00dftenteils selbstverst\u00e4ndlich. Wadjda k\u00e4mpft mit ganzem Herzen f\u00fcr diese Gleichberechtigung.<\/p>\n<p style=\"font-weight: 400;\">Annika konnte mit einer sehr guten Vorstellung ihres Buches punkten, las gut betont und fehlerfrei ihre Textstelle vor und gelangte mit f\u00fcnf weiteren Sch\u00fcler*innen ins Finale. Dort lasen alle einen Fremdtext. Die Entscheidung fiel der Jury\u00a0 schwer, da alle Sch\u00fcler*innen sehr nah beieinander lagen. Letztendlich entschied Aniek Weerkamp von der gastgebenden Schule den diesj\u00e4hrigen Kreisentscheid f\u00fcr sich, dicht gefolgt von Annika, die einen tollen zweiten Platz belegte. Wir gratulieren ihr ganz herzlich zu dieser tollen Leistung!<img decoding=\"async\" class=\"alignnone size-medium wp-image-15249\" src=\"http:\/\/altgsgrebenstein.de\/wp-content\/uploads\/2023\/02\/B22FC457-2528-4C41-A58B-41A80846DB95-300x238.jpeg\" alt=\"\" width=\"300\" height=\"238\" srcset=\"https:\/\/altgsgrebenstein.de\/wp-content\/uploads\/2023\/02\/B22FC457-2528-4C41-A58B-41A80846DB95-300x238.jpeg 300w, https:\/\/altgsgrebenstein.de\/wp-content\/uploads\/2023\/02\/B22FC457-2528-4C41-A58B-41A80846DB95-1024x812.jpeg 1024w, https:\/\/altgsgrebenstein.de\/wp-content\/uploads\/2023\/02\/B22FC457-2528-4C41-A58B-41A80846DB95-768x609.jpeg 768w, https:\/\/altgsgrebenstein.de\/wp-content\/uploads\/2023\/02\/B22FC457-2528-4C41-A58B-41A80846DB95.jpeg 1512w\" sizes=\"(max-width: 300px) 100vw, 300px\" \/><\/p>\n","protected":false},"excerpt":{"rendered":"<p>Nachdem Annika Faupel (G6a) den Schulentscheid gewonnen hatte, ging es nun f\u00fcr sie beim 64. Vorlesewettbewerb des Deutschen Buchhandels in die n\u00e4chste Runde: Am Donnerstag, dem 09.02.2023, fand in der Ahnatal-Schule in Vellmar von 8.30 Uhr bis 11.30 Uhr der Kreisentscheid des Vorlesewettbewerbs statt. Unterst\u00fctzung hatte Annika dabei von ihren Mitsch\u00fcler*innen Daniel Kaiser und Sarah &hellip; <a href=\"https:\/\/altgsgrebenstein.de\/?p=15246\" class=\"more-link\"><span class=\"screen-reader-text\">Kreisentscheid Vorlesewettbewerb 2022\/ 23<\/span> weiterlesen <span class=\"meta-nav\">&rarr;<\/span><\/a><\/p>\n","protected":false},"author":38,"featured_media":0,"comment_status":"closed","ping_status":"closed","sticky":false,"template":"","format":"standard","meta":{"saved_in_kubio":false,"footnotes":""},"categories":[33,52],"tags":[],"class_list":["post-15246","post","type-post","status-publish","format-standard","hentry","category-archiv","category-veranstaltungen"],"_links":{"self":[{"href":"https:\/\/altgsgrebenstein.de\/index.php?rest_route=\/wp\/v2\/posts\/15246","targetHints":{"allow":["GET"]}}],"collection":[{"href":"https:\/\/altgsgrebenstein.de\/index.php?rest_route=\/wp\/v2\/posts"}],"about":[{"href":"https:\/\/altgsgrebenstein.de\/index.php?rest_route=\/wp\/v2\/types\/post"}],"author":[{"embeddable":true,"href":"https:\/\/altgsgrebenstein.de\/index.php?rest_route=\/wp\/v2\/users\/38"}],"replies":[{"embeddable":true,"href":"https:\/\/altgsgrebenstein.de\/index.php?rest_route=%2Fwp%2Fv2%2Fcomments&post=15246"}],"version-history":[{"count":1,"href":"https:\/\/altgsgrebenstein.de\/index.php?rest_route=\/wp\/v2\/posts\/15246\/revisions"}],"predecessor-version":[{"id":15250,"href":"https:\/\/altgsgrebenstein.de\/index.php?rest_route=\/wp\/v2\/posts\/15246\/revisions\/15250"}],"wp:attachment":[{"href":"https:\/\/altgsgrebenstein.de\/index.php?rest_route=%2Fwp%2Fv2%2Fmedia&parent=15246"}],"wp:term":[{"taxonomy":"category","embeddable":true,"href":"https:\/\/altgsgrebenstein.de\/index.php?rest_route=%2Fwp%2Fv2%2Fcategories&post=15246"},{"taxonomy":"post_tag","embeddable":true,"href":"https:\/\/altgsgrebenstein.de\/index.php?rest_route=%2Fwp%2Fv2%2Ftags&post=15246"}],"curies":[{"name":"wp","href":"https:\/\/api.w.org\/{rel}","templated":true}]}}