{"id":15157,"date":"2023-01-28T10:10:22","date_gmt":"2023-01-28T09:10:22","guid":{"rendered":"http:\/\/altgsgrebenstein.de\/?p=15157"},"modified":"2023-12-03T20:07:04","modified_gmt":"2023-12-03T19:07:04","slug":"friedenraeume-friedenstraeume-ein-erfolgreicher-wandelgang","status":"publish","type":"post","link":"https:\/\/altgsgrebenstein.de\/?p=15157","title":{"rendered":"Friedenr\u00e4ume.Friedenstr\u00e4ume &#8211; ein erfolgreicher Wandelgang"},"content":{"rendered":"<p><strong>Grebenstein. <\/strong>Ein kultureller Wandelgang zum Thema Frieden sollte es werden, viele Vorbereitungen wurden getroffen. Es wurde in den letzten Tagen und Wochen geprobt, organisiert und geschm\u00fcckt an der Heinrich-Grupe-Schule in Grebenstein&#8230;und am Freitag, den 27.01.2023 um 18 Uhr war es soweit. Voller Spannung versammelten sich \u00fcber 200 Angeh\u00f6rige der Schulgemeinde gemeinsam mit Freunden und Familie in der neuen Aula, um die Veranstaltung unter dem Namen &#8222;Friedensr\u00e4ume.Friedenstr\u00e4ume&#8220; zu er\u00f6ffnen.<\/p>\n<p><img decoding=\"async\" class=\"alignnone size-large wp-image-15159\" src=\"http:\/\/altgsgrebenstein.de\/wp-content\/uploads\/2023\/01\/20230127_180347-1024x576.jpg\" alt=\"\" width=\"604\" height=\"340\" srcset=\"https:\/\/altgsgrebenstein.de\/wp-content\/uploads\/2023\/01\/20230127_180347-1024x576.jpg 1024w, https:\/\/altgsgrebenstein.de\/wp-content\/uploads\/2023\/01\/20230127_180347-300x169.jpg 300w, https:\/\/altgsgrebenstein.de\/wp-content\/uploads\/2023\/01\/20230127_180347-768x432.jpg 768w, https:\/\/altgsgrebenstein.de\/wp-content\/uploads\/2023\/01\/20230127_180347-1536x864.jpg 1536w, https:\/\/altgsgrebenstein.de\/wp-content\/uploads\/2023\/01\/20230127_180347-2048x1152.jpg 2048w\" sizes=\"(max-width: 604px) 100vw, 604px\" \/><\/p>\n<p>Nach einem musikalischen Einstieg von Frederik Weidmann (G5b) am Cello und Initiatorin Karolin Schmitt-Weidmann am Klavier begr\u00fc\u00dfte Schulleiterin Martina Boye-Griesel gemeinsam mit Frau Schmitt-Weidmann die G\u00e4ste. <img decoding=\"async\" class=\"alignnone size-large wp-image-15158\" src=\"http:\/\/altgsgrebenstein.de\/wp-content\/uploads\/2023\/01\/20230127_180814-1024x576.jpg\" alt=\"\" width=\"604\" height=\"340\" srcset=\"https:\/\/altgsgrebenstein.de\/wp-content\/uploads\/2023\/01\/20230127_180814-1024x576.jpg 1024w, https:\/\/altgsgrebenstein.de\/wp-content\/uploads\/2023\/01\/20230127_180814-300x169.jpg 300w, https:\/\/altgsgrebenstein.de\/wp-content\/uploads\/2023\/01\/20230127_180814-768x432.jpg 768w, https:\/\/altgsgrebenstein.de\/wp-content\/uploads\/2023\/01\/20230127_180814-1536x864.jpg 1536w, https:\/\/altgsgrebenstein.de\/wp-content\/uploads\/2023\/01\/20230127_180814-2048x1152.jpg 2048w\" sizes=\"(max-width: 604px) 100vw, 604px\" \/><\/p>\n<p><img decoding=\"async\" class=\"alignnone size-large wp-image-15160\" src=\"http:\/\/altgsgrebenstein.de\/wp-content\/uploads\/2023\/01\/20230127_181021-1024x576.jpg\" alt=\"\" width=\"604\" height=\"340\" srcset=\"https:\/\/altgsgrebenstein.de\/wp-content\/uploads\/2023\/01\/20230127_181021-1024x576.jpg 1024w, https:\/\/altgsgrebenstein.de\/wp-content\/uploads\/2023\/01\/20230127_181021-300x169.jpg 300w, https:\/\/altgsgrebenstein.de\/wp-content\/uploads\/2023\/01\/20230127_181021-768x432.jpg 768w, https:\/\/altgsgrebenstein.de\/wp-content\/uploads\/2023\/01\/20230127_181021-1536x864.jpg 1536w, https:\/\/altgsgrebenstein.de\/wp-content\/uploads\/2023\/01\/20230127_181021-2048x1152.jpg 2048w\" sizes=\"(max-width: 604px) 100vw, 604px\" \/><\/p>\n<p>Nach einer weiteren Darbietung des St\u00fcckes &#8222;Song of the birds&#8220; von Pau Casals gab es eine Gesangseinlage der Sch\u00fclerin Vladyslava Skoryk (IKL), die einen ukrainischen Liedvortrag darbot.<\/p>\n<p><img decoding=\"async\" class=\"alignnone size-large wp-image-15162\" src=\"http:\/\/altgsgrebenstein.de\/wp-content\/uploads\/2023\/01\/20230127_182054-1024x576.jpg\" alt=\"\" width=\"604\" height=\"340\" srcset=\"https:\/\/altgsgrebenstein.de\/wp-content\/uploads\/2023\/01\/20230127_182054-1024x576.jpg 1024w, https:\/\/altgsgrebenstein.de\/wp-content\/uploads\/2023\/01\/20230127_182054-300x169.jpg 300w, https:\/\/altgsgrebenstein.de\/wp-content\/uploads\/2023\/01\/20230127_182054-768x432.jpg 768w, https:\/\/altgsgrebenstein.de\/wp-content\/uploads\/2023\/01\/20230127_182054-1536x864.jpg 1536w, https:\/\/altgsgrebenstein.de\/wp-content\/uploads\/2023\/01\/20230127_182054-2048x1152.jpg 2048w\" sizes=\"(max-width: 604px) 100vw, 604px\" \/><\/p>\n<p>Nach diesem gelungenen Einstieg wurden die G\u00e4ste weiter in den Innenhof gef\u00fchrt, in dem der WPU Theaterkurs von Hanne Schmidt die Sequenz &#8222;Niemals Gewalt&#8220; vorf\u00fchrte und mit Hilfe der Installation eine besondere Stimmung erzeugte.<\/p>\n<p><img decoding=\"async\" class=\"alignnone size-large wp-image-15163\" src=\"http:\/\/altgsgrebenstein.de\/wp-content\/uploads\/2023\/01\/20230127_182825-1024x578.jpg\" alt=\"\" width=\"604\" height=\"341\" srcset=\"https:\/\/altgsgrebenstein.de\/wp-content\/uploads\/2023\/01\/20230127_182825-1024x578.jpg 1024w, https:\/\/altgsgrebenstein.de\/wp-content\/uploads\/2023\/01\/20230127_182825-300x169.jpg 300w, https:\/\/altgsgrebenstein.de\/wp-content\/uploads\/2023\/01\/20230127_182825-768x433.jpg 768w, https:\/\/altgsgrebenstein.de\/wp-content\/uploads\/2023\/01\/20230127_182825-1536x866.jpg 1536w, https:\/\/altgsgrebenstein.de\/wp-content\/uploads\/2023\/01\/20230127_182825-2048x1155.jpg 2048w\" sizes=\"(max-width: 604px) 100vw, 604px\" \/><\/p>\n<p><img decoding=\"async\" class=\"alignnone size-large wp-image-15164\" src=\"http:\/\/altgsgrebenstein.de\/wp-content\/uploads\/2023\/01\/20230127_183310-1024x576.jpg\" alt=\"\" width=\"604\" height=\"340\" srcset=\"https:\/\/altgsgrebenstein.de\/wp-content\/uploads\/2023\/01\/20230127_183310-1024x576.jpg 1024w, https:\/\/altgsgrebenstein.de\/wp-content\/uploads\/2023\/01\/20230127_183310-300x169.jpg 300w, https:\/\/altgsgrebenstein.de\/wp-content\/uploads\/2023\/01\/20230127_183310-768x432.jpg 768w, https:\/\/altgsgrebenstein.de\/wp-content\/uploads\/2023\/01\/20230127_183310-1536x864.jpg 1536w, https:\/\/altgsgrebenstein.de\/wp-content\/uploads\/2023\/01\/20230127_183310-2048x1152.jpg 2048w\" sizes=\"(max-width: 604px) 100vw, 604px\" \/><\/p>\n<p>&nbsp;<\/p>\n<p><img decoding=\"async\" class=\"alignnone size-large wp-image-15168\" src=\"http:\/\/altgsgrebenstein.de\/wp-content\/uploads\/2023\/01\/20230127_1835510-1024x576.jpg\" alt=\"\" width=\"604\" height=\"340\" srcset=\"https:\/\/altgsgrebenstein.de\/wp-content\/uploads\/2023\/01\/20230127_1835510-1024x576.jpg 1024w, https:\/\/altgsgrebenstein.de\/wp-content\/uploads\/2023\/01\/20230127_1835510-300x169.jpg 300w, https:\/\/altgsgrebenstein.de\/wp-content\/uploads\/2023\/01\/20230127_1835510-768x432.jpg 768w, https:\/\/altgsgrebenstein.de\/wp-content\/uploads\/2023\/01\/20230127_1835510-1536x864.jpg 1536w, https:\/\/altgsgrebenstein.de\/wp-content\/uploads\/2023\/01\/20230127_1835510-2048x1152.jpg 2048w\" sizes=\"(max-width: 604px) 100vw, 604px\" \/> <img decoding=\"async\" class=\"alignnone size-large wp-image-15169\" src=\"http:\/\/altgsgrebenstein.de\/wp-content\/uploads\/2023\/01\/20230127_183804-1024x576.jpg\" alt=\"\" width=\"604\" height=\"340\" srcset=\"https:\/\/altgsgrebenstein.de\/wp-content\/uploads\/2023\/01\/20230127_183804-1024x576.jpg 1024w, https:\/\/altgsgrebenstein.de\/wp-content\/uploads\/2023\/01\/20230127_183804-300x169.jpg 300w, https:\/\/altgsgrebenstein.de\/wp-content\/uploads\/2023\/01\/20230127_183804-768x432.jpg 768w, https:\/\/altgsgrebenstein.de\/wp-content\/uploads\/2023\/01\/20230127_183804-1536x864.jpg 1536w, https:\/\/altgsgrebenstein.de\/wp-content\/uploads\/2023\/01\/20230127_183804-2048x1152.jpg 2048w\" sizes=\"(max-width: 604px) 100vw, 604px\" \/><\/p>\n<p>Der Wandelgang f\u00fchrte anschlie\u00dfend in die Kulturhalle, wo die Tanz-AGs von Frauke Lackner und Jorge Parra-Gimenez drei unterschiedliche Tanzst\u00fccke zum Thema Frieden auff\u00fchrten.<\/p>\n<p><img decoding=\"async\" class=\"alignnone size-large wp-image-15166\" src=\"http:\/\/altgsgrebenstein.de\/wp-content\/uploads\/2023\/01\/20230127_185546-1024x576.jpg\" alt=\"\" width=\"604\" height=\"340\" srcset=\"https:\/\/altgsgrebenstein.de\/wp-content\/uploads\/2023\/01\/20230127_185546-1024x576.jpg 1024w, https:\/\/altgsgrebenstein.de\/wp-content\/uploads\/2023\/01\/20230127_185546-300x169.jpg 300w, https:\/\/altgsgrebenstein.de\/wp-content\/uploads\/2023\/01\/20230127_185546-768x432.jpg 768w, https:\/\/altgsgrebenstein.de\/wp-content\/uploads\/2023\/01\/20230127_185546-1536x864.jpg 1536w, https:\/\/altgsgrebenstein.de\/wp-content\/uploads\/2023\/01\/20230127_185546-2048x1152.jpg 2048w\" sizes=\"(max-width: 604px) 100vw, 604px\" \/><\/p>\n<p><img decoding=\"async\" class=\"alignnone size-large wp-image-15170\" src=\"http:\/\/altgsgrebenstein.de\/wp-content\/uploads\/2023\/01\/20230127_185040-1024x576.jpg\" alt=\"\" width=\"604\" height=\"340\" srcset=\"https:\/\/altgsgrebenstein.de\/wp-content\/uploads\/2023\/01\/20230127_185040-1024x576.jpg 1024w, https:\/\/altgsgrebenstein.de\/wp-content\/uploads\/2023\/01\/20230127_185040-300x169.jpg 300w, https:\/\/altgsgrebenstein.de\/wp-content\/uploads\/2023\/01\/20230127_185040-768x432.jpg 768w, https:\/\/altgsgrebenstein.de\/wp-content\/uploads\/2023\/01\/20230127_185040-1536x864.jpg 1536w, https:\/\/altgsgrebenstein.de\/wp-content\/uploads\/2023\/01\/20230127_185040-2048x1152.jpg 2048w\" sizes=\"(max-width: 604px) 100vw, 604px\" \/><\/p>\n<p><img decoding=\"async\" class=\"alignnone size-large wp-image-15182\" src=\"http:\/\/altgsgrebenstein.de\/wp-content\/uploads\/2023\/01\/DSC_9473-683x1024.jpg\" alt=\"\" width=\"604\" height=\"906\" srcset=\"https:\/\/altgsgrebenstein.de\/wp-content\/uploads\/2023\/01\/DSC_9473-683x1024.jpg 683w, https:\/\/altgsgrebenstein.de\/wp-content\/uploads\/2023\/01\/DSC_9473-200x300.jpg 200w, https:\/\/altgsgrebenstein.de\/wp-content\/uploads\/2023\/01\/DSC_9473-768x1152.jpg 768w, https:\/\/altgsgrebenstein.de\/wp-content\/uploads\/2023\/01\/DSC_9473-1024x1536.jpg 1024w, https:\/\/altgsgrebenstein.de\/wp-content\/uploads\/2023\/01\/DSC_9473-1365x2048.jpg 1365w, https:\/\/altgsgrebenstein.de\/wp-content\/uploads\/2023\/01\/DSC_9473-scaled.jpg 1707w\" sizes=\"(max-width: 604px) 100vw, 604px\" \/><\/p>\n<div style=\"width: 604px;\" class=\"wp-video\"><!--[if lt IE 9]><script>document.createElement('video');<\/script><![endif]-->\n<video class=\"wp-video-shortcode\" id=\"video-15157-1\" width=\"604\" height=\"342\" preload=\"metadata\" controls=\"controls\"><source type=\"video\/mp4\" src=\"http:\/\/altgsgrebenstein.de\/wp-content\/uploads\/2023\/01\/VID-20230128-WA0003.mp4?_=1\" \/><a href=\"http:\/\/altgsgrebenstein.de\/wp-content\/uploads\/2023\/01\/VID-20230128-WA0003.mp4\">http:\/\/altgsgrebenstein.de\/wp-content\/uploads\/2023\/01\/VID-20230128-WA0003.mp4<\/a><\/video><\/div>\n<p>Von der Kulturhalle aus ging es noch einmal in den Innenhof, wo der Lateinkurs der G9 von Dirk Weidmann die Stimmenskulptur &#8222;Das Kassandra-Syndrom&#8220; aus unterschiedlichen Standorten heraus pr\u00e4sentierte und zum Nachdenken anregte.<\/p>\n<p><img decoding=\"async\" class=\"alignnone size-large wp-image-15171\" src=\"http:\/\/altgsgrebenstein.de\/wp-content\/uploads\/2023\/01\/20230127_190652-1024x576.jpg\" alt=\"\" width=\"604\" height=\"340\" srcset=\"https:\/\/altgsgrebenstein.de\/wp-content\/uploads\/2023\/01\/20230127_190652-1024x576.jpg 1024w, https:\/\/altgsgrebenstein.de\/wp-content\/uploads\/2023\/01\/20230127_190652-300x169.jpg 300w, https:\/\/altgsgrebenstein.de\/wp-content\/uploads\/2023\/01\/20230127_190652-768x432.jpg 768w, https:\/\/altgsgrebenstein.de\/wp-content\/uploads\/2023\/01\/20230127_190652-1536x864.jpg 1536w, https:\/\/altgsgrebenstein.de\/wp-content\/uploads\/2023\/01\/20230127_190652-2048x1152.jpg 2048w\" sizes=\"(max-width: 604px) 100vw, 604px\" \/> <img decoding=\"async\" class=\"alignnone size-large wp-image-15172\" src=\"http:\/\/altgsgrebenstein.de\/wp-content\/uploads\/2023\/01\/20230127_190741-1024x578.jpg\" alt=\"\" width=\"604\" height=\"341\" srcset=\"https:\/\/altgsgrebenstein.de\/wp-content\/uploads\/2023\/01\/20230127_190741-1024x578.jpg 1024w, https:\/\/altgsgrebenstein.de\/wp-content\/uploads\/2023\/01\/20230127_190741-300x169.jpg 300w, https:\/\/altgsgrebenstein.de\/wp-content\/uploads\/2023\/01\/20230127_190741-768x433.jpg 768w, https:\/\/altgsgrebenstein.de\/wp-content\/uploads\/2023\/01\/20230127_190741-1536x866.jpg 1536w, https:\/\/altgsgrebenstein.de\/wp-content\/uploads\/2023\/01\/20230127_190741-2048x1155.jpg 2048w\" sizes=\"(max-width: 604px) 100vw, 604px\" \/><\/p>\n<p>\u00dcber den Mensanebenraum, in dem unterschiedliche Ergebnisse aus dem Kunstunterricht zum Thema Frieden ausgestellt waren, ging es zum Abschluss der Veranstaltung in die Mensa.<\/p>\n<p><img decoding=\"async\" class=\"alignnone size-large wp-image-15173\" src=\"http:\/\/altgsgrebenstein.de\/wp-content\/uploads\/2023\/01\/20230127_191439-1024x576.jpg\" alt=\"\" width=\"604\" height=\"340\" srcset=\"https:\/\/altgsgrebenstein.de\/wp-content\/uploads\/2023\/01\/20230127_191439-1024x576.jpg 1024w, https:\/\/altgsgrebenstein.de\/wp-content\/uploads\/2023\/01\/20230127_191439-300x169.jpg 300w, https:\/\/altgsgrebenstein.de\/wp-content\/uploads\/2023\/01\/20230127_191439-768x432.jpg 768w, https:\/\/altgsgrebenstein.de\/wp-content\/uploads\/2023\/01\/20230127_191439-1536x864.jpg 1536w, https:\/\/altgsgrebenstein.de\/wp-content\/uploads\/2023\/01\/20230127_191439-2048x1152.jpg 2048w\" sizes=\"(max-width: 604px) 100vw, 604px\" \/><\/p>\n<p>Hier wurde eine Videoinstallation mit dem Thema &#8222;Frieden bedeutet f\u00fcr mich&#8230;&#8220; gezeigt, in der Sch\u00fclerinnen und Sch\u00fcler der HGS erz\u00e4hlten, was f\u00fcr sie pers\u00f6nlich Frieden ausmacht.<\/p>\n<p>Das grandiose Finale \u00fcbernahm die Schulband mit den Songs &#8222;Mamma mia&#8220;, &#8222;Home&#8220;, &#8222;Back in black&#8220; und &#8222;Take me home&#8220; und sorgte f\u00fcr eine tolle Stimmung.<\/p>\n<p><img decoding=\"async\" class=\"alignnone size-large wp-image-15174\" src=\"http:\/\/altgsgrebenstein.de\/wp-content\/uploads\/2023\/01\/20230127_191817-1024x576.jpg\" alt=\"\" width=\"604\" height=\"340\" srcset=\"https:\/\/altgsgrebenstein.de\/wp-content\/uploads\/2023\/01\/20230127_191817-1024x576.jpg 1024w, https:\/\/altgsgrebenstein.de\/wp-content\/uploads\/2023\/01\/20230127_191817-300x169.jpg 300w, https:\/\/altgsgrebenstein.de\/wp-content\/uploads\/2023\/01\/20230127_191817-768x432.jpg 768w, https:\/\/altgsgrebenstein.de\/wp-content\/uploads\/2023\/01\/20230127_191817-1536x864.jpg 1536w, https:\/\/altgsgrebenstein.de\/wp-content\/uploads\/2023\/01\/20230127_191817-2048x1152.jpg 2048w\" sizes=\"(max-width: 604px) 100vw, 604px\" \/><\/p>\n<p>Eine sehr beeindruckende und vielschichtige Veranstaltung ging nun zu Ende.<\/p>\n<p>Friedensr\u00e4ume &#8211; in jedem der besuchten R\u00e4ume des Wandelgangs gab es auch inneren Raum zum Nachdenken, zum Innehalten.<\/p>\n<p>Friedenstr\u00e4ume &#8211; der Wunsch nach Gl\u00fcck und Frieden kam auf wundervolle Weise in jedem der gezeigten St\u00fccke ganz individuell zum Ausdruck.<\/p>\n<p>Die HGS bedankt sich herzlich f\u00fcr die zahlreiche Teilnahme und die Spenden, die einer ukrainischen Schule zu Gute kommen.<\/p>\n<p><img decoding=\"async\" class=\"alignnone size-large wp-image-15178\" src=\"http:\/\/altgsgrebenstein.de\/wp-content\/uploads\/2023\/01\/20230127_184659-1024x576.jpg\" alt=\"\" width=\"604\" height=\"340\" srcset=\"https:\/\/altgsgrebenstein.de\/wp-content\/uploads\/2023\/01\/20230127_184659-1024x576.jpg 1024w, https:\/\/altgsgrebenstein.de\/wp-content\/uploads\/2023\/01\/20230127_184659-300x169.jpg 300w, https:\/\/altgsgrebenstein.de\/wp-content\/uploads\/2023\/01\/20230127_184659-768x432.jpg 768w, https:\/\/altgsgrebenstein.de\/wp-content\/uploads\/2023\/01\/20230127_184659-1536x864.jpg 1536w, https:\/\/altgsgrebenstein.de\/wp-content\/uploads\/2023\/01\/20230127_184659-2048x1152.jpg 2048w\" sizes=\"(max-width: 604px) 100vw, 604px\" \/><\/p>\n<p>Jens Lautze<\/p>\n","protected":false},"excerpt":{"rendered":"<p>Grebenstein. Ein kultureller Wandelgang zum Thema Frieden sollte es werden, viele Vorbereitungen wurden getroffen. Es wurde in den letzten Tagen und Wochen geprobt, organisiert und geschm\u00fcckt an der Heinrich-Grupe-Schule in Grebenstein&#8230;und am Freitag, den 27.01.2023 um 18 Uhr war es soweit. Voller Spannung versammelten sich \u00fcber 200 Angeh\u00f6rige der Schulgemeinde gemeinsam mit Freunden und Familie &hellip; <a href=\"https:\/\/altgsgrebenstein.de\/?p=15157\" class=\"more-link\"><span class=\"screen-reader-text\">Friedenr\u00e4ume.Friedenstr\u00e4ume &#8211; ein erfolgreicher Wandelgang<\/span> weiterlesen <span class=\"meta-nav\">&rarr;<\/span><\/a><\/p>\n","protected":false},"author":28,"featured_media":0,"comment_status":"closed","ping_status":"closed","sticky":false,"template":"","format":"standard","meta":{"saved_in_kubio":false,"footnotes":""},"categories":[33,1],"tags":[],"class_list":["post-15157","post","type-post","status-publish","format-standard","hentry","category-archiv","category-uncategorized"],"_links":{"self":[{"href":"https:\/\/altgsgrebenstein.de\/index.php?rest_route=\/wp\/v2\/posts\/15157","targetHints":{"allow":["GET"]}}],"collection":[{"href":"https:\/\/altgsgrebenstein.de\/index.php?rest_route=\/wp\/v2\/posts"}],"about":[{"href":"https:\/\/altgsgrebenstein.de\/index.php?rest_route=\/wp\/v2\/types\/post"}],"author":[{"embeddable":true,"href":"https:\/\/altgsgrebenstein.de\/index.php?rest_route=\/wp\/v2\/users\/28"}],"replies":[{"embeddable":true,"href":"https:\/\/altgsgrebenstein.de\/index.php?rest_route=%2Fwp%2Fv2%2Fcomments&post=15157"}],"version-history":[{"count":6,"href":"https:\/\/altgsgrebenstein.de\/index.php?rest_route=\/wp\/v2\/posts\/15157\/revisions"}],"predecessor-version":[{"id":15183,"href":"https:\/\/altgsgrebenstein.de\/index.php?rest_route=\/wp\/v2\/posts\/15157\/revisions\/15183"}],"wp:attachment":[{"href":"https:\/\/altgsgrebenstein.de\/index.php?rest_route=%2Fwp%2Fv2%2Fmedia&parent=15157"}],"wp:term":[{"taxonomy":"category","embeddable":true,"href":"https:\/\/altgsgrebenstein.de\/index.php?rest_route=%2Fwp%2Fv2%2Fcategories&post=15157"},{"taxonomy":"post_tag","embeddable":true,"href":"https:\/\/altgsgrebenstein.de\/index.php?rest_route=%2Fwp%2Fv2%2Ftags&post=15157"}],"curies":[{"name":"wp","href":"https:\/\/api.w.org\/{rel}","templated":true}]}}