{"id":15115,"date":"2023-01-11T15:58:06","date_gmt":"2023-01-11T14:58:06","guid":{"rendered":"http:\/\/altgsgrebenstein.de\/?p=15115"},"modified":"2023-12-03T20:06:57","modified_gmt":"2023-12-03T19:06:57","slug":"hgs-grebenstein-schulamtssieger-tischtennis-jugend-trainiert-fuer-olympia-wk2","status":"publish","type":"post","link":"https:\/\/altgsgrebenstein.de\/?p=15115","title":{"rendered":"HGS Grebenstein Schulamtssieger Tischtennis \u201eJugend trainiert f\u00fcr Olympia\u201c WK2"},"content":{"rendered":"\r\n<p>Am 11.1.2023 war es nach langer Corona-Abstinenz endlich wieder soweit: <br \/>Die Tischtennismannschaft der HGS trat in der Wettkampfklasse II (2007-2009) in Vellmar gegen zwei andere Mitbewerber um die Qualifikation f\u00fcr den Regionalentscheid im<br \/>Februar an. Die GSA aus Vellmar und die W-L-Schule aus Wolfhagen waren heute die einzigen Kontrahenten, da eine gemeldete Schule aus Kassel kurzfristig absagte.<\/p>\r\n<p><img decoding=\"async\" src=\"http:\/\/altgsgrebenstein.de\/wp-content\/uploads\/2023\/01\/IMG_20230111_100406-begruessung-1024x679.jpg\" \/><\/p>\r\n<p>In der ger\u00e4umigen und mit ausreichend TT-Tischen best\u00fcckten Br\u00fcder-Grimm-Halle fielen die gelben Schultrikots von S\u00f6ren, Aaron, Ben, Mattis, Kalle, Mico, David und Cedric schon einmal positiv auf. Nach einem \u201eFreilos\u201c und damit einhergehend l\u00e4ngerer Einspielzeit, trat man zuerst gegen den Gastgeber, die GSA Vellmar, an. Hier folgte das n\u00e4chste positive<br \/>Zeichen, da man schnell mit 5:2 in F\u00fchrung ging und man somit den Sieg bereits vor Ende aller Matches sicher hatte. Endstand 5:4.<\/p>\r\n<p><img decoding=\"async\" src=\"http:\/\/altgsgrebenstein.de\/wp-content\/uploads\/2023\/01\/IMG_20230111_095439-gesamtperspektive-300x243.jpg\" \/>\u00a0 \u00a0 \u00a0 \u00a0 \u00a0 \u00a0 \u00a0 <img decoding=\"async\" src=\"http:\/\/altgsgrebenstein.de\/wp-content\/uploads\/2023\/01\/IMG_20230111_100355-begruessung-nur-team-hgs-257x300.jpg\" \/><\/p>\r\n<p>Das n\u00e4chste und entscheidende Spiel sollte gegen die W-L-Schule aus Wolfhagen sein, denn auch diese hatte ihr erstes Match gewonnen. Hier galt es jedoch einen 3:4 R\u00fcckstand aufzuholen. Unter anderem aufgrund des st\u00e4rksten Spielers in der Halle, der gl\u00fccklicherweise bei der HGS an Position 1 spielte, sowie einer sehr ausgeglichen besetzen Mannschaft, konnte man sich hier knapp im Schlussdoppel ebenfalls mit 5:4 durchsetzen.<\/p>\r\n<p><img decoding=\"async\" class=\"\" src=\"http:\/\/altgsgrebenstein.de\/wp-content\/uploads\/2023\/01\/IMG_20230111_113555-d1-soeren-aaron-300x267.jpg\" width=\"266\" height=\"237\" \/>\u00a0 \u00a0 \u00a0 \u00a0 \u00a0 \u00a0 \u00a0 \u00a0 \u00a0 \u00a0 \u00a0 \u00a0 \u00a0 \u00a0<img decoding=\"async\" class=\"\" src=\"http:\/\/altgsgrebenstein.de\/wp-content\/uploads\/2023\/01\/IMG_20230111_113607-d2-ben-mico-300x300.jpg\" width=\"239\" height=\"239\" \/><\/p>\r\n<p>Somit wird die HGS Grebenstein am 15.2.2023 in Kassel beim Regionalentscheid erneut antreten k\u00f6nnen und nat\u00fcrlich gegen die vier anderen qualifizierten Schulen ihr bestes geben!<\/p>\r\n<p><img decoding=\"async\" class=\"aligncenter\" src=\"http:\/\/altgsgrebenstein.de\/wp-content\/uploads\/2023\/01\/IMG_20230111_122952-siegerfoto-besser-297x300.jpg\" width=\"468\" height=\"473\" \/> <br \/>Ach, und da war ja noch das unbedachte Versprechen des begleitenden Sportlehrers auf dem Hinweg als man ein bekanntes Fastfood Logo sah: \u201eWenn ihr euch heute qualifiziert, gebe ich f\u00fcr alle eine Runde Pommes aus \u2026\u201c \u2013 na ja, gesagt, getan : &#8211; )<\/p>\r\n","protected":false},"excerpt":{"rendered":"<p>Am 11.1.2023 war es nach langer Corona-Abstinenz endlich wieder soweit: Die Tischtennismannschaft der HGS trat in der Wettkampfklasse II (2007-2009) in Vellmar gegen zwei andere Mitbewerber um die Qualifikation f\u00fcr den Regionalentscheid imFebruar an. Die GSA aus Vellmar und die W-L-Schule aus Wolfhagen waren heute die einzigen Kontrahenten, da eine gemeldete Schule aus Kassel kurzfristig &hellip; <a href=\"https:\/\/altgsgrebenstein.de\/?p=15115\" class=\"more-link\"><span class=\"screen-reader-text\">HGS Grebenstein Schulamtssieger Tischtennis \u201eJugend trainiert f\u00fcr Olympia\u201c WK2<\/span> weiterlesen <span class=\"meta-nav\">&rarr;<\/span><\/a><\/p>\n","protected":false},"author":23,"featured_media":0,"comment_status":"closed","ping_status":"closed","sticky":false,"template":"","format":"standard","meta":{"saved_in_kubio":false,"footnotes":""},"categories":[33,1],"tags":[],"class_list":["post-15115","post","type-post","status-publish","format-standard","hentry","category-archiv","category-uncategorized"],"_links":{"self":[{"href":"https:\/\/altgsgrebenstein.de\/index.php?rest_route=\/wp\/v2\/posts\/15115","targetHints":{"allow":["GET"]}}],"collection":[{"href":"https:\/\/altgsgrebenstein.de\/index.php?rest_route=\/wp\/v2\/posts"}],"about":[{"href":"https:\/\/altgsgrebenstein.de\/index.php?rest_route=\/wp\/v2\/types\/post"}],"author":[{"embeddable":true,"href":"https:\/\/altgsgrebenstein.de\/index.php?rest_route=\/wp\/v2\/users\/23"}],"replies":[{"embeddable":true,"href":"https:\/\/altgsgrebenstein.de\/index.php?rest_route=%2Fwp%2Fv2%2Fcomments&post=15115"}],"version-history":[{"count":11,"href":"https:\/\/altgsgrebenstein.de\/index.php?rest_route=\/wp\/v2\/posts\/15115\/revisions"}],"predecessor-version":[{"id":15135,"href":"https:\/\/altgsgrebenstein.de\/index.php?rest_route=\/wp\/v2\/posts\/15115\/revisions\/15135"}],"wp:attachment":[{"href":"https:\/\/altgsgrebenstein.de\/index.php?rest_route=%2Fwp%2Fv2%2Fmedia&parent=15115"}],"wp:term":[{"taxonomy":"category","embeddable":true,"href":"https:\/\/altgsgrebenstein.de\/index.php?rest_route=%2Fwp%2Fv2%2Fcategories&post=15115"},{"taxonomy":"post_tag","embeddable":true,"href":"https:\/\/altgsgrebenstein.de\/index.php?rest_route=%2Fwp%2Fv2%2Ftags&post=15115"}],"curies":[{"name":"wp","href":"https:\/\/api.w.org\/{rel}","templated":true}]}}