{"id":15030,"date":"2022-11-30T00:16:11","date_gmt":"2022-11-29T23:16:11","guid":{"rendered":"http:\/\/altgsgrebenstein.de\/?p=15030"},"modified":"2023-12-03T20:05:47","modified_gmt":"2023-12-03T19:05:47","slug":"auf-den-spuren-von-heinz-nixdorf-in-paderborn","status":"publish","type":"post","link":"https:\/\/altgsgrebenstein.de\/?p=15030","title":{"rendered":"Auf den Spuren von Heinz Nixdorf in Paderborn"},"content":{"rendered":"<table style=\"border-collapse: collapse; width: 100%;\">\n<tbody>\n<tr>\n<td style=\"width: 50%;\"><img decoding=\"async\" class=\"alignnone size-medium wp-image-15039\" src=\"http:\/\/altgsgrebenstein.de\/wp-content\/uploads\/2022\/11\/IMG-5817-300x225.jpg\" alt=\"\" width=\"300\" height=\"225\" srcset=\"https:\/\/altgsgrebenstein.de\/wp-content\/uploads\/2022\/11\/IMG-5817-300x225.jpg 300w, https:\/\/altgsgrebenstein.de\/wp-content\/uploads\/2022\/11\/IMG-5817-1024x768.jpg 1024w, https:\/\/altgsgrebenstein.de\/wp-content\/uploads\/2022\/11\/IMG-5817-768x576.jpg 768w, https:\/\/altgsgrebenstein.de\/wp-content\/uploads\/2022\/11\/IMG-5817-1536x1152.jpg 1536w, https:\/\/altgsgrebenstein.de\/wp-content\/uploads\/2022\/11\/IMG-5817-2048x1536.jpg 2048w\" sizes=\"(max-width: 300px) 100vw, 300px\" \/><\/td>\n<td style=\"width: 50%;\"><img decoding=\"async\" class=\"alignnone size-medium wp-image-15040\" src=\"http:\/\/altgsgrebenstein.de\/wp-content\/uploads\/2022\/11\/IMG-5824-300x225.jpg\" alt=\"\" width=\"300\" height=\"225\" srcset=\"https:\/\/altgsgrebenstein.de\/wp-content\/uploads\/2022\/11\/IMG-5824-300x225.jpg 300w, https:\/\/altgsgrebenstein.de\/wp-content\/uploads\/2022\/11\/IMG-5824-1024x768.jpg 1024w, https:\/\/altgsgrebenstein.de\/wp-content\/uploads\/2022\/11\/IMG-5824-768x576.jpg 768w, https:\/\/altgsgrebenstein.de\/wp-content\/uploads\/2022\/11\/IMG-5824-1536x1152.jpg 1536w, https:\/\/altgsgrebenstein.de\/wp-content\/uploads\/2022\/11\/IMG-5824-2048x1536.jpg 2048w\" sizes=\"(max-width: 300px) 100vw, 300px\" \/><\/td>\n<\/tr>\n<\/tbody>\n<\/table>\n<p style=\"text-align: justify;\">Au\u00dferschulische Lernorte stellen eine wertvolle Erg\u00e4nzung zum schulischen Unterricht dar. Dies durfte die Klasse G9b im Rahmen einer Tagesfahrt nach Paderborn in unterschiedlichen Facetten erleben. Gemeinsam mit ihrem Klassenlehrer Dirk Weidmann erhielt die Lerngruppe die Gelegenheit, drei herausragende Einrichtungen der Universit\u00e4tsstadt n\u00e4her kennen zu lernen.<\/p>\n<table style=\"border-collapse: collapse; width: 100%;\">\n<tbody>\n<tr>\n<td style=\"width: 50%;\"><img decoding=\"async\" class=\"size-medium wp-image-15041 aligncenter\" src=\"http:\/\/altgsgrebenstein.de\/wp-content\/uploads\/2022\/11\/IMG-5819-225x300.jpg\" alt=\"\" width=\"225\" height=\"300\" srcset=\"https:\/\/altgsgrebenstein.de\/wp-content\/uploads\/2022\/11\/IMG-5819-225x300.jpg 225w, https:\/\/altgsgrebenstein.de\/wp-content\/uploads\/2022\/11\/IMG-5819-768x1024.jpg 768w, https:\/\/altgsgrebenstein.de\/wp-content\/uploads\/2022\/11\/IMG-5819-1152x1536.jpg 1152w, https:\/\/altgsgrebenstein.de\/wp-content\/uploads\/2022\/11\/IMG-5819-1536x2048.jpg 1536w, https:\/\/altgsgrebenstein.de\/wp-content\/uploads\/2022\/11\/IMG-5819-scaled.jpg 1920w\" sizes=\"(max-width: 225px) 100vw, 225px\" \/><\/td>\n<td style=\"width: 50%;\"><img decoding=\"async\" class=\"size-medium wp-image-15042 aligncenter\" src=\"http:\/\/altgsgrebenstein.de\/wp-content\/uploads\/2022\/11\/IMG-5827-225x300.jpg\" alt=\"\" width=\"225\" height=\"300\" srcset=\"https:\/\/altgsgrebenstein.de\/wp-content\/uploads\/2022\/11\/IMG-5827-225x300.jpg 225w, https:\/\/altgsgrebenstein.de\/wp-content\/uploads\/2022\/11\/IMG-5827-768x1024.jpg 768w, https:\/\/altgsgrebenstein.de\/wp-content\/uploads\/2022\/11\/IMG-5827-1152x1536.jpg 1152w, https:\/\/altgsgrebenstein.de\/wp-content\/uploads\/2022\/11\/IMG-5827-1536x2048.jpg 1536w, https:\/\/altgsgrebenstein.de\/wp-content\/uploads\/2022\/11\/IMG-5827-scaled.jpg 1920w\" sizes=\"(max-width: 225px) 100vw, 225px\" \/><\/td>\n<\/tr>\n<\/tbody>\n<\/table>\n<p style=\"text-align: justify;\">Zun\u00e4chst besuchte die Gruppe mit dem Heinz-Nixdorf Museumsforum das gr\u00f6\u00dfte Computermuseum der Welt. Hier erkundete die Klasse im Rahmen einer F\u00fchrung zun\u00e4chst die Entwicklung von (Programmier-) Sprachen und Rechenmaschinen und lernte wichtige Stationen im Leben des Computerpioniers kennen. Besonderes Interesse l\u00f6ste sodann die Abteilung \u201ehumanoide Systeme\u201c aus, in der sich einige Sch\u00fcler_innen von den Zeichenk\u00fcnsten des Roboters \u201eVincent\u201c \u00fcberzeugen konnten oder Small-Talk mit dem sympathischen Roboter \u201ePepper\u201c hielten, welcher der Klasse am Ende sogar noch eine Gru\u00dfbotschaft f\u00fcr die Schulgemeinde mit auf den Weg gab: <div id=\"wpfp_c13834e5227d4d373ecf392b7afa16b5\" data-item=\"{&quot;sources&quot;:[{&quot;src&quot;:&quot;http:\\\/\\\/altgsgrebenstein.de\\\/wp-content\\\/uploads\\\/2022\\\/11\\\/IMG_5835-1.mov&quot;,&quot;type&quot;:&quot;video\\\/mp4&quot;}],&quot;id&quot;:&quot;28&quot;,&quot;subtitles&quot;:[{&quot;srclang&quot;:&quot;de&quot;,&quot;src&quot;:&quot;https:\\\/\\\/altgsgrebenstein.de\\\/Gru\\u00dfbotschaft f\\u00fcr die Schulgemeinde&quot;}]}\" class=\"flowplayer no-brand is-splash is-paused skin-slim no-svg fp-slim fp-edgy\" data-fv-embed=\"https:\/\/altgsgrebenstein.de\/?p=15030&amp;fv_player_embed=fvp-28\" style=\"position:relative; max-width: 1920px; max-height: 1080px; \" data-ratio=\"0.5625\">\n\t<div class=\"fp-ratio\" style=\"padding-top: 56.25%\"><\/div>\n\t<div class=\"fp-ui\"><noscript>Please enable JavaScript<\/noscript><div class=\"fp-play fp-visible\"><svg class=\"fp-play-sharp-fill\" xmlns=\"http:\/\/www.w3.org\/2000\/svg\" viewBox=\"0 0 100 100\"><defs><style>.fp-color-play{opacity:0.65;}.controlbutton{fill:#fff;}<\/style><\/defs><title>play-sharp-fill<\/title><path class=\"fp-color-play\" d=\"M49.9217-.078a50,50,0,1,0,50,50A50.0564,50.0564,0,0,0,49.9217-.078Z\"\/><polygon class=\"controlbutton\" points=\"73.601 50 37.968 70.573 37.968 29.427 73.601 50\" filter=\"url(#f1)\"\/><\/svg><\/div><div class=\"fp-preload\"><b><\/b><b><\/b><b><\/b><b><\/b><\/div><\/div>\n<div class='fvp-share-bar'><ul class=\"fvp-sharing\">\r\n    <li><a class=\"sharing-facebook\" href=\"https:\/\/www.facebook.com\/sharer\/sharer.php?u=https%3A%2F%2Faltgsgrebenstein.de%2F%3Fp%3D15030\" target=\"_blank\"><\/a><\/li>\r\n    <li><a class=\"sharing-twitter\" href=\"https:\/\/twitter.com\/intent\/tweet?text=Heinrich-Grupe-Schule+Grebenstein+&url=https%3A%2F%2Faltgsgrebenstein.de%2F%3Fp%3D15030\" target=\"_blank\"><\/a><\/li>\r\n    <li><a class=\"sharing-email\" href=\"mailto:?body=Check%20out%20the%20amazing%20video%20here%3A%20https%3A%2F%2Faltgsgrebenstein.de%2F%3Fp%3D15030\" target=\"_blank\"><\/a><\/li><\/ul><div><a class=\"sharing-link\" href=\"https:\/\/altgsgrebenstein.de\/?p=15030\" target=\"_blank\">Link<\/a><\/div><div><label><a class=\"embed-code-toggle\" href=\"#\"><strong>Embed<\/strong><\/a><\/label><\/div><div class=\"embed-code\"><label>Copy and paste this HTML code into your webpage to embed.<\/label><textarea><\/textarea><\/div><\/div>\n<\/div>\n .<\/p>\n<p style=\"text-align: justify;\">Um einen sportlichen Ausgleich zu schaffen, stand im Anschluss an diesen ersten Programmpunkt ein Besuch des von Heinz Nixdorf gestifteten \u201eAhorn-Sportparks\u201c an, wo f\u00fcr die Klasse eine Einf\u00fchrung in die Sportart Squash organisiert worden war. Nach dem Vertrautmachen mit grundlegenden Schlagtechniken vertieften die Sch\u00fcler_innen ihr Wissen in der Praxis und erprobten neben der traditionellen Spielweise auch alternative Spielformen an einer interaktiven Wand.<\/p>\n<table style=\"border-collapse: collapse; width: 100%;\">\n<tbody>\n<tr>\n<td style=\"width: 42.053%;\"><img decoding=\"async\" class=\"alignnone size-medium wp-image-15036\" src=\"http:\/\/altgsgrebenstein.de\/wp-content\/uploads\/2022\/11\/IMG-5837-225x300.jpg\" alt=\"\" width=\"225\" height=\"300\" srcset=\"https:\/\/altgsgrebenstein.de\/wp-content\/uploads\/2022\/11\/IMG-5837-225x300.jpg 225w, https:\/\/altgsgrebenstein.de\/wp-content\/uploads\/2022\/11\/IMG-5837-768x1024.jpg 768w, https:\/\/altgsgrebenstein.de\/wp-content\/uploads\/2022\/11\/IMG-5837-1152x1536.jpg 1152w, https:\/\/altgsgrebenstein.de\/wp-content\/uploads\/2022\/11\/IMG-5837-1536x2048.jpg 1536w, https:\/\/altgsgrebenstein.de\/wp-content\/uploads\/2022\/11\/IMG-5837-scaled.jpg 1920w\" sizes=\"(max-width: 225px) 100vw, 225px\" \/><\/td>\n<td style=\"width: 57.947%;\"><img decoding=\"async\" class=\"alignnone  wp-image-15038\" src=\"http:\/\/altgsgrebenstein.de\/wp-content\/uploads\/2022\/11\/IMG-5842-300x221.jpg\" alt=\"\" width=\"349\" height=\"257\" srcset=\"https:\/\/altgsgrebenstein.de\/wp-content\/uploads\/2022\/11\/IMG-5842-300x221.jpg 300w, https:\/\/altgsgrebenstein.de\/wp-content\/uploads\/2022\/11\/IMG-5842-1024x753.jpg 1024w, https:\/\/altgsgrebenstein.de\/wp-content\/uploads\/2022\/11\/IMG-5842-768x565.jpg 768w, https:\/\/altgsgrebenstein.de\/wp-content\/uploads\/2022\/11\/IMG-5842-1536x1129.jpg 1536w, https:\/\/altgsgrebenstein.de\/wp-content\/uploads\/2022\/11\/IMG-5842-2048x1506.jpg 2048w\" sizes=\"(max-width: 349px) 100vw, 349px\" \/><\/td>\n<\/tr>\n<\/tbody>\n<\/table>\n<p style=\"text-align: justify;\">Der abwechslungsreiche Tag wurde mit einem Besuch des Sch\u00fclerlabors der Universit\u00e4t Paderborn abgerundet, wodurch der MINT-Unterricht der Schule eine besondere Erg\u00e4nzung erfuhr. In den gut ausgestatteten R\u00e4umlichkeiten des Labors bauten die Sch\u00fcler_innen eine pneumatische Schaltung auf und sammelten erste mechatronische Erfahrungen beim Zerlegen von Getriebemodellen. Zum Abschluss des praxisnahen Workshops hatte die Klasse noch Gelegenheit, mit einer Informatikstudentin und einem Maschinenbaustudenten ins Gespr\u00e4ch zu kommen, die einen authentischen Einblick in diese beiden beliebten Studieng\u00e4nge boten. Auf diese Weise leistete die mit einem Teilnahmezertifikat abgeschlossene Veranstaltung auch einen wertvollen Beitrag zur systematischen Studien- und Berufsorientierung, der f\u00fcr die Sch\u00fcler_innen im Vorabgangsjahrgang ein zunehmend gr\u00f6\u00dferer Stellenwert zukommt.<\/p>\n<table style=\"border-collapse: collapse; width: 100%;\">\n<tbody>\n<tr>\n<td style=\"width: 50%;\"><img decoding=\"async\" class=\"size-medium wp-image-15045 aligncenter\" src=\"http:\/\/altgsgrebenstein.de\/wp-content\/uploads\/2022\/11\/IMG-5853-300x247.jpg\" alt=\"\" width=\"300\" height=\"247\" srcset=\"https:\/\/altgsgrebenstein.de\/wp-content\/uploads\/2022\/11\/IMG-5853-300x247.jpg 300w, https:\/\/altgsgrebenstein.de\/wp-content\/uploads\/2022\/11\/IMG-5853-1024x842.jpg 1024w, https:\/\/altgsgrebenstein.de\/wp-content\/uploads\/2022\/11\/IMG-5853-768x631.jpg 768w, https:\/\/altgsgrebenstein.de\/wp-content\/uploads\/2022\/11\/IMG-5853-1536x1263.jpg 1536w, https:\/\/altgsgrebenstein.de\/wp-content\/uploads\/2022\/11\/IMG-5853-2048x1684.jpg 2048w\" sizes=\"(max-width: 300px) 100vw, 300px\" \/><\/td>\n<td style=\"width: 50%;\"><img decoding=\"async\" class=\"wp-image-15046 aligncenter\" src=\"http:\/\/altgsgrebenstein.de\/wp-content\/uploads\/2022\/11\/IMG-5857-300x225.jpg\" alt=\"\" width=\"295\" height=\"221\" srcset=\"https:\/\/altgsgrebenstein.de\/wp-content\/uploads\/2022\/11\/IMG-5857-300x225.jpg 300w, https:\/\/altgsgrebenstein.de\/wp-content\/uploads\/2022\/11\/IMG-5857-1024x768.jpg 1024w, https:\/\/altgsgrebenstein.de\/wp-content\/uploads\/2022\/11\/IMG-5857-768x576.jpg 768w, https:\/\/altgsgrebenstein.de\/wp-content\/uploads\/2022\/11\/IMG-5857-1536x1152.jpg 1536w, https:\/\/altgsgrebenstein.de\/wp-content\/uploads\/2022\/11\/IMG-5857-2048x1536.jpg 2048w\" sizes=\"(max-width: 295px) 100vw, 295px\" \/><\/td>\n<\/tr>\n<tr>\n<td style=\"width: 50%;\"><img decoding=\"async\" class=\"alignnone size-medium wp-image-15044\" src=\"http:\/\/altgsgrebenstein.de\/wp-content\/uploads\/2022\/11\/IMG-5858-300x225.jpg\" alt=\"\" width=\"300\" height=\"225\" srcset=\"https:\/\/altgsgrebenstein.de\/wp-content\/uploads\/2022\/11\/IMG-5858-300x225.jpg 300w, https:\/\/altgsgrebenstein.de\/wp-content\/uploads\/2022\/11\/IMG-5858-1024x768.jpg 1024w, https:\/\/altgsgrebenstein.de\/wp-content\/uploads\/2022\/11\/IMG-5858-768x576.jpg 768w, https:\/\/altgsgrebenstein.de\/wp-content\/uploads\/2022\/11\/IMG-5858-1536x1152.jpg 1536w, https:\/\/altgsgrebenstein.de\/wp-content\/uploads\/2022\/11\/IMG-5858-2048x1536.jpg 2048w\" sizes=\"(max-width: 300px) 100vw, 300px\" \/><\/td>\n<td style=\"width: 50%;\"><img decoding=\"async\" class=\"alignnone size-medium wp-image-15043\" src=\"http:\/\/altgsgrebenstein.de\/wp-content\/uploads\/2022\/11\/IMG-5818-300x225.jpg\" alt=\"\" width=\"300\" height=\"225\" srcset=\"https:\/\/altgsgrebenstein.de\/wp-content\/uploads\/2022\/11\/IMG-5818-300x225.jpg 300w, https:\/\/altgsgrebenstein.de\/wp-content\/uploads\/2022\/11\/IMG-5818-1024x768.jpg 1024w, https:\/\/altgsgrebenstein.de\/wp-content\/uploads\/2022\/11\/IMG-5818-768x576.jpg 768w, https:\/\/altgsgrebenstein.de\/wp-content\/uploads\/2022\/11\/IMG-5818-1536x1152.jpg 1536w, https:\/\/altgsgrebenstein.de\/wp-content\/uploads\/2022\/11\/IMG-5818-2048x1536.jpg 2048w\" sizes=\"(max-width: 300px) 100vw, 300px\" \/><\/td>\n<\/tr>\n<\/tbody>\n<\/table>\n","protected":false},"excerpt":{"rendered":"<p>Au\u00dferschulische Lernorte stellen eine wertvolle Erg\u00e4nzung zum schulischen Unterricht dar. Dies durfte die Klasse G9b im Rahmen einer Tagesfahrt nach Paderborn in unterschiedlichen Facetten erleben. Gemeinsam mit ihrem Klassenlehrer Dirk Weidmann erhielt die Lerngruppe die Gelegenheit, drei herausragende Einrichtungen der Universit\u00e4tsstadt n\u00e4her kennen zu lernen. Zun\u00e4chst besuchte die Gruppe mit dem Heinz-Nixdorf Museumsforum das gr\u00f6\u00dfte &hellip; <a href=\"https:\/\/altgsgrebenstein.de\/?p=15030\" class=\"more-link\"><span class=\"screen-reader-text\">Auf den Spuren von Heinz Nixdorf in Paderborn<\/span> weiterlesen <span class=\"meta-nav\">&rarr;<\/span><\/a><\/p>\n","protected":false},"author":22,"featured_media":0,"comment_status":"closed","ping_status":"closed","sticky":false,"template":"","format":"standard","meta":{"saved_in_kubio":false,"footnotes":""},"categories":[33,1],"tags":[],"class_list":["post-15030","post","type-post","status-publish","format-standard","hentry","category-archiv","category-uncategorized"],"_links":{"self":[{"href":"https:\/\/altgsgrebenstein.de\/index.php?rest_route=\/wp\/v2\/posts\/15030","targetHints":{"allow":["GET"]}}],"collection":[{"href":"https:\/\/altgsgrebenstein.de\/index.php?rest_route=\/wp\/v2\/posts"}],"about":[{"href":"https:\/\/altgsgrebenstein.de\/index.php?rest_route=\/wp\/v2\/types\/post"}],"author":[{"embeddable":true,"href":"https:\/\/altgsgrebenstein.de\/index.php?rest_route=\/wp\/v2\/users\/22"}],"replies":[{"embeddable":true,"href":"https:\/\/altgsgrebenstein.de\/index.php?rest_route=%2Fwp%2Fv2%2Fcomments&post=15030"}],"version-history":[{"count":4,"href":"https:\/\/altgsgrebenstein.de\/index.php?rest_route=\/wp\/v2\/posts\/15030\/revisions"}],"predecessor-version":[{"id":15047,"href":"https:\/\/altgsgrebenstein.de\/index.php?rest_route=\/wp\/v2\/posts\/15030\/revisions\/15047"}],"wp:attachment":[{"href":"https:\/\/altgsgrebenstein.de\/index.php?rest_route=%2Fwp%2Fv2%2Fmedia&parent=15030"}],"wp:term":[{"taxonomy":"category","embeddable":true,"href":"https:\/\/altgsgrebenstein.de\/index.php?rest_route=%2Fwp%2Fv2%2Fcategories&post=15030"},{"taxonomy":"post_tag","embeddable":true,"href":"https:\/\/altgsgrebenstein.de\/index.php?rest_route=%2Fwp%2Fv2%2Ftags&post=15030"}],"curies":[{"name":"wp","href":"https:\/\/api.w.org\/{rel}","templated":true}]}}