{"id":15002,"date":"2022-11-21T05:55:14","date_gmt":"2022-11-21T04:55:14","guid":{"rendered":"http:\/\/altgsgrebenstein.de\/?p=15002"},"modified":"2023-12-03T20:05:16","modified_gmt":"2023-12-03T19:05:16","slug":"tag-der-offenen-tuer-an-hgs-unterricht-in-all-seiner-vielfalt-zu-entdecken","status":"publish","type":"post","link":"https:\/\/altgsgrebenstein.de\/?p=15002","title":{"rendered":"Tag der offenen T\u00fcr an HGS &#8211; Unterricht in all seiner Vielfalt zu entdecken"},"content":{"rendered":"<p><strong>Grebenstein.<\/strong> Spielerisch, r\u00e4tselhaft und vor allem kreativ: Das war der Tag der offenen T\u00fcr an der Heinrich-Grupe-Schule. Nachdem die traditionelle Veranstaltung in den vergangenen zwei Jahren pandemiebedingt nur online auf Distanz stattfinden konnte, so waren die T\u00fcren der Gesamtschule an diesem Novembersamstag buchst\u00e4blich weit ge\u00f6ffnet.<\/p>\n<p><img decoding=\"async\" class=\"alignnone size-large wp-image-15003\" src=\"http:\/\/altgsgrebenstein.de\/wp-content\/uploads\/2022\/11\/IMG_9350-1024x683.jpg\" alt=\"\" width=\"604\" height=\"403\" srcset=\"https:\/\/altgsgrebenstein.de\/wp-content\/uploads\/2022\/11\/IMG_9350-1024x683.jpg 1024w, https:\/\/altgsgrebenstein.de\/wp-content\/uploads\/2022\/11\/IMG_9350-300x200.jpg 300w, https:\/\/altgsgrebenstein.de\/wp-content\/uploads\/2022\/11\/IMG_9350-768x512.jpg 768w, https:\/\/altgsgrebenstein.de\/wp-content\/uploads\/2022\/11\/IMG_9350-1536x1024.jpg 1536w, https:\/\/altgsgrebenstein.de\/wp-content\/uploads\/2022\/11\/IMG_9350-2048x1365.jpg 2048w\" sizes=\"(max-width: 604px) 100vw, 604px\" \/><\/p>\n<p>Bei herrlichstem Winterwetter hatten sich zahlreiche Familien eingefunden, um sich einen Eindruck von der Arbeit an der Grebensteiner Gesamtschule zu verschaffen.<\/p>\n<p><img decoding=\"async\" class=\"alignnone size-large wp-image-15004\" src=\"http:\/\/altgsgrebenstein.de\/wp-content\/uploads\/2022\/11\/IMG_9355-1024x684.jpg\" alt=\"\" width=\"604\" height=\"403\" srcset=\"https:\/\/altgsgrebenstein.de\/wp-content\/uploads\/2022\/11\/IMG_9355-1024x684.jpg 1024w, https:\/\/altgsgrebenstein.de\/wp-content\/uploads\/2022\/11\/IMG_9355-300x200.jpg 300w, https:\/\/altgsgrebenstein.de\/wp-content\/uploads\/2022\/11\/IMG_9355-768x513.jpg 768w, https:\/\/altgsgrebenstein.de\/wp-content\/uploads\/2022\/11\/IMG_9355-1536x1025.jpg 1536w, https:\/\/altgsgrebenstein.de\/wp-content\/uploads\/2022\/11\/IMG_9355-2048x1367.jpg 2048w\" sizes=\"(max-width: 604px) 100vw, 604px\" \/><\/p>\n<p>Dabei gab es nicht nur Workshops und F\u00fchrungen, sondern auch ein umfangreiches \u201eBegleitpaket\u201c: neben einer Pr\u00e4sentation der Lehrwerke und der p\u00e4dagogischen Konzepte und Schwerpunkte, konnten sich die Besucher in der B\u00fccherei umschauen oder sich bei den Schulsozialarbeiterinnen beraten lassen. In der Mensa lockten Kaffee und Waffeln, w\u00e4hrend nebenan j\u00fcngere Besucherkinder in der Kinderbetreuung unter der Anleitung von M\u00e4dchen und Jungen der Jahrgangsstufe 9 malen, basteln und spielen konnten. Zwei Schulsanit\u00e4terinnen hielten sich bereit, um im Notfall aktiv werden zu k\u00f6nnen.<\/p>\n<p><img decoding=\"async\" class=\"alignnone size-large wp-image-15005\" src=\"http:\/\/altgsgrebenstein.de\/wp-content\/uploads\/2022\/11\/IMG_9357-684x1024.jpg\" alt=\"\" width=\"604\" height=\"904\" srcset=\"https:\/\/altgsgrebenstein.de\/wp-content\/uploads\/2022\/11\/IMG_9357-684x1024.jpg 684w, https:\/\/altgsgrebenstein.de\/wp-content\/uploads\/2022\/11\/IMG_9357-200x300.jpg 200w, https:\/\/altgsgrebenstein.de\/wp-content\/uploads\/2022\/11\/IMG_9357-768x1150.jpg 768w, https:\/\/altgsgrebenstein.de\/wp-content\/uploads\/2022\/11\/IMG_9357-1025x1536.jpg 1025w, https:\/\/altgsgrebenstein.de\/wp-content\/uploads\/2022\/11\/IMG_9357-1367x2048.jpg 1367w, https:\/\/altgsgrebenstein.de\/wp-content\/uploads\/2022\/11\/IMG_9357-scaled.jpg 1709w\" sizes=\"(max-width: 604px) 100vw, 604px\" \/><\/p>\n<p>Die Mitglieder der Schulleitung informierten die anwesenden Eltern \u00fcber die Arbeit an der Schule und gaben ihnen bei F\u00fchrungen einen direkten Einblick in die R\u00e4umlichkeiten.<\/p>\n<p>Die Hauptpersonen dieses Schnuppertages, die Grundschulkinder, lernten in kleinen Gruppen und gef\u00fchrt von Sch\u00fclerpatinnen und Sch\u00fclerpaten einzelne F\u00e4cher n\u00e4her kennen. So konnten sie in Gesellschaftslehre mehr \u00fcber Europa, Deutschland und Hessen erfahren oder und in die Welt der Ritter eintauchen. In Deutsch konnten sie sich mit Gedichten auseinandersetzen, mit Sprache spielen und R\u00e4tsel erstellen, w\u00e4hrend sie in Arbeitslehre in Kontakt mit N\u00e4hmaschinen kamen oder Freundschaftsb\u00e4nder kn\u00fcpften.<\/p>\n<p><img decoding=\"async\" class=\"alignnone size-large wp-image-15009\" src=\"http:\/\/altgsgrebenstein.de\/wp-content\/uploads\/2022\/11\/IMG_9403-1024x683.jpg\" alt=\"\" width=\"604\" height=\"403\" srcset=\"https:\/\/altgsgrebenstein.de\/wp-content\/uploads\/2022\/11\/IMG_9403-1024x683.jpg 1024w, https:\/\/altgsgrebenstein.de\/wp-content\/uploads\/2022\/11\/IMG_9403-300x200.jpg 300w, https:\/\/altgsgrebenstein.de\/wp-content\/uploads\/2022\/11\/IMG_9403-768x512.jpg 768w, https:\/\/altgsgrebenstein.de\/wp-content\/uploads\/2022\/11\/IMG_9403-1536x1024.jpg 1536w, https:\/\/altgsgrebenstein.de\/wp-content\/uploads\/2022\/11\/IMG_9403-2048x1365.jpg 2048w\" sizes=\"(max-width: 604px) 100vw, 604px\" \/><\/p>\n<p>In Kunst konnten sie ein gro\u00dfes Gemeinschaftsbild malen und in Musik mit Instrumenten musizieren.<\/p>\n<p><img decoding=\"async\" class=\"alignnone size-large wp-image-15006\" src=\"http:\/\/altgsgrebenstein.de\/wp-content\/uploads\/2022\/11\/IMG_9387-1024x684.jpg\" alt=\"\" width=\"604\" height=\"403\" srcset=\"https:\/\/altgsgrebenstein.de\/wp-content\/uploads\/2022\/11\/IMG_9387-1024x684.jpg 1024w, https:\/\/altgsgrebenstein.de\/wp-content\/uploads\/2022\/11\/IMG_9387-300x200.jpg 300w, https:\/\/altgsgrebenstein.de\/wp-content\/uploads\/2022\/11\/IMG_9387-768x513.jpg 768w, https:\/\/altgsgrebenstein.de\/wp-content\/uploads\/2022\/11\/IMG_9387-1536x1025.jpg 1536w, https:\/\/altgsgrebenstein.de\/wp-content\/uploads\/2022\/11\/IMG_9387-2048x1367.jpg 2048w\" sizes=\"(max-width: 604px) 100vw, 604px\" \/><\/p>\n<p><img decoding=\"async\" class=\"alignnone size-large wp-image-15008\" src=\"http:\/\/altgsgrebenstein.de\/wp-content\/uploads\/2022\/11\/IMG_9411-1024x683.jpg\" alt=\"\" width=\"604\" height=\"403\" srcset=\"https:\/\/altgsgrebenstein.de\/wp-content\/uploads\/2022\/11\/IMG_9411-1024x683.jpg 1024w, https:\/\/altgsgrebenstein.de\/wp-content\/uploads\/2022\/11\/IMG_9411-300x200.jpg 300w, https:\/\/altgsgrebenstein.de\/wp-content\/uploads\/2022\/11\/IMG_9411-768x512.jpg 768w, https:\/\/altgsgrebenstein.de\/wp-content\/uploads\/2022\/11\/IMG_9411-1536x1024.jpg 1536w, https:\/\/altgsgrebenstein.de\/wp-content\/uploads\/2022\/11\/IMG_9411-2048x1365.jpg 2048w\" sizes=\"(max-width: 604px) 100vw, 604px\" \/><\/p>\n<p>Viele Helfer hatten sich die Englisch-Lehrkr\u00e4fte Claudia Dehne und Julian Erdmann geholt: aus den Klassen G5 warteten zahlreiche M\u00e4dchen und Jungen darauf, ihren G\u00e4sten die englische Sprache spielerisch n\u00e4herzubringen. So wie hier gab es in vielen Fachbereichen tatkr\u00e4ftige Unterst\u00fctzung aus der Sch\u00fclerschaft: Eine gelebte Schulgemeinschaft.<\/p>\n<p><img decoding=\"async\" class=\"alignnone size-large wp-image-15011\" src=\"http:\/\/altgsgrebenstein.de\/wp-content\/uploads\/2022\/11\/IMG_9443-1024x683.jpg\" alt=\"\" width=\"604\" height=\"403\" srcset=\"https:\/\/altgsgrebenstein.de\/wp-content\/uploads\/2022\/11\/IMG_9443-1024x683.jpg 1024w, https:\/\/altgsgrebenstein.de\/wp-content\/uploads\/2022\/11\/IMG_9443-300x200.jpg 300w, https:\/\/altgsgrebenstein.de\/wp-content\/uploads\/2022\/11\/IMG_9443-768x512.jpg 768w, https:\/\/altgsgrebenstein.de\/wp-content\/uploads\/2022\/11\/IMG_9443-1536x1024.jpg 1536w, https:\/\/altgsgrebenstein.de\/wp-content\/uploads\/2022\/11\/IMG_9443-2048x1365.jpg 2048w\" sizes=\"(max-width: 604px) 100vw, 604px\" \/><\/p>\n<p>Und was es mit der \u201eKammer des Schreckens\u201c auf sich hatte, erfuhren alle Kinder, die im Chemieraum experimentierten, denn sie mussten unter anderem deren Geheimnis l\u00fcften. Den Naturwissenschaften galt an diesem Vormittag besonderes Augenmerk, ist doch die HGS seit kurzem zertifizierte MINT-Schule.<\/p>\n<p><img decoding=\"async\" class=\"alignnone size-large wp-image-15010\" src=\"http:\/\/altgsgrebenstein.de\/wp-content\/uploads\/2022\/11\/IMG_9440-1024x683.jpg\" alt=\"\" width=\"604\" height=\"403\" srcset=\"https:\/\/altgsgrebenstein.de\/wp-content\/uploads\/2022\/11\/IMG_9440-1024x683.jpg 1024w, https:\/\/altgsgrebenstein.de\/wp-content\/uploads\/2022\/11\/IMG_9440-300x200.jpg 300w, https:\/\/altgsgrebenstein.de\/wp-content\/uploads\/2022\/11\/IMG_9440-768x512.jpg 768w, https:\/\/altgsgrebenstein.de\/wp-content\/uploads\/2022\/11\/IMG_9440-1536x1024.jpg 1536w, https:\/\/altgsgrebenstein.de\/wp-content\/uploads\/2022\/11\/IMG_9440-2048x1365.jpg 2048w\" sizes=\"(max-width: 604px) 100vw, 604px\" \/><\/p>\n<p>Am Ende des Schnuppertages gab es gro\u00dfe Zufriedenheit bei allen Beteiligten. Schulleiterin Martina Boye-Griesel bilanzierte ein gro\u00dfes Interesse der Eltern, die nicht nur aus den klassischen Einzugsgemeinden gekommen seien. Es habe viele konkrete Nachfragen gegeben, zu einzelnen F\u00e4chern, aber auch zum Einsatz der digitalen Medien oder zu Pr\u00e4ventionsangeboten.<\/p>\n<p><img decoding=\"async\" class=\"alignnone size-large wp-image-15012\" src=\"http:\/\/altgsgrebenstein.de\/wp-content\/uploads\/2022\/11\/IMG_9394-683x1024.jpg\" alt=\"\" width=\"604\" height=\"906\" srcset=\"https:\/\/altgsgrebenstein.de\/wp-content\/uploads\/2022\/11\/IMG_9394-683x1024.jpg 683w, https:\/\/altgsgrebenstein.de\/wp-content\/uploads\/2022\/11\/IMG_9394-200x300.jpg 200w, https:\/\/altgsgrebenstein.de\/wp-content\/uploads\/2022\/11\/IMG_9394-768x1152.jpg 768w, https:\/\/altgsgrebenstein.de\/wp-content\/uploads\/2022\/11\/IMG_9394-1024x1536.jpg 1024w, https:\/\/altgsgrebenstein.de\/wp-content\/uploads\/2022\/11\/IMG_9394-1365x2048.jpg 1365w, https:\/\/altgsgrebenstein.de\/wp-content\/uploads\/2022\/11\/IMG_9394-scaled.jpg 1707w\" sizes=\"(max-width: 604px) 100vw, 604px\" \/><\/p>\n<p><img decoding=\"async\" class=\"alignnone size-large wp-image-15013\" src=\"http:\/\/altgsgrebenstein.de\/wp-content\/uploads\/2022\/11\/IMG_9424-1024x683.jpg\" alt=\"\" width=\"604\" height=\"403\" srcset=\"https:\/\/altgsgrebenstein.de\/wp-content\/uploads\/2022\/11\/IMG_9424-1024x683.jpg 1024w, https:\/\/altgsgrebenstein.de\/wp-content\/uploads\/2022\/11\/IMG_9424-300x200.jpg 300w, https:\/\/altgsgrebenstein.de\/wp-content\/uploads\/2022\/11\/IMG_9424-768x512.jpg 768w, https:\/\/altgsgrebenstein.de\/wp-content\/uploads\/2022\/11\/IMG_9424-1536x1024.jpg 1536w, https:\/\/altgsgrebenstein.de\/wp-content\/uploads\/2022\/11\/IMG_9424-2048x1365.jpg 2048w\" sizes=\"(max-width: 604px) 100vw, 604px\" \/><\/p>\n<p>&nbsp;<\/p>\n<p><strong>Susann Adam<\/strong><\/p>\n<p>&nbsp;<\/p>\n","protected":false},"excerpt":{"rendered":"<p>Grebenstein. Spielerisch, r\u00e4tselhaft und vor allem kreativ: Das war der Tag der offenen T\u00fcr an der Heinrich-Grupe-Schule. Nachdem die traditionelle Veranstaltung in den vergangenen zwei Jahren pandemiebedingt nur online auf Distanz stattfinden konnte, so waren die T\u00fcren der Gesamtschule an diesem Novembersamstag buchst\u00e4blich weit ge\u00f6ffnet. Bei herrlichstem Winterwetter hatten sich zahlreiche Familien eingefunden, um sich &hellip; <a href=\"https:\/\/altgsgrebenstein.de\/?p=15002\" class=\"more-link\"><span class=\"screen-reader-text\">Tag der offenen T\u00fcr an HGS &#8211; Unterricht in all seiner Vielfalt zu entdecken<\/span> weiterlesen <span class=\"meta-nav\">&rarr;<\/span><\/a><\/p>\n","protected":false},"author":28,"featured_media":0,"comment_status":"closed","ping_status":"closed","sticky":false,"template":"","format":"standard","meta":{"saved_in_kubio":false,"footnotes":""},"categories":[33,1],"tags":[],"class_list":["post-15002","post","type-post","status-publish","format-standard","hentry","category-archiv","category-uncategorized"],"_links":{"self":[{"href":"https:\/\/altgsgrebenstein.de\/index.php?rest_route=\/wp\/v2\/posts\/15002","targetHints":{"allow":["GET"]}}],"collection":[{"href":"https:\/\/altgsgrebenstein.de\/index.php?rest_route=\/wp\/v2\/posts"}],"about":[{"href":"https:\/\/altgsgrebenstein.de\/index.php?rest_route=\/wp\/v2\/types\/post"}],"author":[{"embeddable":true,"href":"https:\/\/altgsgrebenstein.de\/index.php?rest_route=\/wp\/v2\/users\/28"}],"replies":[{"embeddable":true,"href":"https:\/\/altgsgrebenstein.de\/index.php?rest_route=%2Fwp%2Fv2%2Fcomments&post=15002"}],"version-history":[{"count":1,"href":"https:\/\/altgsgrebenstein.de\/index.php?rest_route=\/wp\/v2\/posts\/15002\/revisions"}],"predecessor-version":[{"id":15014,"href":"https:\/\/altgsgrebenstein.de\/index.php?rest_route=\/wp\/v2\/posts\/15002\/revisions\/15014"}],"wp:attachment":[{"href":"https:\/\/altgsgrebenstein.de\/index.php?rest_route=%2Fwp%2Fv2%2Fmedia&parent=15002"}],"wp:term":[{"taxonomy":"category","embeddable":true,"href":"https:\/\/altgsgrebenstein.de\/index.php?rest_route=%2Fwp%2Fv2%2Fcategories&post=15002"},{"taxonomy":"post_tag","embeddable":true,"href":"https:\/\/altgsgrebenstein.de\/index.php?rest_route=%2Fwp%2Fv2%2Ftags&post=15002"}],"curies":[{"name":"wp","href":"https:\/\/api.w.org\/{rel}","templated":true}]}}