{"id":14985,"date":"2022-11-19T13:37:41","date_gmt":"2022-11-19T12:37:41","guid":{"rendered":"http:\/\/altgsgrebenstein.de\/?p=14985"},"modified":"2023-12-03T20:05:06","modified_gmt":"2023-12-03T19:05:06","slug":"feedback-tag-der-offenen-tuer","status":"publish","type":"post","link":"https:\/\/altgsgrebenstein.de\/?p=14985","title":{"rendered":"Feedback Tag der offenen T\u00fcr"},"content":{"rendered":"<p><img decoding=\"async\" class=\"alignnone size-full wp-image-14986\" src=\"http:\/\/altgsgrebenstein.de\/wp-content\/uploads\/2022\/11\/Bild1.jpg\" alt=\"\" width=\"180\" height=\"164\" \/><\/p>\n<p>F\u00fcr unseren diesj\u00e4hrigen Tag der offenen T\u00fcr haben Sie noch die M\u00f6glichkeit, eine R\u00fcckmeldung zu geben:<\/p>\n<p>&nbsp;<\/p>\n","protected":false},"excerpt":{"rendered":"<p>F\u00fcr unseren diesj\u00e4hrigen Tag der offenen T\u00fcr haben Sie noch die M\u00f6glichkeit, eine R\u00fcckmeldung zu geben: &nbsp;<\/p>\n","protected":false},"author":19,"featured_media":14986,"comment_status":"closed","ping_status":"closed","sticky":false,"template":"","format":"image","meta":{"saved_in_kubio":false,"footnotes":""},"categories":[33,1],"tags":[],"class_list":["post-14985","post","type-post","status-publish","format-image","has-post-thumbnail","hentry","category-archiv","category-uncategorized","post_format-post-format-image"],"_links":{"self":[{"href":"https:\/\/altgsgrebenstein.de\/index.php?rest_route=\/wp\/v2\/posts\/14985","targetHints":{"allow":["GET"]}}],"collection":[{"href":"https:\/\/altgsgrebenstein.de\/index.php?rest_route=\/wp\/v2\/posts"}],"about":[{"href":"https:\/\/altgsgrebenstein.de\/index.php?rest_route=\/wp\/v2\/types\/post"}],"author":[{"embeddable":true,"href":"https:\/\/altgsgrebenstein.de\/index.php?rest_route=\/wp\/v2\/users\/19"}],"replies":[{"embeddable":true,"href":"https:\/\/altgsgrebenstein.de\/index.php?rest_route=%2Fwp%2Fv2%2Fcomments&post=14985"}],"version-history":[{"count":4,"href":"https:\/\/altgsgrebenstein.de\/index.php?rest_route=\/wp\/v2\/posts\/14985\/revisions"}],"predecessor-version":[{"id":14990,"href":"https:\/\/altgsgrebenstein.de\/index.php?rest_route=\/wp\/v2\/posts\/14985\/revisions\/14990"}],"wp:featuredmedia":[{"embeddable":true,"href":"https:\/\/altgsgrebenstein.de\/index.php?rest_route=\/wp\/v2\/media\/14986"}],"wp:attachment":[{"href":"https:\/\/altgsgrebenstein.de\/index.php?rest_route=%2Fwp%2Fv2%2Fmedia&parent=14985"}],"wp:term":[{"taxonomy":"category","embeddable":true,"href":"https:\/\/altgsgrebenstein.de\/index.php?rest_route=%2Fwp%2Fv2%2Fcategories&post=14985"},{"taxonomy":"post_tag","embeddable":true,"href":"https:\/\/altgsgrebenstein.de\/index.php?rest_route=%2Fwp%2Fv2%2Ftags&post=14985"}],"curies":[{"name":"wp","href":"https:\/\/api.w.org\/{rel}","templated":true}]}}