{"id":14912,"date":"2022-11-09T07:02:40","date_gmt":"2022-11-09T06:02:40","guid":{"rendered":"http:\/\/altgsgrebenstein.de\/?p=14912"},"modified":"2023-12-03T20:04:57","modified_gmt":"2023-12-03T19:04:57","slug":"cafe-beruf-no-36-ein-voller-erfolg","status":"publish","type":"post","link":"https:\/\/altgsgrebenstein.de\/?p=14912","title":{"rendered":"Caf\u00e9 Beruf no.36 &#8211; Ein voller Erfolg!"},"content":{"rendered":"<p><strong>Grebenstein.\u00a0<\/strong>Ein voller Erfolg &#8211; dies konnte man bei der 36. Auflage des Caf\u00e9 Beruf der HGS Grebenstein w\u00f6rtlich nehmen. Die Veranstaltung war unter Teilnahme der Klassen H8, H9, R8a, R8b, R8c, R9a und R9b samt zahlreich erschienenen Eltern sehr gut besucht. Perfekt strukturiert durch das neue Organisationsteam Anna Meise und Nina Gilfert war der Nachmittag des 08.11.2022 gepr\u00e4gt durch eine lebendige Atmosph\u00e4re. \u00dcberw\u00e4ltigt von solch einem gro\u00dfen Andrang und Interesse starteten wir in die traditionelle Berufsorientierungsveranstaltung.<\/p>\n<p><img decoding=\"async\" class=\"alignnone wp-image-14913 size-large\" src=\"http:\/\/altgsgrebenstein.de\/wp-content\/uploads\/2022\/11\/20221108_160441-1024x578.jpg\" alt=\"\" width=\"604\" height=\"341\" srcset=\"https:\/\/altgsgrebenstein.de\/wp-content\/uploads\/2022\/11\/20221108_160441-1024x578.jpg 1024w, https:\/\/altgsgrebenstein.de\/wp-content\/uploads\/2022\/11\/20221108_160441-300x169.jpg 300w, https:\/\/altgsgrebenstein.de\/wp-content\/uploads\/2022\/11\/20221108_160441-768x433.jpg 768w, https:\/\/altgsgrebenstein.de\/wp-content\/uploads\/2022\/11\/20221108_160441-1536x866.jpg 1536w, https:\/\/altgsgrebenstein.de\/wp-content\/uploads\/2022\/11\/20221108_160441-2048x1155.jpg 2048w\" sizes=\"(max-width: 604px) 100vw, 604px\" \/><\/p>\n<p>Nach der Begr\u00fc\u00dfung durch Schulleiterin Martina Boye-Griesel und die beiden Organisatorinnen konnten sich die diesmaligen Teilnehmer kurz vorstellen, bevor es in den ersten 30-min\u00fctigen Block ging.<\/p>\n<p><img decoding=\"async\" class=\"alignnone wp-image-14914 size-large\" src=\"http:\/\/altgsgrebenstein.de\/wp-content\/uploads\/2022\/11\/20221108_160419-1024x576.jpg\" alt=\"\" width=\"604\" height=\"340\" srcset=\"https:\/\/altgsgrebenstein.de\/wp-content\/uploads\/2022\/11\/20221108_160419-1024x576.jpg 1024w, https:\/\/altgsgrebenstein.de\/wp-content\/uploads\/2022\/11\/20221108_160419-300x169.jpg 300w, https:\/\/altgsgrebenstein.de\/wp-content\/uploads\/2022\/11\/20221108_160419-768x432.jpg 768w, https:\/\/altgsgrebenstein.de\/wp-content\/uploads\/2022\/11\/20221108_160419-1536x864.jpg 1536w, https:\/\/altgsgrebenstein.de\/wp-content\/uploads\/2022\/11\/20221108_160419-2048x1152.jpg 2048w\" sizes=\"(max-width: 604px) 100vw, 604px\" \/><\/p>\n<p><img decoding=\"async\" class=\"alignnone size-large wp-image-14915\" src=\"http:\/\/altgsgrebenstein.de\/wp-content\/uploads\/2022\/11\/20221108_160404-1024x578.jpg\" alt=\"\" width=\"604\" height=\"341\" srcset=\"https:\/\/altgsgrebenstein.de\/wp-content\/uploads\/2022\/11\/20221108_160404-1024x578.jpg 1024w, https:\/\/altgsgrebenstein.de\/wp-content\/uploads\/2022\/11\/20221108_160404-300x169.jpg 300w, https:\/\/altgsgrebenstein.de\/wp-content\/uploads\/2022\/11\/20221108_160404-768x433.jpg 768w, https:\/\/altgsgrebenstein.de\/wp-content\/uploads\/2022\/11\/20221108_160404-1536x866.jpg 1536w, https:\/\/altgsgrebenstein.de\/wp-content\/uploads\/2022\/11\/20221108_160404-2048x1155.jpg 2048w\" sizes=\"(max-width: 604px) 100vw, 604px\" \/><\/p>\n<p>Vertreten waren diesmal die Firma Glinicke \/ Glaskontor, die Herwig-Blankertz-Schule Hofgeismar (Schwerpunkt Pflege \/ soziale Berufe), die Kreishandwerkerschaft Hofgeismar (Schwerpunkt Maurer, Tischler, Landmaschinenmechatroniker) sowie die Firma ALSTOM \/ Standort Kassel.<\/p>\n<p><img decoding=\"async\" class=\"alignnone size-large wp-image-14916\" src=\"http:\/\/altgsgrebenstein.de\/wp-content\/uploads\/2022\/11\/20221108_162238-1024x576.jpg\" alt=\"\" width=\"604\" height=\"340\" srcset=\"https:\/\/altgsgrebenstein.de\/wp-content\/uploads\/2022\/11\/20221108_162238-1024x576.jpg 1024w, https:\/\/altgsgrebenstein.de\/wp-content\/uploads\/2022\/11\/20221108_162238-300x169.jpg 300w, https:\/\/altgsgrebenstein.de\/wp-content\/uploads\/2022\/11\/20221108_162238-768x432.jpg 768w, https:\/\/altgsgrebenstein.de\/wp-content\/uploads\/2022\/11\/20221108_162238-1536x864.jpg 1536w, https:\/\/altgsgrebenstein.de\/wp-content\/uploads\/2022\/11\/20221108_162238-2048x1152.jpg 2048w\" sizes=\"(max-width: 604px) 100vw, 604px\" \/><\/p>\n<p><img decoding=\"async\" class=\"alignnone size-large wp-image-14917\" src=\"http:\/\/altgsgrebenstein.de\/wp-content\/uploads\/2022\/11\/20221108_162653-1024x576.jpg\" alt=\"\" width=\"604\" height=\"340\" srcset=\"https:\/\/altgsgrebenstein.de\/wp-content\/uploads\/2022\/11\/20221108_162653-1024x576.jpg 1024w, https:\/\/altgsgrebenstein.de\/wp-content\/uploads\/2022\/11\/20221108_162653-300x169.jpg 300w, https:\/\/altgsgrebenstein.de\/wp-content\/uploads\/2022\/11\/20221108_162653-768x432.jpg 768w, https:\/\/altgsgrebenstein.de\/wp-content\/uploads\/2022\/11\/20221108_162653-1536x864.jpg 1536w, https:\/\/altgsgrebenstein.de\/wp-content\/uploads\/2022\/11\/20221108_162653-2048x1152.jpg 2048w\" sizes=\"(max-width: 604px) 100vw, 604px\" \/><\/p>\n<p><img decoding=\"async\" class=\"alignnone size-large wp-image-14918\" src=\"http:\/\/altgsgrebenstein.de\/wp-content\/uploads\/2022\/11\/20221108_162803-1024x576.jpg\" alt=\"\" width=\"604\" height=\"340\" srcset=\"https:\/\/altgsgrebenstein.de\/wp-content\/uploads\/2022\/11\/20221108_162803-1024x576.jpg 1024w, https:\/\/altgsgrebenstein.de\/wp-content\/uploads\/2022\/11\/20221108_162803-300x169.jpg 300w, https:\/\/altgsgrebenstein.de\/wp-content\/uploads\/2022\/11\/20221108_162803-768x432.jpg 768w, https:\/\/altgsgrebenstein.de\/wp-content\/uploads\/2022\/11\/20221108_162803-1536x864.jpg 1536w, https:\/\/altgsgrebenstein.de\/wp-content\/uploads\/2022\/11\/20221108_162803-2048x1152.jpg 2048w\" sizes=\"(max-width: 604px) 100vw, 604px\" \/><\/p>\n<p><img decoding=\"async\" class=\"alignnone size-large wp-image-14919\" src=\"http:\/\/altgsgrebenstein.de\/wp-content\/uploads\/2022\/11\/20221108_163807-1024x576.jpg\" alt=\"\" width=\"604\" height=\"340\" srcset=\"https:\/\/altgsgrebenstein.de\/wp-content\/uploads\/2022\/11\/20221108_163807-1024x576.jpg 1024w, https:\/\/altgsgrebenstein.de\/wp-content\/uploads\/2022\/11\/20221108_163807-300x169.jpg 300w, https:\/\/altgsgrebenstein.de\/wp-content\/uploads\/2022\/11\/20221108_163807-768x432.jpg 768w, https:\/\/altgsgrebenstein.de\/wp-content\/uploads\/2022\/11\/20221108_163807-1536x864.jpg 1536w, https:\/\/altgsgrebenstein.de\/wp-content\/uploads\/2022\/11\/20221108_163807-2048x1152.jpg 2048w\" sizes=\"(max-width: 604px) 100vw, 604px\" \/><\/p>\n<p>Nach einer kurzen Pause bei Kaffee und reichhaltigem Kuchenbuffet (ein besonderer Dank gilt den Eltern, die hierzu beitrugen!) ging es in den zweiten Block.<\/p>\n<p><img decoding=\"async\" class=\"alignnone size-large wp-image-14920\" src=\"http:\/\/altgsgrebenstein.de\/wp-content\/uploads\/2022\/11\/20221108_164955-1024x576.jpg\" alt=\"\" width=\"604\" height=\"340\" srcset=\"https:\/\/altgsgrebenstein.de\/wp-content\/uploads\/2022\/11\/20221108_164955-1024x576.jpg 1024w, https:\/\/altgsgrebenstein.de\/wp-content\/uploads\/2022\/11\/20221108_164955-300x169.jpg 300w, https:\/\/altgsgrebenstein.de\/wp-content\/uploads\/2022\/11\/20221108_164955-768x432.jpg 768w, https:\/\/altgsgrebenstein.de\/wp-content\/uploads\/2022\/11\/20221108_164955-1536x864.jpg 1536w, https:\/\/altgsgrebenstein.de\/wp-content\/uploads\/2022\/11\/20221108_164955-2048x1152.jpg 2048w\" sizes=\"(max-width: 604px) 100vw, 604px\" \/><\/p>\n<p><img decoding=\"async\" class=\"alignnone size-large wp-image-14921\" src=\"http:\/\/altgsgrebenstein.de\/wp-content\/uploads\/2022\/11\/20221108_164849-1024x576.jpg\" alt=\"\" width=\"604\" height=\"340\" srcset=\"https:\/\/altgsgrebenstein.de\/wp-content\/uploads\/2022\/11\/20221108_164849-1024x576.jpg 1024w, https:\/\/altgsgrebenstein.de\/wp-content\/uploads\/2022\/11\/20221108_164849-300x169.jpg 300w, https:\/\/altgsgrebenstein.de\/wp-content\/uploads\/2022\/11\/20221108_164849-768x432.jpg 768w, https:\/\/altgsgrebenstein.de\/wp-content\/uploads\/2022\/11\/20221108_164849-1536x864.jpg 1536w, https:\/\/altgsgrebenstein.de\/wp-content\/uploads\/2022\/11\/20221108_164849-2048x1152.jpg 2048w\" sizes=\"(max-width: 604px) 100vw, 604px\" \/><\/p>\n<p>In der Abschlussrunde zeigten sich sowohl die G\u00e4ste als auch die Sch\u00fclerschaft samt Eltern begeistert und res\u00fcmierten den Abend positiv mit Feedback wie:<\/p>\n<div><span style=\"font-family: 'comic sans ms', sans-serif; font-size: 12pt;\">Die Workshops waren&#8230;.<\/span><\/div>\n<div><\/div>\n<div><span style=\"font-family: 'comic sans ms', sans-serif; font-size: 12pt;\">&#8222;informativ&#8220;, &#8222;[Von den eingeladenen G\u00e4sten] gut und interessant vorbereitet&#8220;, &#8222;breites Spektrum an M\u00f6glichkeiten kennengelernt&#8220;, &#8222;guter Austausch&#8220;, &#8222;ich konnte viele Fragen stellen&#8220;, &#8222;Gute Auswahl an Betrieben und Firmen&#8220;, &#8222;ich k\u00f6nnte mir vorstellen ein Praktikum\/ eine Ausbildung zu absolvieren&#8220;.<\/span><\/div>\n<div><\/div>\n<div><img decoding=\"async\" class=\"alignnone size-large wp-image-14925\" src=\"http:\/\/altgsgrebenstein.de\/wp-content\/uploads\/2022\/11\/20221108_181032-1024x576.jpg\" alt=\"\" width=\"604\" height=\"340\" srcset=\"https:\/\/altgsgrebenstein.de\/wp-content\/uploads\/2022\/11\/20221108_181032-1024x576.jpg 1024w, https:\/\/altgsgrebenstein.de\/wp-content\/uploads\/2022\/11\/20221108_181032-300x169.jpg 300w, https:\/\/altgsgrebenstein.de\/wp-content\/uploads\/2022\/11\/20221108_181032-768x432.jpg 768w, https:\/\/altgsgrebenstein.de\/wp-content\/uploads\/2022\/11\/20221108_181032-1536x864.jpg 1536w, https:\/\/altgsgrebenstein.de\/wp-content\/uploads\/2022\/11\/20221108_181032-2048x1152.jpg 2048w\" sizes=\"(max-width: 604px) 100vw, 604px\" \/><\/div>\n<div><\/div>\n<div><\/div>\n<p>Die Heinrich-Grupe-Schule dankt den teilnehmenden Firmen \/ Institutionen sehr herzlich f\u00fcr ihr Engagement und ihre Teilnahme, die dem Caf\u00e9 Beruf jedes Mal aufs Neue Leben einhauchen, eine Verbindung zwischen Schule und Arbeitswelt herstellen und eine wichtige Bereicherung f\u00fcr die Berufsorientierung bedeuten.<\/p>\n<p>&nbsp;<\/p>\n<p>Jens Lautze<\/p>\n","protected":false},"excerpt":{"rendered":"<p>Grebenstein.\u00a0Ein voller Erfolg &#8211; dies konnte man bei der 36. Auflage des Caf\u00e9 Beruf der HGS Grebenstein w\u00f6rtlich nehmen. Die Veranstaltung war unter Teilnahme der Klassen H8, H9, R8a, R8b, R8c, R9a und R9b samt zahlreich erschienenen Eltern sehr gut besucht. Perfekt strukturiert durch das neue Organisationsteam Anna Meise und Nina Gilfert war der Nachmittag &hellip; <a href=\"https:\/\/altgsgrebenstein.de\/?p=14912\" class=\"more-link\"><span class=\"screen-reader-text\">Caf\u00e9 Beruf no.36 &#8211; Ein voller Erfolg!<\/span> weiterlesen <span class=\"meta-nav\">&rarr;<\/span><\/a><\/p>\n","protected":false},"author":28,"featured_media":0,"comment_status":"closed","ping_status":"closed","sticky":false,"template":"","format":"standard","meta":{"saved_in_kubio":false,"footnotes":""},"categories":[33,1],"tags":[],"class_list":["post-14912","post","type-post","status-publish","format-standard","hentry","category-archiv","category-uncategorized"],"_links":{"self":[{"href":"https:\/\/altgsgrebenstein.de\/index.php?rest_route=\/wp\/v2\/posts\/14912","targetHints":{"allow":["GET"]}}],"collection":[{"href":"https:\/\/altgsgrebenstein.de\/index.php?rest_route=\/wp\/v2\/posts"}],"about":[{"href":"https:\/\/altgsgrebenstein.de\/index.php?rest_route=\/wp\/v2\/types\/post"}],"author":[{"embeddable":true,"href":"https:\/\/altgsgrebenstein.de\/index.php?rest_route=\/wp\/v2\/users\/28"}],"replies":[{"embeddable":true,"href":"https:\/\/altgsgrebenstein.de\/index.php?rest_route=%2Fwp%2Fv2%2Fcomments&post=14912"}],"version-history":[{"count":4,"href":"https:\/\/altgsgrebenstein.de\/index.php?rest_route=\/wp\/v2\/posts\/14912\/revisions"}],"predecessor-version":[{"id":14926,"href":"https:\/\/altgsgrebenstein.de\/index.php?rest_route=\/wp\/v2\/posts\/14912\/revisions\/14926"}],"wp:attachment":[{"href":"https:\/\/altgsgrebenstein.de\/index.php?rest_route=%2Fwp%2Fv2%2Fmedia&parent=14912"}],"wp:term":[{"taxonomy":"category","embeddable":true,"href":"https:\/\/altgsgrebenstein.de\/index.php?rest_route=%2Fwp%2Fv2%2Fcategories&post=14912"},{"taxonomy":"post_tag","embeddable":true,"href":"https:\/\/altgsgrebenstein.de\/index.php?rest_route=%2Fwp%2Fv2%2Ftags&post=14912"}],"curies":[{"name":"wp","href":"https:\/\/api.w.org\/{rel}","templated":true}]}}