{"id":14877,"date":"2022-10-16T01:37:47","date_gmt":"2022-10-16T00:37:47","guid":{"rendered":"http:\/\/altgsgrebenstein.de\/?p=14877"},"modified":"2023-12-03T20:04:29","modified_gmt":"2023-12-03T19:04:29","slug":"latein-tot-oder-lebendig","status":"publish","type":"post","link":"https:\/\/altgsgrebenstein.de\/?p=14877","title":{"rendered":"Latein &#8211; tot oder lebendig?!"},"content":{"rendered":"<table style=\"border-collapse: collapse; width: 100%;\">\n<tbody>\n<tr>\n<td style=\"width: 50%;\"><img decoding=\"async\" class=\"alignnone wp-image-14881\" src=\"http:\/\/altgsgrebenstein.de\/wp-content\/uploads\/2022\/10\/IMG-5573-300x190.jpg\" alt=\"\" width=\"312\" height=\"197\" srcset=\"https:\/\/altgsgrebenstein.de\/wp-content\/uploads\/2022\/10\/IMG-5573-300x190.jpg 300w, https:\/\/altgsgrebenstein.de\/wp-content\/uploads\/2022\/10\/IMG-5573-1024x649.jpg 1024w, https:\/\/altgsgrebenstein.de\/wp-content\/uploads\/2022\/10\/IMG-5573-768x486.jpg 768w, https:\/\/altgsgrebenstein.de\/wp-content\/uploads\/2022\/10\/IMG-5573-1536x973.jpg 1536w, https:\/\/altgsgrebenstein.de\/wp-content\/uploads\/2022\/10\/IMG-5573-2048x1297.jpg 2048w\" sizes=\"(max-width: 312px) 100vw, 312px\" \/><\/td>\n<td style=\"width: 50%;\"><img decoding=\"async\" class=\"wp-image-14882 aligncenter\" src=\"http:\/\/altgsgrebenstein.de\/wp-content\/uploads\/2022\/10\/IMG-5576-300x225.jpg\" alt=\"\" width=\"254\" height=\"190\" srcset=\"https:\/\/altgsgrebenstein.de\/wp-content\/uploads\/2022\/10\/IMG-5576-300x225.jpg 300w, https:\/\/altgsgrebenstein.de\/wp-content\/uploads\/2022\/10\/IMG-5576-1024x768.jpg 1024w, https:\/\/altgsgrebenstein.de\/wp-content\/uploads\/2022\/10\/IMG-5576-768x576.jpg 768w, https:\/\/altgsgrebenstein.de\/wp-content\/uploads\/2022\/10\/IMG-5576-1536x1152.jpg 1536w, https:\/\/altgsgrebenstein.de\/wp-content\/uploads\/2022\/10\/IMG-5576-2048x1536.jpg 2048w\" sizes=\"(max-width: 254px) 100vw, 254px\" \/><\/td>\n<\/tr>\n<\/tbody>\n<\/table>\n<p style=\"text-align: justify;\">Latein \u2013 einst bedeutende Sprache der Wissenschaft, Philosophie und Literatur \u2013 ist in unseren Tagen bei vielen Menschen als tote Sprache oder gar Sch\u00fclerschreck verschrien. Doch warum eigentlich? Wann fand das Lateinische seinen vermeintlichen \u201eTod\u201c? Und steckt in unserem Alltag nicht mehr Latein als viele glauben?<\/p>\n<p style=\"text-align: justify;\">Dass Latein noch l\u00e4ngst nicht am Ende ist, demonstriert derzeit eindrucksvoll eine Sonderausstellung im Kloster Dalheim, welches sich somit als Ziel f\u00fcr den diesj\u00e4hrigen Lateintag der Jahrg\u00e4nge 9 und 10 anbot. Aus diesem Grund unternahmen am Mitte der Woche 42 Lateinsch\u00fcler*innen gemeinsam mit ihren Lehrkr\u00e4ften Helwig Haag und Dirk Weidmann einen Tagesausflug zu diesem attraktiven Lernort, der mit einem Zuschuss des Deutschen Altphilologenverbands gef\u00f6rdert wurde.<\/p>\n<p style=\"text-align: justify;\">Die Lerngruppen nahmen zun\u00e4chst an einer F\u00fchrung durch die Ausstellung \u201e<a href=\"https:\/\/www.stiftung-kloster-dalheim.lwl.org\/de\/ausstellungen\/latein\/\">Latein \u2013 tot oder lebendig?<\/a>\u201c teil, in der man \u00fcber 200 international zusammengetragenen Exponate bestaunen konnte, die von 2100 Jahren bewegter Sprachgeschichte zeugen. Im Verlauf der Besichtigung wurde anhand von elf Biographien \u2013 angefangen von Cicero \u00fcber Hildegard von Bingen bis hin zu Asterix und Harry Potter \u2013 der Aufstieg und Fall des Lateinischen nachvollzogen und erkannt, welchen Stellenwert die \u201eMuttersprache Europas\u201c f\u00fcr die europ\u00e4ische Bildungs- und Kulturgeschichte hatte (und noch immer hat). Im Rahmen einer Kleingruppenarbeit vertieften die Sch\u00fcler*innen sodann ausgew\u00e4hlte Aspekte aus einigen dieser Biographien und erg\u00e4nzten somit die unterrichtliche Vorbereitung, die u.a. mithilfe der ausstellungsbegleitenden <a href=\"https:\/\/www.stiftung-kloster-dalheim.lwl.org\/de\/kloster-dalheim-digital\/podcast-hocus-locus-jocus\/\">Podcast-Serie<\/a> erfolgte.<\/p>\n<table style=\"border-collapse: collapse; width: 100%;\">\n<tbody>\n<tr>\n<td style=\"width: 50%;\"><img decoding=\"async\" class=\"alignnone size-medium wp-image-14880\" src=\"http:\/\/altgsgrebenstein.de\/wp-content\/uploads\/2022\/10\/IMG-5570-300x225.jpg\" alt=\"\" width=\"300\" height=\"225\" srcset=\"https:\/\/altgsgrebenstein.de\/wp-content\/uploads\/2022\/10\/IMG-5570-300x225.jpg 300w, https:\/\/altgsgrebenstein.de\/wp-content\/uploads\/2022\/10\/IMG-5570-1024x768.jpg 1024w, https:\/\/altgsgrebenstein.de\/wp-content\/uploads\/2022\/10\/IMG-5570-768x576.jpg 768w, https:\/\/altgsgrebenstein.de\/wp-content\/uploads\/2022\/10\/IMG-5570-1536x1152.jpg 1536w, https:\/\/altgsgrebenstein.de\/wp-content\/uploads\/2022\/10\/IMG-5570-2048x1536.jpg 2048w\" sizes=\"(max-width: 300px) 100vw, 300px\" \/><\/td>\n<td style=\"width: 50%;\"><img decoding=\"async\" class=\"alignnone size-medium wp-image-14883\" src=\"http:\/\/altgsgrebenstein.de\/wp-content\/uploads\/2022\/10\/IMG-5579-300x225.jpg\" alt=\"\" width=\"300\" height=\"225\" srcset=\"https:\/\/altgsgrebenstein.de\/wp-content\/uploads\/2022\/10\/IMG-5579-300x225.jpg 300w, https:\/\/altgsgrebenstein.de\/wp-content\/uploads\/2022\/10\/IMG-5579-1024x768.jpg 1024w, https:\/\/altgsgrebenstein.de\/wp-content\/uploads\/2022\/10\/IMG-5579-768x576.jpg 768w, https:\/\/altgsgrebenstein.de\/wp-content\/uploads\/2022\/10\/IMG-5579-1536x1152.jpg 1536w, https:\/\/altgsgrebenstein.de\/wp-content\/uploads\/2022\/10\/IMG-5579-2048x1536.jpg 2048w\" sizes=\"(max-width: 300px) 100vw, 300px\" \/><\/td>\n<\/tr>\n<\/tbody>\n<\/table>\n<p style=\"text-align: justify;\">Bevor zum Abschluss der Exkursion bei strahlendem Sonnenschein der Klostergarten erkundet und die im Klosterladen angebotenen Erzeugnisse des Klosters in Augenschein genommen wurden, bot sich den HGS-Sch\u00fcler*innen noch die M\u00f6glichkeit, in einem praxisorientierten Ansatz das Verst\u00e4ndnis der Textentstehung in einer Schreibwerkstatt zu vertiefen. W\u00e4hrend dieses Workshops r\u00fchrten die Lerngruppen zun\u00e4chst Tinte nach r\u00f6mischem Rezept an und probierten \u2013 stilecht mit einer G\u00e4nse- oder Rohrfeder \u2013 historische Schriften wie die <em>Capitalis Quadrata<\/em> aus der Antike oder die <em>Karolingische Minuskel<\/em> aus dem Mittelalter aus. Als Arbeitsergebnisse konnten dekorative Lesezeichen mit nach Hause genommen werden, sodass alle Sch\u00fcler*innen eine bleibende Erinnerung an diese Veranstaltung haben werden.<\/p>\n<table style=\"border-collapse: collapse; width: 100%;\">\n<tbody>\n<tr>\n<td style=\"width: 44.2053%;\"><img decoding=\"async\" class=\"size-medium wp-image-14884 aligncenter\" src=\"http:\/\/altgsgrebenstein.de\/wp-content\/uploads\/2022\/10\/IMG-5581-225x300.jpg\" alt=\"\" width=\"225\" height=\"300\" srcset=\"https:\/\/altgsgrebenstein.de\/wp-content\/uploads\/2022\/10\/IMG-5581-225x300.jpg 225w, https:\/\/altgsgrebenstein.de\/wp-content\/uploads\/2022\/10\/IMG-5581-768x1024.jpg 768w, https:\/\/altgsgrebenstein.de\/wp-content\/uploads\/2022\/10\/IMG-5581-1152x1536.jpg 1152w, https:\/\/altgsgrebenstein.de\/wp-content\/uploads\/2022\/10\/IMG-5581-1536x2048.jpg 1536w, https:\/\/altgsgrebenstein.de\/wp-content\/uploads\/2022\/10\/IMG-5581-scaled.jpg 1920w\" sizes=\"(max-width: 225px) 100vw, 225px\" \/><\/td>\n<td style=\"width: 55.7947%;\"><img decoding=\"async\" class=\"alignnone wp-image-14885\" src=\"http:\/\/altgsgrebenstein.de\/wp-content\/uploads\/2022\/10\/IMG-5583-300x225.jpg\" alt=\"\" width=\"314\" height=\"235\" srcset=\"https:\/\/altgsgrebenstein.de\/wp-content\/uploads\/2022\/10\/IMG-5583-300x225.jpg 300w, https:\/\/altgsgrebenstein.de\/wp-content\/uploads\/2022\/10\/IMG-5583-1024x768.jpg 1024w, https:\/\/altgsgrebenstein.de\/wp-content\/uploads\/2022\/10\/IMG-5583-768x576.jpg 768w, https:\/\/altgsgrebenstein.de\/wp-content\/uploads\/2022\/10\/IMG-5583-1536x1152.jpg 1536w, https:\/\/altgsgrebenstein.de\/wp-content\/uploads\/2022\/10\/IMG-5583-2048x1536.jpg 2048w\" sizes=\"(max-width: 314px) 100vw, 314px\" \/><\/td>\n<\/tr>\n<\/tbody>\n<\/table>\n","protected":false},"excerpt":{"rendered":"<p>Latein \u2013 einst bedeutende Sprache der Wissenschaft, Philosophie und Literatur \u2013 ist in unseren Tagen bei vielen Menschen als tote Sprache oder gar Sch\u00fclerschreck verschrien. Doch warum eigentlich? Wann fand das Lateinische seinen vermeintlichen \u201eTod\u201c? Und steckt in unserem Alltag nicht mehr Latein als viele glauben? Dass Latein noch l\u00e4ngst nicht am Ende ist, demonstriert &hellip; <a href=\"https:\/\/altgsgrebenstein.de\/?p=14877\" class=\"more-link\"><span class=\"screen-reader-text\">Latein &#8211; tot oder lebendig?!<\/span> weiterlesen <span class=\"meta-nav\">&rarr;<\/span><\/a><\/p>\n","protected":false},"author":22,"featured_media":0,"comment_status":"closed","ping_status":"closed","sticky":false,"template":"","format":"standard","meta":{"saved_in_kubio":false,"footnotes":""},"categories":[33,1],"tags":[],"class_list":["post-14877","post","type-post","status-publish","format-standard","hentry","category-archiv","category-uncategorized"],"_links":{"self":[{"href":"https:\/\/altgsgrebenstein.de\/index.php?rest_route=\/wp\/v2\/posts\/14877","targetHints":{"allow":["GET"]}}],"collection":[{"href":"https:\/\/altgsgrebenstein.de\/index.php?rest_route=\/wp\/v2\/posts"}],"about":[{"href":"https:\/\/altgsgrebenstein.de\/index.php?rest_route=\/wp\/v2\/types\/post"}],"author":[{"embeddable":true,"href":"https:\/\/altgsgrebenstein.de\/index.php?rest_route=\/wp\/v2\/users\/22"}],"replies":[{"embeddable":true,"href":"https:\/\/altgsgrebenstein.de\/index.php?rest_route=%2Fwp%2Fv2%2Fcomments&post=14877"}],"version-history":[{"count":2,"href":"https:\/\/altgsgrebenstein.de\/index.php?rest_route=\/wp\/v2\/posts\/14877\/revisions"}],"predecessor-version":[{"id":14887,"href":"https:\/\/altgsgrebenstein.de\/index.php?rest_route=\/wp\/v2\/posts\/14877\/revisions\/14887"}],"wp:attachment":[{"href":"https:\/\/altgsgrebenstein.de\/index.php?rest_route=%2Fwp%2Fv2%2Fmedia&parent=14877"}],"wp:term":[{"taxonomy":"category","embeddable":true,"href":"https:\/\/altgsgrebenstein.de\/index.php?rest_route=%2Fwp%2Fv2%2Fcategories&post=14877"},{"taxonomy":"post_tag","embeddable":true,"href":"https:\/\/altgsgrebenstein.de\/index.php?rest_route=%2Fwp%2Fv2%2Ftags&post=14877"}],"curies":[{"name":"wp","href":"https:\/\/api.w.org\/{rel}","templated":true}]}}