{"id":14817,"date":"2022-09-23T21:54:25","date_gmt":"2022-09-23T20:54:25","guid":{"rendered":"http:\/\/altgsgrebenstein.de\/?p=14817"},"modified":"2023-12-03T20:03:59","modified_gmt":"2023-12-03T19:03:59","slug":"opernstudio-besucht-schule-kinder-hoeren-und-sehen-die-zauberfloete","status":"publish","type":"post","link":"https:\/\/altgsgrebenstein.de\/?p=14817","title":{"rendered":"Opernstudio besucht Schule &#8211; Kinder h\u00f6ren und sehen \u201eDie Zauberfl\u00f6te\u201c"},"content":{"rendered":"<p><strong>Grebenstein.<\/strong> Was war da los? Ein Mann voller Federn, ein anderer in einem goldgl\u00e4nzenden Gewand, ein Prinz, Knaben und dann noch Damen in pr\u00e4chtigen Kleidern \u2013 so standen sie vor der Neuen Aula der Heinrich-Grupe-Schule. Hier fand nicht etwa eine Kost\u00fcmparty statt, sondern all diese sonderbar Gekleideten warteten hier auf ihre Auftritte.<\/p>\n<p><img decoding=\"async\" class=\"alignnone wp-image-14818 size-medium\" src=\"http:\/\/altgsgrebenstein.de\/wp-content\/uploads\/2022\/09\/IMG_9161-300x200.jpg\" alt=\"\" width=\"300\" height=\"200\" srcset=\"https:\/\/altgsgrebenstein.de\/wp-content\/uploads\/2022\/09\/IMG_9161-300x200.jpg 300w, https:\/\/altgsgrebenstein.de\/wp-content\/uploads\/2022\/09\/IMG_9161-1024x684.jpg 1024w, https:\/\/altgsgrebenstein.de\/wp-content\/uploads\/2022\/09\/IMG_9161-768x513.jpg 768w, https:\/\/altgsgrebenstein.de\/wp-content\/uploads\/2022\/09\/IMG_9161-1536x1025.jpg 1536w, https:\/\/altgsgrebenstein.de\/wp-content\/uploads\/2022\/09\/IMG_9161-2048x1367.jpg 2048w\" sizes=\"(max-width: 300px) 100vw, 300px\" \/><\/p>\n<p>Sie geh\u00f6rten zum Opernstudio \u201eBelcanto\u201c und f\u00fchrten eine Fassung der \u201eZauberfl\u00f6te\u201c f\u00fcr die Kinder der Jahrg\u00e4nge 5 und 6 der Gesamtschule auf. In zwei Durchg\u00e4ngen erlebten diese die Abenteuer von Prinz Tamino und dem Vogelf\u00e4nger Papageno, der Prinzessin Pamina, sahen und h\u00f6rten sie die drei Damen und drei Knaben, die K\u00f6nigin der Nacht, den Priester Sarastro, den W\u00e4rter Monostatos sowie den Erz\u00e4hler.<\/p>\n<p><img decoding=\"async\" class=\"alignnone wp-image-14819 size-medium\" src=\"http:\/\/altgsgrebenstein.de\/wp-content\/uploads\/2022\/09\/IMG_9162-300x200.jpg\" alt=\"\" width=\"300\" height=\"200\" srcset=\"https:\/\/altgsgrebenstein.de\/wp-content\/uploads\/2022\/09\/IMG_9162-300x200.jpg 300w, https:\/\/altgsgrebenstein.de\/wp-content\/uploads\/2022\/09\/IMG_9162-1024x684.jpg 1024w, https:\/\/altgsgrebenstein.de\/wp-content\/uploads\/2022\/09\/IMG_9162-768x513.jpg 768w, https:\/\/altgsgrebenstein.de\/wp-content\/uploads\/2022\/09\/IMG_9162-1536x1025.jpg 1536w, https:\/\/altgsgrebenstein.de\/wp-content\/uploads\/2022\/09\/IMG_9162-2048x1367.jpg 2048w\" sizes=\"(max-width: 300px) 100vw, 300px\" \/> \u00a0<img decoding=\"async\" class=\"alignnone wp-image-14820 size-medium\" src=\"http:\/\/altgsgrebenstein.de\/wp-content\/uploads\/2022\/09\/IMG_9168-200x300.jpg\" alt=\"\" width=\"200\" height=\"300\" srcset=\"https:\/\/altgsgrebenstein.de\/wp-content\/uploads\/2022\/09\/IMG_9168-200x300.jpg 200w, https:\/\/altgsgrebenstein.de\/wp-content\/uploads\/2022\/09\/IMG_9168-684x1024.jpg 684w, https:\/\/altgsgrebenstein.de\/wp-content\/uploads\/2022\/09\/IMG_9168-768x1150.jpg 768w, https:\/\/altgsgrebenstein.de\/wp-content\/uploads\/2022\/09\/IMG_9168-1025x1536.jpg 1025w, https:\/\/altgsgrebenstein.de\/wp-content\/uploads\/2022\/09\/IMG_9168-1367x2048.jpg 1367w, https:\/\/altgsgrebenstein.de\/wp-content\/uploads\/2022\/09\/IMG_9168-scaled.jpg 1709w\" sizes=\"(max-width: 200px) 100vw, 200px\" \/><\/p>\n<p><img decoding=\"async\" class=\"alignnone wp-image-14821 size-medium\" src=\"http:\/\/altgsgrebenstein.de\/wp-content\/uploads\/2022\/09\/IMG_9175-300x200.jpg\" alt=\"\" width=\"300\" height=\"200\" srcset=\"https:\/\/altgsgrebenstein.de\/wp-content\/uploads\/2022\/09\/IMG_9175-300x200.jpg 300w, https:\/\/altgsgrebenstein.de\/wp-content\/uploads\/2022\/09\/IMG_9175-1024x684.jpg 1024w, https:\/\/altgsgrebenstein.de\/wp-content\/uploads\/2022\/09\/IMG_9175-768x513.jpg 768w, https:\/\/altgsgrebenstein.de\/wp-content\/uploads\/2022\/09\/IMG_9175-1536x1025.jpg 1536w, https:\/\/altgsgrebenstein.de\/wp-content\/uploads\/2022\/09\/IMG_9175-2048x1367.jpg 2048w\" sizes=\"(max-width: 300px) 100vw, 300px\" \/> \u00a0<img decoding=\"async\" class=\"alignnone wp-image-14822 size-medium\" src=\"http:\/\/altgsgrebenstein.de\/wp-content\/uploads\/2022\/09\/IMG_9184-200x300.jpg\" alt=\"\" width=\"200\" height=\"300\" srcset=\"https:\/\/altgsgrebenstein.de\/wp-content\/uploads\/2022\/09\/IMG_9184-200x300.jpg 200w, https:\/\/altgsgrebenstein.de\/wp-content\/uploads\/2022\/09\/IMG_9184-684x1024.jpg 684w, https:\/\/altgsgrebenstein.de\/wp-content\/uploads\/2022\/09\/IMG_9184-768x1150.jpg 768w, https:\/\/altgsgrebenstein.de\/wp-content\/uploads\/2022\/09\/IMG_9184-1025x1536.jpg 1025w, https:\/\/altgsgrebenstein.de\/wp-content\/uploads\/2022\/09\/IMG_9184-1367x2048.jpg 1367w, https:\/\/altgsgrebenstein.de\/wp-content\/uploads\/2022\/09\/IMG_9184-scaled.jpg 1709w\" sizes=\"(max-width: 200px) 100vw, 200px\" \/><\/p>\n<p>In einer stark gek\u00fcrzten Fassung ohne Dialoge pr\u00e4sentierten Mitglieder des seit 20 Jahren existierenden Opernstudios einen Gro\u00dfteil der gesungenen Partien von Mozarts ber\u00fchmter Oper. Dabei boten sie mit ihren phantasievollen Kost\u00fcmen einen opulenten Anblick, der auch das Publikum beeindruckte. Die Kinder h\u00f6rten aufmerksam zu und waren anschlie\u00dfend von dieser ungew\u00f6hnlichen Doppelstunde angetan. In der Klasse F5b herrschte Einigkeit dar\u00fcber, dass dieser \u201eOpernbesuche\u201c etwas Besonderes war.<\/p>\n<p><img decoding=\"async\" class=\"alignnone wp-image-14823 size-medium\" src=\"http:\/\/altgsgrebenstein.de\/wp-content\/uploads\/2022\/09\/Bel-Canto-300x225.jpg\" alt=\"\" width=\"300\" height=\"225\" srcset=\"https:\/\/altgsgrebenstein.de\/wp-content\/uploads\/2022\/09\/Bel-Canto-300x225.jpg 300w, https:\/\/altgsgrebenstein.de\/wp-content\/uploads\/2022\/09\/Bel-Canto-1024x768.jpg 1024w, https:\/\/altgsgrebenstein.de\/wp-content\/uploads\/2022\/09\/Bel-Canto-768x576.jpg 768w, https:\/\/altgsgrebenstein.de\/wp-content\/uploads\/2022\/09\/Bel-Canto-1536x1152.jpg 1536w, https:\/\/altgsgrebenstein.de\/wp-content\/uploads\/2022\/09\/Bel-Canto-2048x1536.jpg 2048w\" sizes=\"(max-width: 300px) 100vw, 300px\" \/><\/p>\n","protected":false},"excerpt":{"rendered":"<p>Grebenstein. Was war da los? Ein Mann voller Federn, ein anderer in einem goldgl\u00e4nzenden Gewand, ein Prinz, Knaben und dann noch Damen in pr\u00e4chtigen Kleidern \u2013 so standen sie vor der Neuen Aula der Heinrich-Grupe-Schule. Hier fand nicht etwa eine Kost\u00fcmparty statt, sondern all diese sonderbar Gekleideten warteten hier auf ihre Auftritte. Sie geh\u00f6rten zum &hellip; <a href=\"https:\/\/altgsgrebenstein.de\/?p=14817\" class=\"more-link\"><span class=\"screen-reader-text\">Opernstudio besucht Schule &#8211; Kinder h\u00f6ren und sehen \u201eDie Zauberfl\u00f6te\u201c<\/span> weiterlesen <span class=\"meta-nav\">&rarr;<\/span><\/a><\/p>\n","protected":false},"author":12,"featured_media":0,"comment_status":"closed","ping_status":"closed","sticky":false,"template":"","format":"standard","meta":{"saved_in_kubio":false,"footnotes":""},"categories":[116,33,52],"tags":[],"class_list":["post-14817","post","type-post","status-publish","format-standard","hentry","category-aktuell","category-archiv","category-veranstaltungen"],"_links":{"self":[{"href":"https:\/\/altgsgrebenstein.de\/index.php?rest_route=\/wp\/v2\/posts\/14817","targetHints":{"allow":["GET"]}}],"collection":[{"href":"https:\/\/altgsgrebenstein.de\/index.php?rest_route=\/wp\/v2\/posts"}],"about":[{"href":"https:\/\/altgsgrebenstein.de\/index.php?rest_route=\/wp\/v2\/types\/post"}],"author":[{"embeddable":true,"href":"https:\/\/altgsgrebenstein.de\/index.php?rest_route=\/wp\/v2\/users\/12"}],"replies":[{"embeddable":true,"href":"https:\/\/altgsgrebenstein.de\/index.php?rest_route=%2Fwp%2Fv2%2Fcomments&post=14817"}],"version-history":[{"count":4,"href":"https:\/\/altgsgrebenstein.de\/index.php?rest_route=\/wp\/v2\/posts\/14817\/revisions"}],"predecessor-version":[{"id":14831,"href":"https:\/\/altgsgrebenstein.de\/index.php?rest_route=\/wp\/v2\/posts\/14817\/revisions\/14831"}],"wp:attachment":[{"href":"https:\/\/altgsgrebenstein.de\/index.php?rest_route=%2Fwp%2Fv2%2Fmedia&parent=14817"}],"wp:term":[{"taxonomy":"category","embeddable":true,"href":"https:\/\/altgsgrebenstein.de\/index.php?rest_route=%2Fwp%2Fv2%2Fcategories&post=14817"},{"taxonomy":"post_tag","embeddable":true,"href":"https:\/\/altgsgrebenstein.de\/index.php?rest_route=%2Fwp%2Fv2%2Ftags&post=14817"}],"curies":[{"name":"wp","href":"https:\/\/api.w.org\/{rel}","templated":true}]}}