{"id":14790,"date":"2022-09-20T00:26:13","date_gmt":"2022-09-19T23:26:13","guid":{"rendered":"http:\/\/altgsgrebenstein.de\/?p=14790"},"modified":"2023-12-03T20:03:39","modified_gmt":"2023-12-03T19:03:39","slug":"das-petitionsrecht-ein-recht-fuer-jedermann-und-frau","status":"publish","type":"post","link":"https:\/\/altgsgrebenstein.de\/?p=14790","title":{"rendered":"Das Petitionsrecht: Ein Recht f\u00fcr Jedermann!"},"content":{"rendered":"<table>\n<tbody>\n<tr>\n<td style=\"width: 50%;\"><img decoding=\"async\" class=\"wp-image-14791 aligncenter\" src=\"http:\/\/altgsgrebenstein.de\/wp-content\/uploads\/2022\/09\/307843303_1286180172196311_2748581949997919882_n-300x300.jpeg\" alt=\"\" width=\"252\" height=\"252\" srcset=\"https:\/\/altgsgrebenstein.de\/wp-content\/uploads\/2022\/09\/307843303_1286180172196311_2748581949997919882_n-300x300.jpeg 300w, https:\/\/altgsgrebenstein.de\/wp-content\/uploads\/2022\/09\/307843303_1286180172196311_2748581949997919882_n-1024x1024.jpeg 1024w, https:\/\/altgsgrebenstein.de\/wp-content\/uploads\/2022\/09\/307843303_1286180172196311_2748581949997919882_n-150x150.jpeg 150w, https:\/\/altgsgrebenstein.de\/wp-content\/uploads\/2022\/09\/307843303_1286180172196311_2748581949997919882_n-768x768.jpeg 768w, https:\/\/altgsgrebenstein.de\/wp-content\/uploads\/2022\/09\/307843303_1286180172196311_2748581949997919882_n.jpeg 1440w\" sizes=\"(max-width: 252px) 100vw, 252px\" \/><\/td>\n<td style=\"width: 50%;\"><img decoding=\"async\" class=\" wp-image-14796 aligncenter\" src=\"http:\/\/altgsgrebenstein.de\/wp-content\/uploads\/2022\/09\/IMG-6323-300x225.jpg\" alt=\"\" width=\"273\" height=\"204\" srcset=\"https:\/\/altgsgrebenstein.de\/wp-content\/uploads\/2022\/09\/IMG-6323-300x225.jpg 300w, https:\/\/altgsgrebenstein.de\/wp-content\/uploads\/2022\/09\/IMG-6323-1024x768.jpg 1024w, https:\/\/altgsgrebenstein.de\/wp-content\/uploads\/2022\/09\/IMG-6323-768x576.jpg 768w, https:\/\/altgsgrebenstein.de\/wp-content\/uploads\/2022\/09\/IMG-6323-1536x1152.jpg 1536w, https:\/\/altgsgrebenstein.de\/wp-content\/uploads\/2022\/09\/IMG-6323-2048x1536.jpg 2048w\" sizes=\"(max-width: 273px) 100vw, 273px\" \/><\/td>\n<\/tr>\n<tr>\n<td style=\"width: 50%;\"><img decoding=\"async\" class=\"wp-image-14794 aligncenter\" src=\"http:\/\/altgsgrebenstein.de\/wp-content\/uploads\/2022\/09\/IMG-5503-300x151.jpg\" alt=\"\" width=\"256\" height=\"129\" srcset=\"https:\/\/altgsgrebenstein.de\/wp-content\/uploads\/2022\/09\/IMG-5503-300x151.jpg 300w, https:\/\/altgsgrebenstein.de\/wp-content\/uploads\/2022\/09\/IMG-5503-1024x516.jpg 1024w, https:\/\/altgsgrebenstein.de\/wp-content\/uploads\/2022\/09\/IMG-5503-768x387.jpg 768w, https:\/\/altgsgrebenstein.de\/wp-content\/uploads\/2022\/09\/IMG-5503-1536x775.jpg 1536w, https:\/\/altgsgrebenstein.de\/wp-content\/uploads\/2022\/09\/IMG-5503-2048x1033.jpg 2048w\" sizes=\"(max-width: 256px) 100vw, 256px\" \/><\/td>\n<td style=\"width: 50%;\"><img decoding=\"async\" class=\"wp-image-14793 aligncenter\" src=\"http:\/\/altgsgrebenstein.de\/wp-content\/uploads\/2022\/09\/IMG-5502-300x225.jpg\" alt=\"\" width=\"274\" height=\"205\" srcset=\"https:\/\/altgsgrebenstein.de\/wp-content\/uploads\/2022\/09\/IMG-5502-300x225.jpg 300w, https:\/\/altgsgrebenstein.de\/wp-content\/uploads\/2022\/09\/IMG-5502-1024x768.jpg 1024w, https:\/\/altgsgrebenstein.de\/wp-content\/uploads\/2022\/09\/IMG-5502-768x576.jpg 768w, https:\/\/altgsgrebenstein.de\/wp-content\/uploads\/2022\/09\/IMG-5502-1536x1152.jpg 1536w, https:\/\/altgsgrebenstein.de\/wp-content\/uploads\/2022\/09\/IMG-5502-2048x1536.jpg 2048w\" sizes=\"(max-width: 274px) 100vw, 274px\" \/><\/td>\n<\/tr>\n<\/tbody>\n<\/table>\n<p style=\"text-align: justify;\">Zum Start in das neue Schuljahr erhielt die Klasse G9b mit ihren Lehrkr\u00e4ften Fr. Gilfert (PoWi) und Hr. Weidmann (Klassenlehrer) Besuch des Landtagsabgeordneten Oliver Ulloth. In seiner Funktion als Vorsitzender des Petitionsausschusses des Hessischen Landtags f\u00fchrte er am Beispiel der geplanten Schlie\u00dfung eines Reiterhofes in das Thema Petitionsrecht ein. Dabei verdeutlichte er, dass das Petitionsrecht als \u201eJedermann-Recht\u201c ein sehr hohes Gut unserer Rechtsordnung ist, mit dem sich jeder Mensch mit Anregungen, Bitten oder Ideen direkt an die Volksvertretung wenden kann. Zur Sprache kam in diesem Zusammenhang der Weg, den eine Petition im Landtag geht, sowie die Frage, wie eine Petition konkret eingereicht werden kann. Zudem grenzte der Abgeordnete den Petitionsausschuss des Landtags klar von privaten Petitionsplattformen ab, die den B\u00fcrger*innen in den sozialen Medien und im Internet vermehrt begegnen.<\/p>\n<p style=\"text-align: justify;\">Die G9b folgte den sch\u00fclernahen Ausf\u00fchrungen sehr aufmerksam und \u00fcberreichte dem Gast zum Abschluss der Veranstaltung neben einem aktuellen Schuljahresheft eine kleine St\u00e4rkung f\u00fcr die R\u00fcckreise. Schon heute freuen sich die Sch\u00fclerinnen und Sch\u00fcler auf einen weiteren bereits f\u00fcr Mitte Oktober terminierten Besuch von Herrn Ulloth und weiteren Landtagsabgeordneten, in dessen Verlauf eine Petitionsausschusssitzung konkret simuliert werden wird.<\/p>\n<table style=\"border-collapse: collapse; width: 100%;\">\n<tbody>\n<tr>\n<td style=\"width: 50%;\"><img decoding=\"async\" class=\"wp-image-14795 aligncenter\" src=\"http:\/\/altgsgrebenstein.de\/wp-content\/uploads\/2022\/09\/IMG-6320-225x300.jpg\" alt=\"\" width=\"193\" height=\"257\" srcset=\"https:\/\/altgsgrebenstein.de\/wp-content\/uploads\/2022\/09\/IMG-6320-225x300.jpg 225w, https:\/\/altgsgrebenstein.de\/wp-content\/uploads\/2022\/09\/IMG-6320-768x1024.jpg 768w, https:\/\/altgsgrebenstein.de\/wp-content\/uploads\/2022\/09\/IMG-6320-1152x1536.jpg 1152w, https:\/\/altgsgrebenstein.de\/wp-content\/uploads\/2022\/09\/IMG-6320-1536x2048.jpg 1536w, https:\/\/altgsgrebenstein.de\/wp-content\/uploads\/2022\/09\/IMG-6320-scaled.jpg 1920w\" sizes=\"(max-width: 193px) 100vw, 193px\" \/><\/td>\n<td style=\"width: 50%;\"><img decoding=\"async\" class=\"wp-image-14792 aligncenter\" src=\"http:\/\/altgsgrebenstein.de\/wp-content\/uploads\/2022\/09\/IMG-5501-300x236.jpg\" alt=\"\" width=\"269\" height=\"212\" srcset=\"https:\/\/altgsgrebenstein.de\/wp-content\/uploads\/2022\/09\/IMG-5501-300x236.jpg 300w, https:\/\/altgsgrebenstein.de\/wp-content\/uploads\/2022\/09\/IMG-5501-1024x804.jpg 1024w, https:\/\/altgsgrebenstein.de\/wp-content\/uploads\/2022\/09\/IMG-5501-768x603.jpg 768w, https:\/\/altgsgrebenstein.de\/wp-content\/uploads\/2022\/09\/IMG-5501-1536x1206.jpg 1536w, https:\/\/altgsgrebenstein.de\/wp-content\/uploads\/2022\/09\/IMG-5501-2048x1609.jpg 2048w\" sizes=\"(max-width: 269px) 100vw, 269px\" \/><\/td>\n<\/tr>\n<\/tbody>\n<\/table>\n<p>&nbsp;<\/p>\n","protected":false},"excerpt":{"rendered":"<p>Zum Start in das neue Schuljahr erhielt die Klasse G9b mit ihren Lehrkr\u00e4ften Fr. Gilfert (PoWi) und Hr. Weidmann (Klassenlehrer) Besuch des Landtagsabgeordneten Oliver Ulloth. In seiner Funktion als Vorsitzender des Petitionsausschusses des Hessischen Landtags f\u00fchrte er am Beispiel der geplanten Schlie\u00dfung eines Reiterhofes in das Thema Petitionsrecht ein. Dabei verdeutlichte er, dass das Petitionsrecht &hellip; <a href=\"https:\/\/altgsgrebenstein.de\/?p=14790\" class=\"more-link\"><span class=\"screen-reader-text\">Das Petitionsrecht: Ein Recht f\u00fcr Jedermann!<\/span> weiterlesen <span class=\"meta-nav\">&rarr;<\/span><\/a><\/p>\n","protected":false},"author":22,"featured_media":0,"comment_status":"closed","ping_status":"closed","sticky":false,"template":"","format":"standard","meta":{"saved_in_kubio":false,"footnotes":""},"categories":[33,1],"tags":[],"class_list":["post-14790","post","type-post","status-publish","format-standard","hentry","category-archiv","category-uncategorized"],"_links":{"self":[{"href":"https:\/\/altgsgrebenstein.de\/index.php?rest_route=\/wp\/v2\/posts\/14790","targetHints":{"allow":["GET"]}}],"collection":[{"href":"https:\/\/altgsgrebenstein.de\/index.php?rest_route=\/wp\/v2\/posts"}],"about":[{"href":"https:\/\/altgsgrebenstein.de\/index.php?rest_route=\/wp\/v2\/types\/post"}],"author":[{"embeddable":true,"href":"https:\/\/altgsgrebenstein.de\/index.php?rest_route=\/wp\/v2\/users\/22"}],"replies":[{"embeddable":true,"href":"https:\/\/altgsgrebenstein.de\/index.php?rest_route=%2Fwp%2Fv2%2Fcomments&post=14790"}],"version-history":[{"count":6,"href":"https:\/\/altgsgrebenstein.de\/index.php?rest_route=\/wp\/v2\/posts\/14790\/revisions"}],"predecessor-version":[{"id":14802,"href":"https:\/\/altgsgrebenstein.de\/index.php?rest_route=\/wp\/v2\/posts\/14790\/revisions\/14802"}],"wp:attachment":[{"href":"https:\/\/altgsgrebenstein.de\/index.php?rest_route=%2Fwp%2Fv2%2Fmedia&parent=14790"}],"wp:term":[{"taxonomy":"category","embeddable":true,"href":"https:\/\/altgsgrebenstein.de\/index.php?rest_route=%2Fwp%2Fv2%2Fcategories&post=14790"},{"taxonomy":"post_tag","embeddable":true,"href":"https:\/\/altgsgrebenstein.de\/index.php?rest_route=%2Fwp%2Fv2%2Ftags&post=14790"}],"curies":[{"name":"wp","href":"https:\/\/api.w.org\/{rel}","templated":true}]}}