{"id":14711,"date":"2022-09-05T19:49:00","date_gmt":"2022-09-05T18:49:00","guid":{"rendered":"http:\/\/altgsgrebenstein.de\/?p=14711"},"modified":"2023-12-03T20:03:03","modified_gmt":"2023-12-03T19:03:03","slug":"einschulungsfeier-an-hgs-zum-bluehen-gebracht","status":"publish","type":"post","link":"https:\/\/altgsgrebenstein.de\/?p=14711","title":{"rendered":"Einschulungsfeier an HGS &#8211; Zum Bl\u00fchen gebracht"},"content":{"rendered":"<p><strong>Grebenstein.<\/strong> Sie waren die heimlichen Stars an diesem Septembermorgen: gr\u00fcn und klein oder \u00fcppig gelb bl\u00fchend s\u00e4umten sie den B\u00fchnenrand in der Grebensteiner Kulturhalle. Hier warteten 88 Kinder mit ihren Familienangeh\u00f6rigen darauf, endlich ihre neuen Klassen und Lehrkr\u00e4fte kennenzulernen.<\/p>\n<p><a href=\"http:\/\/altgsgrebenstein.de\/wp-content\/uploads\/2022\/09\/IMG_9118-scaled.jpg\"><img decoding=\"async\" class=\"alignnone size-large wp-image-14715\" src=\"http:\/\/altgsgrebenstein.de\/wp-content\/uploads\/2022\/09\/IMG_9118-1024x684.jpg\" alt=\"\" width=\"604\" height=\"403\" srcset=\"https:\/\/altgsgrebenstein.de\/wp-content\/uploads\/2022\/09\/IMG_9118-1024x684.jpg 1024w, https:\/\/altgsgrebenstein.de\/wp-content\/uploads\/2022\/09\/IMG_9118-300x200.jpg 300w, https:\/\/altgsgrebenstein.de\/wp-content\/uploads\/2022\/09\/IMG_9118-768x513.jpg 768w, https:\/\/altgsgrebenstein.de\/wp-content\/uploads\/2022\/09\/IMG_9118-1536x1025.jpg 1536w, https:\/\/altgsgrebenstein.de\/wp-content\/uploads\/2022\/09\/IMG_9118-2048x1367.jpg 2048w\" sizes=\"(max-width: 604px) 100vw, 604px\" \/><\/a><\/p>\n<p>Die Sonnenblumen spielten bei dieser Einschulungsfeier an der Heinrich-Grupe-Schule eine besondere Rolle, standen sie doch symbolisch f\u00fcr das Motto \u201eHier bl\u00fchen wir auf!\u201c<\/p>\n<p><a href=\"http:\/\/altgsgrebenstein.de\/wp-content\/uploads\/2022\/09\/IMG_9116-scaled.jpg\"><img decoding=\"async\" class=\"aligncenter wp-image-14712 size-large\" src=\"http:\/\/altgsgrebenstein.de\/wp-content\/uploads\/2022\/09\/IMG_9116-683x1024.jpg\" alt=\"\" width=\"604\" height=\"906\" srcset=\"https:\/\/altgsgrebenstein.de\/wp-content\/uploads\/2022\/09\/IMG_9116-683x1024.jpg 683w, https:\/\/altgsgrebenstein.de\/wp-content\/uploads\/2022\/09\/IMG_9116-200x300.jpg 200w, https:\/\/altgsgrebenstein.de\/wp-content\/uploads\/2022\/09\/IMG_9116-768x1152.jpg 768w, https:\/\/altgsgrebenstein.de\/wp-content\/uploads\/2022\/09\/IMG_9116-1024x1536.jpg 1024w, https:\/\/altgsgrebenstein.de\/wp-content\/uploads\/2022\/09\/IMG_9116-1365x2048.jpg 1365w, https:\/\/altgsgrebenstein.de\/wp-content\/uploads\/2022\/09\/IMG_9116-scaled.jpg 1707w\" sizes=\"(max-width: 604px) 100vw, 604px\" \/><\/a><\/p>\n<p>Und so war es folgerichtig, dass nach den Begr\u00fc\u00dfungsworten von Schulleiterin Martina Boye-Griesel\u00a0 und der SV-Vertreterin Bente Wollert zwei G\u00e4rtner die B\u00fchne betraten. Sie wunderten sich zun\u00e4chst \u00fcber die verschieden gro\u00dfen Sonnenblumen und gelangten zu dem Schluss, dass es doch wie bei den Menschen sei: \u201eDie einen wachsen schneller als andere. Aber erwachsen werden sie alle.\u201c Spielerisch informierten Jonathan Kunz (F\u00f6rderstufenleiter in Vertretung) und Dirk Weidmann (Gymnasialzweigleiter) \u00fcber die neue Schule und was ihren k\u00fcnftigen F\u00fcnftkl\u00e4sslerinnen und F\u00fcnftkl\u00e4sslern so alles bl\u00fchen kann. Spielerisch zeigte auch die Klasse G6b den Alltag an der Gesamtschule. Sie setzte mit ihrer Darbietung einen der Akzente an diesem Vormittag. Bunt und aufregend begann auch die Feier, denn da pr\u00e4sentierte sich die Tanz AG unter der Leitung von Jorge Parra.<\/p>\n<p><a href=\"http:\/\/altgsgrebenstein.de\/wp-content\/uploads\/2022\/09\/IMG_9154-scaled.jpg\"><img decoding=\"async\" class=\"alignnone wp-image-14713 size-large\" src=\"http:\/\/altgsgrebenstein.de\/wp-content\/uploads\/2022\/09\/IMG_9154-1024x684.jpg\" alt=\"\" width=\"604\" height=\"403\" srcset=\"https:\/\/altgsgrebenstein.de\/wp-content\/uploads\/2022\/09\/IMG_9154-1024x684.jpg 1024w, https:\/\/altgsgrebenstein.de\/wp-content\/uploads\/2022\/09\/IMG_9154-300x200.jpg 300w, https:\/\/altgsgrebenstein.de\/wp-content\/uploads\/2022\/09\/IMG_9154-768x513.jpg 768w, https:\/\/altgsgrebenstein.de\/wp-content\/uploads\/2022\/09\/IMG_9154-1536x1025.jpg 1536w, https:\/\/altgsgrebenstein.de\/wp-content\/uploads\/2022\/09\/IMG_9154-2048x1367.jpg 2048w\" sizes=\"(max-width: 604px) 100vw, 604px\" \/><\/a><\/p>\n<p>Aufregend endete auch die Feier, wieder mit der Klasse G6b: Begleitet von Lehrerin Charlotte Braun sangen die M\u00e4dchen und Jungen das Lied vom \u201eWellerman\u201c. Zuvor fanden die vier Klassen erstmals zusammen und trafen sich mit ihren Lehrkr\u00e4ften auf der B\u00fchne. Jede neue Sch\u00fclerin und jeder neue Sch\u00fcler erhielt dabei eine Sonnenblume, \u00fcberreicht von den jetzigen 6. Klassen. Gemeinsam mit ihren Klassenlehrkr\u00e4ften Lena Oppermann\/ Jonathan Kunz (F5a), Sabine Drinnenberg\/ Anja M\u00fchlbrodt (F5b), Claudia Dehne (G5a) sowie Wiebke H\u00fcner und Julian Erdmann (G5b) gingen die j\u00fcngsten Mitglieder der Schulgemeinde in ihre Klassenr\u00e4ume, wo ihre Zeit an der HGS offiziell begann.<\/p>\n<p><a href=\"http:\/\/altgsgrebenstein.de\/wp-content\/uploads\/2022\/09\/IMG_9127-scaled.jpg\"><img decoding=\"async\" class=\"alignnone size-large wp-image-14714\" src=\"http:\/\/altgsgrebenstein.de\/wp-content\/uploads\/2022\/09\/IMG_9127-1024x684.jpg\" alt=\"\" width=\"604\" height=\"403\" srcset=\"https:\/\/altgsgrebenstein.de\/wp-content\/uploads\/2022\/09\/IMG_9127-1024x684.jpg 1024w, https:\/\/altgsgrebenstein.de\/wp-content\/uploads\/2022\/09\/IMG_9127-300x200.jpg 300w, https:\/\/altgsgrebenstein.de\/wp-content\/uploads\/2022\/09\/IMG_9127-768x513.jpg 768w, https:\/\/altgsgrebenstein.de\/wp-content\/uploads\/2022\/09\/IMG_9127-1536x1025.jpg 1536w, https:\/\/altgsgrebenstein.de\/wp-content\/uploads\/2022\/09\/IMG_9127-2048x1367.jpg 2048w\" sizes=\"(max-width: 604px) 100vw, 604px\" \/><\/a><\/p>\n<p><img decoding=\"async\" class=\"alignnone size-large wp-image-14740\" src=\"http:\/\/altgsgrebenstein.de\/wp-content\/uploads\/2022\/09\/IMG_9108-1024x683.jpg\" alt=\"\" width=\"604\" height=\"403\" srcset=\"https:\/\/altgsgrebenstein.de\/wp-content\/uploads\/2022\/09\/IMG_9108-1024x683.jpg 1024w, https:\/\/altgsgrebenstein.de\/wp-content\/uploads\/2022\/09\/IMG_9108-300x200.jpg 300w, https:\/\/altgsgrebenstein.de\/wp-content\/uploads\/2022\/09\/IMG_9108-768x512.jpg 768w, https:\/\/altgsgrebenstein.de\/wp-content\/uploads\/2022\/09\/IMG_9108-1536x1024.jpg 1536w, https:\/\/altgsgrebenstein.de\/wp-content\/uploads\/2022\/09\/IMG_9108-2048x1365.jpg 2048w\" sizes=\"(max-width: 604px) 100vw, 604px\" \/><\/p>\n<p><img decoding=\"async\" class=\"alignnone size-large wp-image-14742\" src=\"http:\/\/altgsgrebenstein.de\/wp-content\/uploads\/2022\/09\/IMG_9150-1024x684.jpg\" alt=\"\" width=\"604\" height=\"403\" srcset=\"https:\/\/altgsgrebenstein.de\/wp-content\/uploads\/2022\/09\/IMG_9150-1024x684.jpg 1024w, https:\/\/altgsgrebenstein.de\/wp-content\/uploads\/2022\/09\/IMG_9150-300x200.jpg 300w, https:\/\/altgsgrebenstein.de\/wp-content\/uploads\/2022\/09\/IMG_9150-768x513.jpg 768w, https:\/\/altgsgrebenstein.de\/wp-content\/uploads\/2022\/09\/IMG_9150-1536x1025.jpg 1536w, https:\/\/altgsgrebenstein.de\/wp-content\/uploads\/2022\/09\/IMG_9150-2048x1367.jpg 2048w\" sizes=\"(max-width: 604px) 100vw, 604px\" \/><\/p>\n<p>Susann Adam<\/p>\n","protected":false},"excerpt":{"rendered":"<p>Grebenstein. Sie waren die heimlichen Stars an diesem Septembermorgen: gr\u00fcn und klein oder \u00fcppig gelb bl\u00fchend s\u00e4umten sie den B\u00fchnenrand in der Grebensteiner Kulturhalle. Hier warteten 88 Kinder mit ihren Familienangeh\u00f6rigen darauf, endlich ihre neuen Klassen und Lehrkr\u00e4fte kennenzulernen. Die Sonnenblumen spielten bei dieser Einschulungsfeier an der Heinrich-Grupe-Schule eine besondere Rolle, standen sie doch symbolisch &hellip; <a href=\"https:\/\/altgsgrebenstein.de\/?p=14711\" class=\"more-link\"><span class=\"screen-reader-text\">Einschulungsfeier an HGS &#8211; Zum Bl\u00fchen gebracht<\/span> weiterlesen <span class=\"meta-nav\">&rarr;<\/span><\/a><\/p>\n","protected":false},"author":28,"featured_media":0,"comment_status":"closed","ping_status":"closed","sticky":false,"template":"","format":"standard","meta":{"saved_in_kubio":false,"footnotes":""},"categories":[33,1],"tags":[],"class_list":["post-14711","post","type-post","status-publish","format-standard","hentry","category-archiv","category-uncategorized"],"_links":{"self":[{"href":"https:\/\/altgsgrebenstein.de\/index.php?rest_route=\/wp\/v2\/posts\/14711","targetHints":{"allow":["GET"]}}],"collection":[{"href":"https:\/\/altgsgrebenstein.de\/index.php?rest_route=\/wp\/v2\/posts"}],"about":[{"href":"https:\/\/altgsgrebenstein.de\/index.php?rest_route=\/wp\/v2\/types\/post"}],"author":[{"embeddable":true,"href":"https:\/\/altgsgrebenstein.de\/index.php?rest_route=\/wp\/v2\/users\/28"}],"replies":[{"embeddable":true,"href":"https:\/\/altgsgrebenstein.de\/index.php?rest_route=%2Fwp%2Fv2%2Fcomments&post=14711"}],"version-history":[{"count":3,"href":"https:\/\/altgsgrebenstein.de\/index.php?rest_route=\/wp\/v2\/posts\/14711\/revisions"}],"predecessor-version":[{"id":14743,"href":"https:\/\/altgsgrebenstein.de\/index.php?rest_route=\/wp\/v2\/posts\/14711\/revisions\/14743"}],"wp:attachment":[{"href":"https:\/\/altgsgrebenstein.de\/index.php?rest_route=%2Fwp%2Fv2%2Fmedia&parent=14711"}],"wp:term":[{"taxonomy":"category","embeddable":true,"href":"https:\/\/altgsgrebenstein.de\/index.php?rest_route=%2Fwp%2Fv2%2Fcategories&post=14711"},{"taxonomy":"post_tag","embeddable":true,"href":"https:\/\/altgsgrebenstein.de\/index.php?rest_route=%2Fwp%2Fv2%2Ftags&post=14711"}],"curies":[{"name":"wp","href":"https:\/\/api.w.org\/{rel}","templated":true}]}}