{"id":14643,"date":"2022-07-18T09:49:31","date_gmt":"2022-07-18T08:49:31","guid":{"rendered":"http:\/\/altgsgrebenstein.de\/?p=14643"},"modified":"2023-12-03T20:02:39","modified_gmt":"2023-12-03T19:02:39","slug":"hessenweites-projekt-hier-spielt-die-musik","status":"publish","type":"post","link":"https:\/\/altgsgrebenstein.de\/?p=14643","title":{"rendered":"Hessenweites Projekt &#8222;Hier spielt die Musik&#8220;"},"content":{"rendered":"<p><strong>Grebenstein. <\/strong>Das hessische Kultusministerium hat hessenweit zum Musikprojekt &#8222;Hier spielt die Musik&#8220; eingeladen. Um 10:00 am Montag, den 18.07.22 soll an vielen hessischen Schulen eine eigene Interpretation des Schlusschores aus Beethovens 9. Sinfonie, &#8222;Freude sch\u00f6ner G\u00f6tterfunken&#8220;, erklingen.<\/p>\n<p><img decoding=\"async\" class=\"aligncenter size-large wp-image-14645\" src=\"http:\/\/altgsgrebenstein.de\/wp-content\/uploads\/2022\/07\/DSC_7635-1024x678.jpg\" alt=\"\" width=\"604\" height=\"400\" srcset=\"https:\/\/altgsgrebenstein.de\/wp-content\/uploads\/2022\/07\/DSC_7635-1024x678.jpg 1024w, https:\/\/altgsgrebenstein.de\/wp-content\/uploads\/2022\/07\/DSC_7635-300x199.jpg 300w, https:\/\/altgsgrebenstein.de\/wp-content\/uploads\/2022\/07\/DSC_7635-768x509.jpg 768w, https:\/\/altgsgrebenstein.de\/wp-content\/uploads\/2022\/07\/DSC_7635-1536x1017.jpg 1536w, https:\/\/altgsgrebenstein.de\/wp-content\/uploads\/2022\/07\/DSC_7635-2048x1356.jpg 2048w\" sizes=\"(max-width: 604px) 100vw, 604px\" \/><\/p>\n<div>Die Schulband der HGS wollte sich diesem Ansinnen anschlie\u00dfen und ein einfaches Arrangement zum Besten geben. Au\u00dferdem wurde die Gelegenheit genutzt, einige zus\u00e4tzliche Songs aus dem diesj\u00e4hrigen Repertoire zu spielen, die bislang noch &#8222;unerh\u00f6rt&#8220; blieben.<\/div>\n<div><\/div>\n<div><img decoding=\"async\" class=\"aligncenter size-large wp-image-14646\" src=\"http:\/\/altgsgrebenstein.de\/wp-content\/uploads\/2022\/07\/DSC_7639-1024x678.jpg\" alt=\"\" width=\"604\" height=\"400\" srcset=\"https:\/\/altgsgrebenstein.de\/wp-content\/uploads\/2022\/07\/DSC_7639-1024x678.jpg 1024w, https:\/\/altgsgrebenstein.de\/wp-content\/uploads\/2022\/07\/DSC_7639-300x199.jpg 300w, https:\/\/altgsgrebenstein.de\/wp-content\/uploads\/2022\/07\/DSC_7639-768x509.jpg 768w, https:\/\/altgsgrebenstein.de\/wp-content\/uploads\/2022\/07\/DSC_7639-1536x1017.jpg 1536w, https:\/\/altgsgrebenstein.de\/wp-content\/uploads\/2022\/07\/DSC_7639-2048x1356.jpg 2048w\" sizes=\"(max-width: 604px) 100vw, 604px\" \/><\/div>\n<div><\/div>\n<div>Start war zum Beginn der ersten gro\u00dfen Pause, wo die Schulband sich bereits eine Stunde vorher vorbereitete, das Equipment aufbaute und probte. Das Pausenkonzert fand gro\u00dfen Anklang und relativ schnell fand sich ein begeistertes Sch\u00fclerpublikum zusammen, das mitklatschte und mitsang. Zu &#8222;Freude sch\u00f6ner G\u00f6tterfunken&#8220; wurden Textzettel ausgeteilt, damit das Publikum auch hier kr\u00e4ftig mitsingen konnte.<\/div>\n<div><\/div>\n<div><img decoding=\"async\" class=\"aligncenter size-large wp-image-14647\" src=\"http:\/\/altgsgrebenstein.de\/wp-content\/uploads\/2022\/07\/DSC_7646-1024x678.jpg\" alt=\"\" width=\"604\" height=\"400\" srcset=\"https:\/\/altgsgrebenstein.de\/wp-content\/uploads\/2022\/07\/DSC_7646-1024x678.jpg 1024w, https:\/\/altgsgrebenstein.de\/wp-content\/uploads\/2022\/07\/DSC_7646-300x199.jpg 300w, https:\/\/altgsgrebenstein.de\/wp-content\/uploads\/2022\/07\/DSC_7646-768x509.jpg 768w, https:\/\/altgsgrebenstein.de\/wp-content\/uploads\/2022\/07\/DSC_7646-1536x1017.jpg 1536w, https:\/\/altgsgrebenstein.de\/wp-content\/uploads\/2022\/07\/DSC_7646-2048x1356.jpg 2048w\" sizes=\"(max-width: 604px) 100vw, 604px\" \/><\/div>\n<div><img decoding=\"async\" class=\"aligncenter size-large wp-image-14648\" src=\"http:\/\/altgsgrebenstein.de\/wp-content\/uploads\/2022\/07\/DSC_7649-1024x678.jpg\" alt=\"\" width=\"604\" height=\"400\" srcset=\"https:\/\/altgsgrebenstein.de\/wp-content\/uploads\/2022\/07\/DSC_7649-1024x678.jpg 1024w, https:\/\/altgsgrebenstein.de\/wp-content\/uploads\/2022\/07\/DSC_7649-300x199.jpg 300w, https:\/\/altgsgrebenstein.de\/wp-content\/uploads\/2022\/07\/DSC_7649-768x509.jpg 768w, https:\/\/altgsgrebenstein.de\/wp-content\/uploads\/2022\/07\/DSC_7649-1536x1017.jpg 1536w, https:\/\/altgsgrebenstein.de\/wp-content\/uploads\/2022\/07\/DSC_7649-2048x1356.jpg 2048w\" sizes=\"(max-width: 604px) 100vw, 604px\" \/><\/div>\n<div><\/div>\n<div><\/div>\n<div>\n<div style=\"width: 604px;\" class=\"wp-video\"><!--[if lt IE 9]><script>document.createElement('video');<\/script><![endif]-->\n<video class=\"wp-video-shortcode\" id=\"video-14643-1\" width=\"604\" height=\"342\" preload=\"metadata\" controls=\"controls\"><source type=\"video\/mp4\" src=\"http:\/\/altgsgrebenstein.de\/wp-content\/uploads\/2022\/07\/VID-20220718-WA0007.mp4?_=1\" \/><a href=\"http:\/\/altgsgrebenstein.de\/wp-content\/uploads\/2022\/07\/VID-20220718-WA0007.mp4\">http:\/\/altgsgrebenstein.de\/wp-content\/uploads\/2022\/07\/VID-20220718-WA0007.mp4<\/a><\/video><\/div>\n<\/div>\n<div><\/div>\n<div><img decoding=\"async\" class=\"aligncenter size-large wp-image-14649\" src=\"http:\/\/altgsgrebenstein.de\/wp-content\/uploads\/2022\/07\/DSC_7622-1024x678.jpg\" alt=\"\" width=\"604\" height=\"400\" srcset=\"https:\/\/altgsgrebenstein.de\/wp-content\/uploads\/2022\/07\/DSC_7622-1024x678.jpg 1024w, https:\/\/altgsgrebenstein.de\/wp-content\/uploads\/2022\/07\/DSC_7622-300x199.jpg 300w, https:\/\/altgsgrebenstein.de\/wp-content\/uploads\/2022\/07\/DSC_7622-768x509.jpg 768w, https:\/\/altgsgrebenstein.de\/wp-content\/uploads\/2022\/07\/DSC_7622-1536x1017.jpg 1536w, https:\/\/altgsgrebenstein.de\/wp-content\/uploads\/2022\/07\/DSC_7622-2048x1356.jpg 2048w\" sizes=\"(max-width: 604px) 100vw, 604px\" \/><\/div>\n<div>Link zum Video auf der Seite des Kultusministeriums:<\/div>\n<div><a href=\"https:\/\/kultusministerium.hessen.de\/video\/heinrich-grupe-schule-in-grebenstein\">https:\/\/kultusministerium.hessen.de\/video\/heinrich-grupe-schule-in-grebenstein<\/a><\/div>\n","protected":false},"excerpt":{"rendered":"<p>Grebenstein. Das hessische Kultusministerium hat hessenweit zum Musikprojekt &#8222;Hier spielt die Musik&#8220; eingeladen. Um 10:00 am Montag, den 18.07.22 soll an vielen hessischen Schulen eine eigene Interpretation des Schlusschores aus Beethovens 9. Sinfonie, &#8222;Freude sch\u00f6ner G\u00f6tterfunken&#8220;, erklingen. Die Schulband der HGS wollte sich diesem Ansinnen anschlie\u00dfen und ein einfaches Arrangement zum Besten geben. Au\u00dferdem wurde &hellip; <a href=\"https:\/\/altgsgrebenstein.de\/?p=14643\" class=\"more-link\"><span class=\"screen-reader-text\">Hessenweites Projekt &#8222;Hier spielt die Musik&#8220;<\/span> weiterlesen <span class=\"meta-nav\">&rarr;<\/span><\/a><\/p>\n","protected":false},"author":28,"featured_media":0,"comment_status":"closed","ping_status":"closed","sticky":false,"template":"","format":"standard","meta":{"saved_in_kubio":false,"footnotes":""},"categories":[33,1],"tags":[],"class_list":["post-14643","post","type-post","status-publish","format-standard","hentry","category-archiv","category-uncategorized"],"_links":{"self":[{"href":"https:\/\/altgsgrebenstein.de\/index.php?rest_route=\/wp\/v2\/posts\/14643","targetHints":{"allow":["GET"]}}],"collection":[{"href":"https:\/\/altgsgrebenstein.de\/index.php?rest_route=\/wp\/v2\/posts"}],"about":[{"href":"https:\/\/altgsgrebenstein.de\/index.php?rest_route=\/wp\/v2\/types\/post"}],"author":[{"embeddable":true,"href":"https:\/\/altgsgrebenstein.de\/index.php?rest_route=\/wp\/v2\/users\/28"}],"replies":[{"embeddable":true,"href":"https:\/\/altgsgrebenstein.de\/index.php?rest_route=%2Fwp%2Fv2%2Fcomments&post=14643"}],"version-history":[{"count":7,"href":"https:\/\/altgsgrebenstein.de\/index.php?rest_route=\/wp\/v2\/posts\/14643\/revisions"}],"predecessor-version":[{"id":14734,"href":"https:\/\/altgsgrebenstein.de\/index.php?rest_route=\/wp\/v2\/posts\/14643\/revisions\/14734"}],"wp:attachment":[{"href":"https:\/\/altgsgrebenstein.de\/index.php?rest_route=%2Fwp%2Fv2%2Fmedia&parent=14643"}],"wp:term":[{"taxonomy":"category","embeddable":true,"href":"https:\/\/altgsgrebenstein.de\/index.php?rest_route=%2Fwp%2Fv2%2Fcategories&post=14643"},{"taxonomy":"post_tag","embeddable":true,"href":"https:\/\/altgsgrebenstein.de\/index.php?rest_route=%2Fwp%2Fv2%2Ftags&post=14643"}],"curies":[{"name":"wp","href":"https:\/\/api.w.org\/{rel}","templated":true}]}}