{"id":14569,"date":"2022-07-10T16:16:41","date_gmt":"2022-07-10T15:16:41","guid":{"rendered":"http:\/\/altgsgrebenstein.de\/?p=14569"},"modified":"2022-09-09T11:10:12","modified_gmt":"2022-09-09T10:10:12","slug":"abgaenger-feiern-ein-kapitel-im-leben-abgeschlossen","status":"publish","type":"post","link":"https:\/\/altgsgrebenstein.de\/?p=14569","title":{"rendered":"Abg\u00e4nger feiern &#8211; Ein Kapitel im Leben abgeschlossen"},"content":{"rendered":"<p><strong>Grebenstein.<\/strong> Beinahe wie \u201efr\u00fcher\u201c, wie vor Corona, so geht die Schulzeit f\u00fcr die Abgangsklassen der Heinrich-Grupe-Schule zu Ende. Mottowoche, Abschlussfahrten, Abg\u00e4ngertag \u2013 all das konnten sie erleben, im Gegensatz zu den Vorg\u00e4ngerjahrg\u00e4ngen. Auch eine Festveranstaltung in der Kulturhalle der Stadt war im \u201egewohnten\u201c Umfang m\u00f6glich, allerdings machte sich hier Corona bemerkbar. Pandemiebedingt war die Schulband nicht einsatzf\u00e4hig und entfielen deren Beitr\u00e4ge.<\/p>\n<p><img decoding=\"async\" class=\"aligncenter size-large wp-image-14598\" src=\"http:\/\/altgsgrebenstein.de\/wp-content\/uploads\/2022\/07\/DSC_0716-1024x680.jpg\" alt=\"\" width=\"604\" height=\"401\" srcset=\"https:\/\/altgsgrebenstein.de\/wp-content\/uploads\/2022\/07\/DSC_0716-1024x680.jpg 1024w, https:\/\/altgsgrebenstein.de\/wp-content\/uploads\/2022\/07\/DSC_0716-300x199.jpg 300w, https:\/\/altgsgrebenstein.de\/wp-content\/uploads\/2022\/07\/DSC_0716-768x510.jpg 768w, https:\/\/altgsgrebenstein.de\/wp-content\/uploads\/2022\/07\/DSC_0716-1536x1020.jpg 1536w, https:\/\/altgsgrebenstein.de\/wp-content\/uploads\/2022\/07\/DSC_0716-2048x1360.jpg 2048w\" sizes=\"(max-width: 604px) 100vw, 604px\" \/><\/p>\n<p>Der Vielseitigkeit des Abends tat dies jedoch keinen Abbruch. In der gut gef\u00fcllten Halle folgten Beitr\u00e4ge und Reden in gro\u00dfer Zahl, durchs Programm geleitet von Lilly Mackewitz und Tobias Bonenkamp. Kurz und knackig waren die Reden \u2013 von Schulleiterin Martina Boye-Griesel, von J\u00f6rg Freitag, dem Vorsitzenden des Schulelternbeirats, von Jens Lautze im Namen seiner Kolleginnen und Kollegen, von Eva Thiemann-G\u00f6ring als SV-Lehrerin sowie Chiara Siciliano und Marvin Berndt von der SV. Gemeinsam hatten viele der Redebeitr\u00e4ge, dass die Herausforderungen der vergangenen Jahre ebenso im Fokus standen wie W\u00fcnsche f\u00fcr eine gesunde Zukunft und die Bitte, den Moment, das Leben, zu genie\u00dfen.<\/p>\n<p><img decoding=\"async\" class=\"aligncenter size-large wp-image-14572\" src=\"http:\/\/altgsgrebenstein.de\/wp-content\/uploads\/2022\/07\/DSC_0729-1024x680.jpg\" alt=\"\" width=\"604\" height=\"401\" srcset=\"https:\/\/altgsgrebenstein.de\/wp-content\/uploads\/2022\/07\/DSC_0729-1024x680.jpg 1024w, https:\/\/altgsgrebenstein.de\/wp-content\/uploads\/2022\/07\/DSC_0729-300x199.jpg 300w, https:\/\/altgsgrebenstein.de\/wp-content\/uploads\/2022\/07\/DSC_0729-768x510.jpg 768w, https:\/\/altgsgrebenstein.de\/wp-content\/uploads\/2022\/07\/DSC_0729-1536x1020.jpg 1536w, https:\/\/altgsgrebenstein.de\/wp-content\/uploads\/2022\/07\/DSC_0729-2048x1360.jpg 2048w\" sizes=\"(max-width: 604px) 100vw, 604px\" \/><\/p>\n<p>Mit fotografischen R\u00fcckblicken pr\u00e4sentierten sich drei der f\u00fcnf Abgangsklassen, w\u00e4hrend die R10a mit ihrem Lehrerquiz f\u00fcr genauso viel Heiterkeit sorgte wie das improvisierte Theaterst\u00fcck der G10a. Hier lie\u00dfen die Sch\u00fcler ihre Lehrkr\u00e4fte ein antikes Drama spielen und Troja untergehen.<\/p>\n<p>Auch die Lehrkr\u00e4fte trugen mit verschiedenen Darbietungen zum gelungenen Gesamtbild bei. Dies erg\u00e4nzten die T\u00e4nze der beiden Tanz-AGs. Beide Gruppen \u00fcberzeugten dabei mit ihrem hohen Niveau.<\/p>\n<p>Eine Festveranstaltung f\u00fcr die Abg\u00e4nger, das bedeutete auch W\u00fcrdigungen. Jeder Sch\u00fcler erhielt von seinen Klassenlehrkr\u00e4ften eine Blume, w\u00e4hrend die jeweils Besten der Jahrg\u00e4nge mit Buchpr\u00e4senten geehrt wurden: Nils Br\u00e4utigam und Bahega Taljabini im Hauptschulzweig, Matthias Horn und Michelle Marshall im Realschulzweig sowie Mia Plock und Emma-Sofie Jakob im Gymnasialzweig.<\/p>\n<p><img decoding=\"async\" class=\"aligncenter wp-image-14574 size-large\" src=\"http:\/\/altgsgrebenstein.de\/wp-content\/uploads\/2022\/07\/DSC_0738-scaled-e1657605386314-834x1024.jpg\" alt=\"\" width=\"604\" height=\"742\" srcset=\"https:\/\/altgsgrebenstein.de\/wp-content\/uploads\/2022\/07\/DSC_0738-scaled-e1657605386314-834x1024.jpg 834w, https:\/\/altgsgrebenstein.de\/wp-content\/uploads\/2022\/07\/DSC_0738-scaled-e1657605386314-244x300.jpg 244w, https:\/\/altgsgrebenstein.de\/wp-content\/uploads\/2022\/07\/DSC_0738-scaled-e1657605386314-768x943.jpg 768w, https:\/\/altgsgrebenstein.de\/wp-content\/uploads\/2022\/07\/DSC_0738-scaled-e1657605386314-1251x1536.jpg 1251w, https:\/\/altgsgrebenstein.de\/wp-content\/uploads\/2022\/07\/DSC_0738-scaled-e1657605386314.jpg 1433w\" sizes=\"(max-width: 604px) 100vw, 604px\" \/><\/p>\n<p>Bei den Ehrungen spielten nicht nur schulische Leistungen eine Rolle, auch Engagement fand eine besondere W\u00fcrdigung. Dies erfuhren die scheidenden Schulsanit\u00e4ter ebenso wie die SV-Mitglieder, die nach den Sommerferien nicht mehr an der HGS lernen.<\/p>\n<p><img decoding=\"async\" class=\"aligncenter wp-image-14575 size-large\" src=\"http:\/\/altgsgrebenstein.de\/wp-content\/uploads\/2022\/07\/DSC_0745-scaled-e1657605357707-800x1024.jpg\" alt=\"\" width=\"604\" height=\"773\" srcset=\"https:\/\/altgsgrebenstein.de\/wp-content\/uploads\/2022\/07\/DSC_0745-scaled-e1657605357707-800x1024.jpg 800w, https:\/\/altgsgrebenstein.de\/wp-content\/uploads\/2022\/07\/DSC_0745-scaled-e1657605357707-234x300.jpg 234w, https:\/\/altgsgrebenstein.de\/wp-content\/uploads\/2022\/07\/DSC_0745-scaled-e1657605357707-768x983.jpg 768w, https:\/\/altgsgrebenstein.de\/wp-content\/uploads\/2022\/07\/DSC_0745-scaled-e1657605357707-1200x1536.jpg 1200w, https:\/\/altgsgrebenstein.de\/wp-content\/uploads\/2022\/07\/DSC_0745-scaled-e1657605357707.jpg 1294w\" sizes=\"(max-width: 604px) 100vw, 604px\" \/><\/p>\n<p><img decoding=\"async\" class=\"aligncenter wp-image-14601 size-large\" src=\"http:\/\/altgsgrebenstein.de\/wp-content\/uploads\/2022\/07\/DSC_0735-scaled-e1657606278829-819x1024.jpg\" alt=\"\" width=\"604\" height=\"755\" srcset=\"https:\/\/altgsgrebenstein.de\/wp-content\/uploads\/2022\/07\/DSC_0735-scaled-e1657606278829-819x1024.jpg 819w, https:\/\/altgsgrebenstein.de\/wp-content\/uploads\/2022\/07\/DSC_0735-scaled-e1657606278829-240x300.jpg 240w, https:\/\/altgsgrebenstein.de\/wp-content\/uploads\/2022\/07\/DSC_0735-scaled-e1657606278829-768x961.jpg 768w, https:\/\/altgsgrebenstein.de\/wp-content\/uploads\/2022\/07\/DSC_0735-scaled-e1657606278829-1228x1536.jpg 1228w, https:\/\/altgsgrebenstein.de\/wp-content\/uploads\/2022\/07\/DSC_0735-scaled-e1657606278829.jpg 1427w\" sizes=\"(max-width: 604px) 100vw, 604px\" \/><\/p>\n<p>Wenn die 99 Sch\u00fclerinnen und Sch\u00fcler der drei Schulzweige in K\u00fcrze ihre Zeugnisse entgegennehmen, so endet f\u00fcr sie das Kapitel an der Heinrich-Grupe-Schule. Am Ende des Sommers beginnt f\u00fcr sie ein neues im Buch ihres Lebens. Sich auf neue Wege zu begeben, \u00fcber den Tellerrand zu schauen und eigene Pfade zu schaffen, dazu wurden sie an diesem Festabend ermutigt.<\/p>\n<p><img decoding=\"async\" class=\"aligncenter wp-image-14599 \" src=\"http:\/\/altgsgrebenstein.de\/wp-content\/uploads\/2022\/07\/DSC_0718-scaled-e1657606333184-1024x689.jpg\" alt=\"\" width=\"592\" height=\"398\" srcset=\"https:\/\/altgsgrebenstein.de\/wp-content\/uploads\/2022\/07\/DSC_0718-scaled-e1657606333184-1024x689.jpg 1024w, https:\/\/altgsgrebenstein.de\/wp-content\/uploads\/2022\/07\/DSC_0718-scaled-e1657606333184-300x202.jpg 300w, https:\/\/altgsgrebenstein.de\/wp-content\/uploads\/2022\/07\/DSC_0718-scaled-e1657606333184-768x517.jpg 768w, https:\/\/altgsgrebenstein.de\/wp-content\/uploads\/2022\/07\/DSC_0718-scaled-e1657606333184-1536x1033.jpg 1536w, https:\/\/altgsgrebenstein.de\/wp-content\/uploads\/2022\/07\/DSC_0718-scaled-e1657606333184-2048x1378.jpg 2048w\" sizes=\"(max-width: 592px) 100vw, 592px\" \/><\/p>\n<div id='gallery-1' class='gallery galleryid-14569 gallery-columns-2 gallery-size-medium'><figure class='gallery-item'>\n\t\t\t<div class='gallery-icon landscape'>\n\t\t\t\t<a href='https:\/\/altgsgrebenstein.de\/wp-content\/uploads\/2022\/07\/DSC_0650-scaled.jpg'><img decoding=\"async\" width=\"300\" height=\"199\" src=\"https:\/\/altgsgrebenstein.de\/wp-content\/uploads\/2022\/07\/DSC_0650-300x199.jpg\" class=\"attachment-medium size-medium\" alt=\"\" srcset=\"https:\/\/altgsgrebenstein.de\/wp-content\/uploads\/2022\/07\/DSC_0650-300x199.jpg 300w, https:\/\/altgsgrebenstein.de\/wp-content\/uploads\/2022\/07\/DSC_0650-1024x680.jpg 1024w, https:\/\/altgsgrebenstein.de\/wp-content\/uploads\/2022\/07\/DSC_0650-768x510.jpg 768w, https:\/\/altgsgrebenstein.de\/wp-content\/uploads\/2022\/07\/DSC_0650-1536x1020.jpg 1536w, https:\/\/altgsgrebenstein.de\/wp-content\/uploads\/2022\/07\/DSC_0650-2048x1360.jpg 2048w\" sizes=\"(max-width: 300px) 100vw, 300px\" \/><\/a>\n\t\t\t<\/div><\/figure><figure class='gallery-item'>\n\t\t\t<div class='gallery-icon landscape'>\n\t\t\t\t<a href='https:\/\/altgsgrebenstein.de\/wp-content\/uploads\/2022\/07\/DSC_0654-1-scaled.jpg'><img decoding=\"async\" width=\"300\" height=\"199\" src=\"https:\/\/altgsgrebenstein.de\/wp-content\/uploads\/2022\/07\/DSC_0654-1-300x199.jpg\" class=\"attachment-medium size-medium\" alt=\"\" srcset=\"https:\/\/altgsgrebenstein.de\/wp-content\/uploads\/2022\/07\/DSC_0654-1-300x199.jpg 300w, https:\/\/altgsgrebenstein.de\/wp-content\/uploads\/2022\/07\/DSC_0654-1-1024x680.jpg 1024w, https:\/\/altgsgrebenstein.de\/wp-content\/uploads\/2022\/07\/DSC_0654-1-768x510.jpg 768w, https:\/\/altgsgrebenstein.de\/wp-content\/uploads\/2022\/07\/DSC_0654-1-1536x1020.jpg 1536w, https:\/\/altgsgrebenstein.de\/wp-content\/uploads\/2022\/07\/DSC_0654-1-2048x1360.jpg 2048w\" sizes=\"(max-width: 300px) 100vw, 300px\" \/><\/a>\n\t\t\t<\/div><\/figure><figure class='gallery-item'>\n\t\t\t<div class='gallery-icon landscape'>\n\t\t\t\t<a href='https:\/\/altgsgrebenstein.de\/wp-content\/uploads\/2022\/07\/DSC_0755-scaled.jpg'><img decoding=\"async\" width=\"300\" height=\"199\" src=\"https:\/\/altgsgrebenstein.de\/wp-content\/uploads\/2022\/07\/DSC_0755-300x199.jpg\" class=\"attachment-medium size-medium\" alt=\"\" srcset=\"https:\/\/altgsgrebenstein.de\/wp-content\/uploads\/2022\/07\/DSC_0755-300x199.jpg 300w, https:\/\/altgsgrebenstein.de\/wp-content\/uploads\/2022\/07\/DSC_0755-1024x680.jpg 1024w, https:\/\/altgsgrebenstein.de\/wp-content\/uploads\/2022\/07\/DSC_0755-768x510.jpg 768w, https:\/\/altgsgrebenstein.de\/wp-content\/uploads\/2022\/07\/DSC_0755-1536x1020.jpg 1536w, https:\/\/altgsgrebenstein.de\/wp-content\/uploads\/2022\/07\/DSC_0755-2048x1360.jpg 2048w\" sizes=\"(max-width: 300px) 100vw, 300px\" \/><\/a>\n\t\t\t<\/div><\/figure><figure class='gallery-item'>\n\t\t\t<div class='gallery-icon landscape'>\n\t\t\t\t<a href='https:\/\/altgsgrebenstein.de\/wp-content\/uploads\/2022\/07\/DSC_0753-scaled.jpg'><img decoding=\"async\" width=\"300\" height=\"199\" src=\"https:\/\/altgsgrebenstein.de\/wp-content\/uploads\/2022\/07\/DSC_0753-300x199.jpg\" class=\"attachment-medium size-medium\" alt=\"\" srcset=\"https:\/\/altgsgrebenstein.de\/wp-content\/uploads\/2022\/07\/DSC_0753-300x199.jpg 300w, https:\/\/altgsgrebenstein.de\/wp-content\/uploads\/2022\/07\/DSC_0753-1024x680.jpg 1024w, https:\/\/altgsgrebenstein.de\/wp-content\/uploads\/2022\/07\/DSC_0753-768x510.jpg 768w, https:\/\/altgsgrebenstein.de\/wp-content\/uploads\/2022\/07\/DSC_0753-1536x1020.jpg 1536w, https:\/\/altgsgrebenstein.de\/wp-content\/uploads\/2022\/07\/DSC_0753-2048x1360.jpg 2048w\" sizes=\"(max-width: 300px) 100vw, 300px\" \/><\/a>\n\t\t\t<\/div><\/figure><figure class='gallery-item'>\n\t\t\t<div class='gallery-icon landscape'>\n\t\t\t\t<a href='https:\/\/altgsgrebenstein.de\/wp-content\/uploads\/2022\/07\/DSC_0750-scaled.jpg'><img decoding=\"async\" width=\"300\" height=\"199\" src=\"https:\/\/altgsgrebenstein.de\/wp-content\/uploads\/2022\/07\/DSC_0750-300x199.jpg\" class=\"attachment-medium size-medium\" alt=\"\" srcset=\"https:\/\/altgsgrebenstein.de\/wp-content\/uploads\/2022\/07\/DSC_0750-300x199.jpg 300w, https:\/\/altgsgrebenstein.de\/wp-content\/uploads\/2022\/07\/DSC_0750-1024x680.jpg 1024w, https:\/\/altgsgrebenstein.de\/wp-content\/uploads\/2022\/07\/DSC_0750-768x510.jpg 768w, https:\/\/altgsgrebenstein.de\/wp-content\/uploads\/2022\/07\/DSC_0750-1536x1020.jpg 1536w, https:\/\/altgsgrebenstein.de\/wp-content\/uploads\/2022\/07\/DSC_0750-2048x1360.jpg 2048w\" sizes=\"(max-width: 300px) 100vw, 300px\" \/><\/a>\n\t\t\t<\/div><\/figure><figure class='gallery-item'>\n\t\t\t<div class='gallery-icon landscape'>\n\t\t\t\t<a href='https:\/\/altgsgrebenstein.de\/wp-content\/uploads\/2022\/07\/DSC_0749-scaled.jpg'><img decoding=\"async\" width=\"300\" height=\"199\" src=\"https:\/\/altgsgrebenstein.de\/wp-content\/uploads\/2022\/07\/DSC_0749-300x199.jpg\" class=\"attachment-medium size-medium\" alt=\"\" srcset=\"https:\/\/altgsgrebenstein.de\/wp-content\/uploads\/2022\/07\/DSC_0749-300x199.jpg 300w, https:\/\/altgsgrebenstein.de\/wp-content\/uploads\/2022\/07\/DSC_0749-1024x680.jpg 1024w, https:\/\/altgsgrebenstein.de\/wp-content\/uploads\/2022\/07\/DSC_0749-768x510.jpg 768w, https:\/\/altgsgrebenstein.de\/wp-content\/uploads\/2022\/07\/DSC_0749-1536x1020.jpg 1536w, https:\/\/altgsgrebenstein.de\/wp-content\/uploads\/2022\/07\/DSC_0749-2048x1360.jpg 2048w\" sizes=\"(max-width: 300px) 100vw, 300px\" \/><\/a>\n\t\t\t<\/div><\/figure><figure class='gallery-item'>\n\t\t\t<div class='gallery-icon landscape'>\n\t\t\t\t<a href='https:\/\/altgsgrebenstein.de\/wp-content\/uploads\/2022\/07\/DSC_0747-scaled.jpg'><img decoding=\"async\" width=\"300\" height=\"199\" src=\"https:\/\/altgsgrebenstein.de\/wp-content\/uploads\/2022\/07\/DSC_0747-300x199.jpg\" class=\"attachment-medium size-medium\" alt=\"\" srcset=\"https:\/\/altgsgrebenstein.de\/wp-content\/uploads\/2022\/07\/DSC_0747-300x199.jpg 300w, https:\/\/altgsgrebenstein.de\/wp-content\/uploads\/2022\/07\/DSC_0747-1024x680.jpg 1024w, https:\/\/altgsgrebenstein.de\/wp-content\/uploads\/2022\/07\/DSC_0747-768x510.jpg 768w, https:\/\/altgsgrebenstein.de\/wp-content\/uploads\/2022\/07\/DSC_0747-1536x1020.jpg 1536w, https:\/\/altgsgrebenstein.de\/wp-content\/uploads\/2022\/07\/DSC_0747-2048x1360.jpg 2048w\" sizes=\"(max-width: 300px) 100vw, 300px\" \/><\/a>\n\t\t\t<\/div><\/figure><figure class='gallery-item'>\n\t\t\t<div class='gallery-icon landscape'>\n\t\t\t\t<a href='https:\/\/altgsgrebenstein.de\/wp-content\/uploads\/2022\/07\/DSC_0678-scaled.jpg'><img decoding=\"async\" width=\"300\" height=\"199\" src=\"https:\/\/altgsgrebenstein.de\/wp-content\/uploads\/2022\/07\/DSC_0678-300x199.jpg\" class=\"attachment-medium size-medium\" alt=\"\" srcset=\"https:\/\/altgsgrebenstein.de\/wp-content\/uploads\/2022\/07\/DSC_0678-300x199.jpg 300w, https:\/\/altgsgrebenstein.de\/wp-content\/uploads\/2022\/07\/DSC_0678-1024x680.jpg 1024w, https:\/\/altgsgrebenstein.de\/wp-content\/uploads\/2022\/07\/DSC_0678-768x510.jpg 768w, https:\/\/altgsgrebenstein.de\/wp-content\/uploads\/2022\/07\/DSC_0678-1536x1020.jpg 1536w, https:\/\/altgsgrebenstein.de\/wp-content\/uploads\/2022\/07\/DSC_0678-2048x1360.jpg 2048w\" sizes=\"(max-width: 300px) 100vw, 300px\" \/><\/a>\n\t\t\t<\/div><\/figure><figure class='gallery-item'>\n\t\t\t<div class='gallery-icon landscape'>\n\t\t\t\t<a href='https:\/\/altgsgrebenstein.de\/wp-content\/uploads\/2022\/07\/DSC_0773-scaled.jpg'><img decoding=\"async\" width=\"300\" height=\"199\" src=\"https:\/\/altgsgrebenstein.de\/wp-content\/uploads\/2022\/07\/DSC_0773-300x199.jpg\" class=\"attachment-medium size-medium\" alt=\"\" srcset=\"https:\/\/altgsgrebenstein.de\/wp-content\/uploads\/2022\/07\/DSC_0773-300x199.jpg 300w, https:\/\/altgsgrebenstein.de\/wp-content\/uploads\/2022\/07\/DSC_0773-1024x680.jpg 1024w, https:\/\/altgsgrebenstein.de\/wp-content\/uploads\/2022\/07\/DSC_0773-768x510.jpg 768w, https:\/\/altgsgrebenstein.de\/wp-content\/uploads\/2022\/07\/DSC_0773-1536x1020.jpg 1536w, https:\/\/altgsgrebenstein.de\/wp-content\/uploads\/2022\/07\/DSC_0773-2048x1360.jpg 2048w\" sizes=\"(max-width: 300px) 100vw, 300px\" \/><\/a>\n\t\t\t<\/div><\/figure><figure class='gallery-item'>\n\t\t\t<div class='gallery-icon landscape'>\n\t\t\t\t<a href='https:\/\/altgsgrebenstein.de\/wp-content\/uploads\/2022\/07\/DSC_0723-scaled.jpg'><img decoding=\"async\" width=\"300\" height=\"199\" src=\"https:\/\/altgsgrebenstein.de\/wp-content\/uploads\/2022\/07\/DSC_0723-300x199.jpg\" class=\"attachment-medium size-medium\" alt=\"\" srcset=\"https:\/\/altgsgrebenstein.de\/wp-content\/uploads\/2022\/07\/DSC_0723-300x199.jpg 300w, https:\/\/altgsgrebenstein.de\/wp-content\/uploads\/2022\/07\/DSC_0723-1024x680.jpg 1024w, https:\/\/altgsgrebenstein.de\/wp-content\/uploads\/2022\/07\/DSC_0723-768x510.jpg 768w, https:\/\/altgsgrebenstein.de\/wp-content\/uploads\/2022\/07\/DSC_0723-1536x1020.jpg 1536w, https:\/\/altgsgrebenstein.de\/wp-content\/uploads\/2022\/07\/DSC_0723-2048x1360.jpg 2048w\" sizes=\"(max-width: 300px) 100vw, 300px\" \/><\/a>\n\t\t\t<\/div><\/figure><figure class='gallery-item'>\n\t\t\t<div class='gallery-icon landscape'>\n\t\t\t\t<a href='https:\/\/altgsgrebenstein.de\/wp-content\/uploads\/2022\/07\/DSC_0766-scaled.jpg'><img decoding=\"async\" width=\"300\" height=\"199\" src=\"https:\/\/altgsgrebenstein.de\/wp-content\/uploads\/2022\/07\/DSC_0766-300x199.jpg\" class=\"attachment-medium size-medium\" alt=\"\" srcset=\"https:\/\/altgsgrebenstein.de\/wp-content\/uploads\/2022\/07\/DSC_0766-300x199.jpg 300w, https:\/\/altgsgrebenstein.de\/wp-content\/uploads\/2022\/07\/DSC_0766-1024x680.jpg 1024w, https:\/\/altgsgrebenstein.de\/wp-content\/uploads\/2022\/07\/DSC_0766-768x510.jpg 768w, https:\/\/altgsgrebenstein.de\/wp-content\/uploads\/2022\/07\/DSC_0766-1536x1020.jpg 1536w, https:\/\/altgsgrebenstein.de\/wp-content\/uploads\/2022\/07\/DSC_0766-2048x1360.jpg 2048w\" sizes=\"(max-width: 300px) 100vw, 300px\" \/><\/a>\n\t\t\t<\/div><\/figure><figure class='gallery-item'>\n\t\t\t<div class='gallery-icon landscape'>\n\t\t\t\t<a href='https:\/\/altgsgrebenstein.de\/wp-content\/uploads\/2022\/07\/DSC_0757-scaled.jpg'><img decoding=\"async\" width=\"300\" height=\"199\" src=\"https:\/\/altgsgrebenstein.de\/wp-content\/uploads\/2022\/07\/DSC_0757-300x199.jpg\" class=\"attachment-medium size-medium\" alt=\"\" srcset=\"https:\/\/altgsgrebenstein.de\/wp-content\/uploads\/2022\/07\/DSC_0757-300x199.jpg 300w, https:\/\/altgsgrebenstein.de\/wp-content\/uploads\/2022\/07\/DSC_0757-1024x680.jpg 1024w, https:\/\/altgsgrebenstein.de\/wp-content\/uploads\/2022\/07\/DSC_0757-768x510.jpg 768w, https:\/\/altgsgrebenstein.de\/wp-content\/uploads\/2022\/07\/DSC_0757-1536x1020.jpg 1536w, https:\/\/altgsgrebenstein.de\/wp-content\/uploads\/2022\/07\/DSC_0757-2048x1360.jpg 2048w\" sizes=\"(max-width: 300px) 100vw, 300px\" \/><\/a>\n\t\t\t<\/div><\/figure>\n\t\t<\/div>\n\n<p><em>Susann Adam <\/em><\/p>\n","protected":false},"excerpt":{"rendered":"<p>Grebenstein. Beinahe wie \u201efr\u00fcher\u201c, wie vor Corona, so geht die Schulzeit f\u00fcr die Abgangsklassen der Heinrich-Grupe-Schule zu Ende. Mottowoche, Abschlussfahrten, Abg\u00e4ngertag \u2013 all das konnten sie erleben, im Gegensatz zu den Vorg\u00e4ngerjahrg\u00e4ngen. Auch eine Festveranstaltung in der Kulturhalle der Stadt war im \u201egewohnten\u201c Umfang m\u00f6glich, allerdings machte sich hier Corona bemerkbar. Pandemiebedingt war die Schulband &hellip; <a href=\"https:\/\/altgsgrebenstein.de\/?p=14569\" class=\"more-link\"><span class=\"screen-reader-text\">Abg\u00e4nger feiern &#8211; Ein Kapitel im Leben abgeschlossen<\/span> weiterlesen <span class=\"meta-nav\">&rarr;<\/span><\/a><\/p>\n","protected":false},"author":28,"featured_media":0,"comment_status":"closed","ping_status":"closed","sticky":false,"template":"","format":"standard","meta":{"saved_in_kubio":false,"footnotes":""},"categories":[33,1],"tags":[],"class_list":["post-14569","post","type-post","status-publish","format-standard","hentry","category-archiv","category-uncategorized"],"_links":{"self":[{"href":"https:\/\/altgsgrebenstein.de\/index.php?rest_route=\/wp\/v2\/posts\/14569","targetHints":{"allow":["GET"]}}],"collection":[{"href":"https:\/\/altgsgrebenstein.de\/index.php?rest_route=\/wp\/v2\/posts"}],"about":[{"href":"https:\/\/altgsgrebenstein.de\/index.php?rest_route=\/wp\/v2\/types\/post"}],"author":[{"embeddable":true,"href":"https:\/\/altgsgrebenstein.de\/index.php?rest_route=\/wp\/v2\/users\/28"}],"replies":[{"embeddable":true,"href":"https:\/\/altgsgrebenstein.de\/index.php?rest_route=%2Fwp%2Fv2%2Fcomments&post=14569"}],"version-history":[{"count":7,"href":"https:\/\/altgsgrebenstein.de\/index.php?rest_route=\/wp\/v2\/posts\/14569\/revisions"}],"predecessor-version":[{"id":14603,"href":"https:\/\/altgsgrebenstein.de\/index.php?rest_route=\/wp\/v2\/posts\/14569\/revisions\/14603"}],"wp:attachment":[{"href":"https:\/\/altgsgrebenstein.de\/index.php?rest_route=%2Fwp%2Fv2%2Fmedia&parent=14569"}],"wp:term":[{"taxonomy":"category","embeddable":true,"href":"https:\/\/altgsgrebenstein.de\/index.php?rest_route=%2Fwp%2Fv2%2Fcategories&post=14569"},{"taxonomy":"post_tag","embeddable":true,"href":"https:\/\/altgsgrebenstein.de\/index.php?rest_route=%2Fwp%2Fv2%2Ftags&post=14569"}],"curies":[{"name":"wp","href":"https:\/\/api.w.org\/{rel}","templated":true}]}}