{"id":14546,"date":"2022-07-06T04:52:05","date_gmt":"2022-07-06T03:52:05","guid":{"rendered":"http:\/\/altgsgrebenstein.de\/?p=14546"},"modified":"2022-09-09T11:10:29","modified_gmt":"2022-09-09T10:10:29","slug":"historische-spurensuche-politische-bildung-und-kontakt-mit-einer-fruehen-hochkultur","status":"publish","type":"post","link":"https:\/\/altgsgrebenstein.de\/?p=14546","title":{"rendered":"Historische Spurensuche, politische Bildung und Kontakt mit einer fr\u00fchen Hochkultur"},"content":{"rendered":"<p>Das Dreil\u00e4ndereck im \u00e4u\u00dfersten S\u00fcdwesten Deutschlands war das Ziel einer Studienfahrt der Klassen G9a und G9b. Begleitet von Rita Hirdes-Bettenh\u00e4user, Carmen Asmus, Helwig Haag und Susann Adam verbrachten die Jugendlichen Ende Juni f\u00fcnf Tage in der Jugendherberge L\u00f6rrach, um von dort aus den historischen und kulturellen Reichtum der Region zu erkunden sowie sich politisch zu bilden.<\/p>\n<p><img decoding=\"async\" class=\"aligncenter size-large wp-image-14547\" src=\"http:\/\/altgsgrebenstein.de\/wp-content\/uploads\/2022\/07\/IMG_8819-1024x684.jpg\" alt=\"\" width=\"604\" height=\"403\" srcset=\"https:\/\/altgsgrebenstein.de\/wp-content\/uploads\/2022\/07\/IMG_8819-1024x684.jpg 1024w, https:\/\/altgsgrebenstein.de\/wp-content\/uploads\/2022\/07\/IMG_8819-300x200.jpg 300w, https:\/\/altgsgrebenstein.de\/wp-content\/uploads\/2022\/07\/IMG_8819-768x513.jpg 768w, https:\/\/altgsgrebenstein.de\/wp-content\/uploads\/2022\/07\/IMG_8819-1536x1025.jpg 1536w, https:\/\/altgsgrebenstein.de\/wp-content\/uploads\/2022\/07\/IMG_8819-2048x1367.jpg 2048w\" sizes=\"(max-width: 604px) 100vw, 604px\" \/><\/p>\n<p>Neben einer Stadtbesichtigung L\u00f6rrachs standen verschiedene Exkursionen ins benachbarte Elsass und in die Schweiz auf dem Programm. So erfuhr die Gruppe bei einer F\u00fchrung im Europaparlament in Strasbourg, wie diese Institution aufgebaut ist und wie sie funktioniert. Die Jugendlichen konnten zudem kurz einer Sitzung beiwohnen, bevor sie sich aufmachten, zu Fu\u00df die Sehensw\u00fcrdigkeiten der Metropole am Rhein zu erkunden.<\/p>\n<p><img decoding=\"async\" class=\"aligncenter size-large wp-image-14548\" src=\"http:\/\/altgsgrebenstein.de\/wp-content\/uploads\/2022\/07\/IMG_8830-1024x684.jpg\" alt=\"\" width=\"604\" height=\"403\" srcset=\"https:\/\/altgsgrebenstein.de\/wp-content\/uploads\/2022\/07\/IMG_8830-1024x684.jpg 1024w, https:\/\/altgsgrebenstein.de\/wp-content\/uploads\/2022\/07\/IMG_8830-300x200.jpg 300w, https:\/\/altgsgrebenstein.de\/wp-content\/uploads\/2022\/07\/IMG_8830-768x513.jpg 768w, https:\/\/altgsgrebenstein.de\/wp-content\/uploads\/2022\/07\/IMG_8830-1536x1025.jpg 1536w, https:\/\/altgsgrebenstein.de\/wp-content\/uploads\/2022\/07\/IMG_8830-2048x1367.jpg 2048w\" sizes=\"(max-width: 604px) 100vw, 604px\" \/><\/p>\n<p>Beklommenheit und die Erkenntnis, wie sinnlos Kriege sind, standen am Ende der Besichtigung des Nationalen Monuments \u201eHartmannswillerkopf\u201c in den Vogesen. Hier fanden im 1. Weltkrieg erbitterte K\u00e4mpfe zwischen deutschen und franz\u00f6sischen Einheiten um die Vorherrschaft in der Region statt. Die Gruppen besichtigten das Museum, das die historischen Hintergr\u00fcnde darstellt, und liefen das ehemalige Schlachtfeld ab, auf dem noch zahlreiche \u00dcberreste der damaligen Kampfhandlungen zu sehen sind.<\/p>\n<p><img decoding=\"async\" class=\"aligncenter size-large wp-image-14549\" src=\"http:\/\/altgsgrebenstein.de\/wp-content\/uploads\/2022\/07\/IMG_1598-1024x768.jpg\" alt=\"\" width=\"604\" height=\"453\" srcset=\"https:\/\/altgsgrebenstein.de\/wp-content\/uploads\/2022\/07\/IMG_1598-1024x768.jpg 1024w, https:\/\/altgsgrebenstein.de\/wp-content\/uploads\/2022\/07\/IMG_1598-300x225.jpg 300w, https:\/\/altgsgrebenstein.de\/wp-content\/uploads\/2022\/07\/IMG_1598-768x576.jpg 768w, https:\/\/altgsgrebenstein.de\/wp-content\/uploads\/2022\/07\/IMG_1598-1536x1152.jpg 1536w, https:\/\/altgsgrebenstein.de\/wp-content\/uploads\/2022\/07\/IMG_1598-2048x1536.jpg 2048w\" sizes=\"(max-width: 604px) 100vw, 604px\" \/><\/p>\n<p>Im Anschluss daran erfolgte mit der Stadtbesichtigung des pittoresken Colmar das Kontrastprogramm dazu. Hier konnten die Jugendlichen prachtvolle H\u00e4user vergangener Jahrhunderte und das fotogene Viertel \u201ePetite Venise\u201c bewundern.<\/p>\n<p><img decoding=\"async\" class=\"aligncenter size-large wp-image-14550\" src=\"http:\/\/altgsgrebenstein.de\/wp-content\/uploads\/2022\/07\/IMG_8921-1024x684.jpg\" alt=\"\" width=\"604\" height=\"403\" srcset=\"https:\/\/altgsgrebenstein.de\/wp-content\/uploads\/2022\/07\/IMG_8921-1024x684.jpg 1024w, https:\/\/altgsgrebenstein.de\/wp-content\/uploads\/2022\/07\/IMG_8921-300x200.jpg 300w, https:\/\/altgsgrebenstein.de\/wp-content\/uploads\/2022\/07\/IMG_8921-768x513.jpg 768w, https:\/\/altgsgrebenstein.de\/wp-content\/uploads\/2022\/07\/IMG_8921-1536x1025.jpg 1536w, https:\/\/altgsgrebenstein.de\/wp-content\/uploads\/2022\/07\/IMG_8921-2048x1367.jpg 2048w\" sizes=\"(max-width: 604px) 100vw, 604px\" \/><\/p>\n<p>Den Schlusspunkt der Studienfahrt, die anstelle der pandemiebedingt entfallenen Begegnungsfahrten stattfand, bildete der Besuch der r\u00f6mischen Ausgrabungsst\u00e4tte \u201eAugusta Raurica\u201c. In dieser ehemaligen Stadt in der heutigen Schweiz wandelten die M\u00e4dchen und Jungen auf den Spuren der R\u00f6mer, sahen die Ruinen verschiedener antiker Bauwerke und konnten sich im Museum ein Bild davon verschaffen, wie ein r\u00f6misches Haus ausgesehen haben k\u00f6nnte. Sie erfuhren zugleich, welchen Einfluss die Kultur dieses Volkes auf folgende Epochen hatte und wie sie heute noch pr\u00e4sent ist.<\/p>\n<p>Neben den Exkursionen konnten die Sch\u00fclerinnen und Sch\u00fcler viel Zeit miteinander verbringen. Nach den Einschr\u00e4nkungen der Pandemie genossen die Jugendlichen die M\u00f6glichkeiten, Sport zu treiben, ihre Freizeit in L\u00f6rrach zu verbringen oder einfach nur ausf\u00fchrlich miteinander zu reden.<\/p>\n<p><em>Susann Adam <\/em><\/p>\n","protected":false},"excerpt":{"rendered":"<p>Das Dreil\u00e4ndereck im \u00e4u\u00dfersten S\u00fcdwesten Deutschlands war das Ziel einer Studienfahrt der Klassen G9a und G9b. Begleitet von Rita Hirdes-Bettenh\u00e4user, Carmen Asmus, Helwig Haag und Susann Adam verbrachten die Jugendlichen Ende Juni f\u00fcnf Tage in der Jugendherberge L\u00f6rrach, um von dort aus den historischen und kulturellen Reichtum der Region zu erkunden sowie sich politisch zu &hellip; <a href=\"https:\/\/altgsgrebenstein.de\/?p=14546\" class=\"more-link\"><span class=\"screen-reader-text\">Historische Spurensuche, politische Bildung und Kontakt mit einer fr\u00fchen Hochkultur<\/span> weiterlesen <span class=\"meta-nav\">&rarr;<\/span><\/a><\/p>\n","protected":false},"author":28,"featured_media":0,"comment_status":"closed","ping_status":"closed","sticky":false,"template":"","format":"standard","meta":{"saved_in_kubio":false,"footnotes":""},"categories":[33,1],"tags":[],"class_list":["post-14546","post","type-post","status-publish","format-standard","hentry","category-archiv","category-uncategorized"],"_links":{"self":[{"href":"https:\/\/altgsgrebenstein.de\/index.php?rest_route=\/wp\/v2\/posts\/14546","targetHints":{"allow":["GET"]}}],"collection":[{"href":"https:\/\/altgsgrebenstein.de\/index.php?rest_route=\/wp\/v2\/posts"}],"about":[{"href":"https:\/\/altgsgrebenstein.de\/index.php?rest_route=\/wp\/v2\/types\/post"}],"author":[{"embeddable":true,"href":"https:\/\/altgsgrebenstein.de\/index.php?rest_route=\/wp\/v2\/users\/28"}],"replies":[{"embeddable":true,"href":"https:\/\/altgsgrebenstein.de\/index.php?rest_route=%2Fwp%2Fv2%2Fcomments&post=14546"}],"version-history":[{"count":1,"href":"https:\/\/altgsgrebenstein.de\/index.php?rest_route=\/wp\/v2\/posts\/14546\/revisions"}],"predecessor-version":[{"id":14551,"href":"https:\/\/altgsgrebenstein.de\/index.php?rest_route=\/wp\/v2\/posts\/14546\/revisions\/14551"}],"wp:attachment":[{"href":"https:\/\/altgsgrebenstein.de\/index.php?rest_route=%2Fwp%2Fv2%2Fmedia&parent=14546"}],"wp:term":[{"taxonomy":"category","embeddable":true,"href":"https:\/\/altgsgrebenstein.de\/index.php?rest_route=%2Fwp%2Fv2%2Fcategories&post=14546"},{"taxonomy":"post_tag","embeddable":true,"href":"https:\/\/altgsgrebenstein.de\/index.php?rest_route=%2Fwp%2Fv2%2Ftags&post=14546"}],"curies":[{"name":"wp","href":"https:\/\/api.w.org\/{rel}","templated":true}]}}