{"id":14537,"date":"2022-07-02T12:39:28","date_gmt":"2022-07-02T11:39:28","guid":{"rendered":"http:\/\/altgsgrebenstein.de\/?p=14537"},"modified":"2022-09-09T11:10:37","modified_gmt":"2022-09-09T10:10:37","slug":"toepferangebot-fuer-senioren-und-menschen-mit-beeintraechtigung","status":"publish","type":"post","link":"https:\/\/altgsgrebenstein.de\/?p=14537","title":{"rendered":"T\u00f6pferangebot f\u00fcr Senioren und Menschen mit Beeintr\u00e4chtigung"},"content":{"rendered":"<p><span style=\"font-size: 18pt;\"><strong>\u201eIch bin \u00e4lter als die Queen!\u201c<\/strong><\/span><\/p>\n<table style=\"border-collapse: collapse; width: 100%;\">\n<tbody>\n<tr>\n<td style=\"width: 50%;\"><img decoding=\"async\" class=\"alignnone size-full wp-image-14541\" src=\"http:\/\/altgsgrebenstein.de\/wp-content\/uploads\/2022\/07\/20220630_163039-klein-rotated.jpg\" alt=\"\" width=\"605\" height=\"806\" srcset=\"https:\/\/altgsgrebenstein.de\/wp-content\/uploads\/2022\/07\/20220630_163039-klein-rotated.jpg 605w, https:\/\/altgsgrebenstein.de\/wp-content\/uploads\/2022\/07\/20220630_163039-klein-225x300.jpg 225w\" sizes=\"(max-width: 605px) 100vw, 605px\" \/><\/td>\n<td style=\"width: 50%;\"><img decoding=\"async\" class=\"alignnone size-full wp-image-14542\" src=\"http:\/\/altgsgrebenstein.de\/wp-content\/uploads\/2022\/07\/P1140308-klein-rotated.jpg\" alt=\"\" width=\"648\" height=\"864\" srcset=\"https:\/\/altgsgrebenstein.de\/wp-content\/uploads\/2022\/07\/P1140308-klein-rotated.jpg 648w, https:\/\/altgsgrebenstein.de\/wp-content\/uploads\/2022\/07\/P1140308-klein-225x300.jpg 225w\" sizes=\"(max-width: 648px) 100vw, 648px\" \/><\/td>\n<\/tr>\n<\/tbody>\n<\/table>\n<p><em><span style=\"color: #ff0000;\">SO sieht echtes Engagement aus: Hitzefrei \u2026 <strong>2<\/strong> Stunden an der HGS \u00fcberbr\u00fccken \u2026 und dann mit Bewohner*innen der WerkHilfe e.V. T\u00d6PFERN \u2013 von 15 bis 17.30 Uhr.<\/span> <\/em><\/p>\n<p><strong>F\u00fcnf Sch\u00fcler*innen der R7b<\/strong> haben \u2013 zusammen mit ihrem <strong>AL-Lehrer Jochen Feuring<\/strong> \u2013 einen T\u00f6pfer-Schnupper-Angebot in Calden beim \u201eGriechen am See\u201c angeleitet. Mit dabei waren: <strong><span style=\"color: #ff0000;\">Mika Glaser, David Gie\u00dfler, Wiebke Dehmel, Nicole Nehrettig &amp; Silas Sen.<\/span><\/strong><\/p>\n<table style=\"border-collapse: collapse; width: 100%;\">\n<tbody>\n<tr>\n<td style=\"width: 33.3333%;\"><img decoding=\"async\" class=\"alignnone size-full wp-image-14538\" src=\"http:\/\/altgsgrebenstein.de\/wp-content\/uploads\/2022\/07\/P1140299-klein.jpg\" alt=\"\" width=\"864\" height=\"648\" srcset=\"https:\/\/altgsgrebenstein.de\/wp-content\/uploads\/2022\/07\/P1140299-klein.jpg 864w, https:\/\/altgsgrebenstein.de\/wp-content\/uploads\/2022\/07\/P1140299-klein-300x225.jpg 300w, https:\/\/altgsgrebenstein.de\/wp-content\/uploads\/2022\/07\/P1140299-klein-768x576.jpg 768w\" sizes=\"(max-width: 864px) 100vw, 864px\" \/><\/td>\n<td style=\"width: 33.3333%;\"><img decoding=\"async\" class=\"alignnone size-full wp-image-14539\" src=\"http:\/\/altgsgrebenstein.de\/wp-content\/uploads\/2022\/07\/P1140268-klein.jpg\" alt=\"\" width=\"864\" height=\"648\" srcset=\"https:\/\/altgsgrebenstein.de\/wp-content\/uploads\/2022\/07\/P1140268-klein.jpg 864w, https:\/\/altgsgrebenstein.de\/wp-content\/uploads\/2022\/07\/P1140268-klein-300x225.jpg 300w, https:\/\/altgsgrebenstein.de\/wp-content\/uploads\/2022\/07\/P1140268-klein-768x576.jpg 768w\" sizes=\"(max-width: 864px) 100vw, 864px\" \/><\/td>\n<td style=\"width: 33.3333%;\"><img decoding=\"async\" class=\"alignnone size-full wp-image-14540\" src=\"http:\/\/altgsgrebenstein.de\/wp-content\/uploads\/2022\/07\/P1140280-klein.jpg\" alt=\"\" width=\"864\" height=\"648\" srcset=\"https:\/\/altgsgrebenstein.de\/wp-content\/uploads\/2022\/07\/P1140280-klein.jpg 864w, https:\/\/altgsgrebenstein.de\/wp-content\/uploads\/2022\/07\/P1140280-klein-300x225.jpg 300w, https:\/\/altgsgrebenstein.de\/wp-content\/uploads\/2022\/07\/P1140280-klein-768x576.jpg 768w\" sizes=\"(max-width: 864px) 100vw, 864px\" \/><\/td>\n<\/tr>\n<\/tbody>\n<\/table>\n<p>Die Wartezeit wurde sinnvoll genutzt mit dem Zusammensuchen des T\u00f6pfer-Equipments und dem Anschauen von kleinen Youtube-Videos zum Thema T\u00f6pfertechniken.<\/p>\n<p><u>Fahrdienst inklusive<br \/>\n<\/u>Abgeholt und zur Schule zur\u00fcck gebracht wurden wir mit einem VW-Bus und einem Fahrer der WerkHilfe e.V. Dort angekommen wurden die Tische vorbereitet, die Werkzeuge verteilt und der Ton in handliche St\u00fccke geschnitten. Einige Teilnehmer*innen haben ihrer Kreativit\u00e4t freien Lauf gelassen, andere hingegen haben sich auf die Arbeitsanweisungen der Sch\u00fcler*innen verlassen. Vorweg gab Herr Feuring eine kurze Einweisung in den Verlauf des Nachmittags.<\/p>\n<p>Mit dabei waren auch <strong>5 beeintr\u00e4chtigte Bewohner*innen der Wohnanlage in Heckershausen<\/strong> mit ihrer Betreuerin. Der zweit\u00e4lteste Teilnehmer wollte urspr\u00fcnglich nur zuschauen, war aber dann doch relativ schnell angetan und formte eine gro\u00dfe Schlange. Ein anderer Senior \u00fcberraschte zum einem mit einem tollen \u201eBierkrug mit Henkel\u201c und zum anderen mit seinem Alter: <strong>\u201eIch bin \u00e4lter als die Queen!<\/strong>\u201c, sagte er zum Abschied. Mit stolzen 96 Jahren (Jg. 1925) hat er auf jeden Fall noch einen Menge Fingerspitzengef\u00fchl und Kreativit\u00e4t an den Tag gelegt \u2013 unglaublich!<br \/>\nUnd so verging die Zeit wie im Flug. Alle Anwesenden fanden den Nachmittag als sehr kurzweilig und bereichernd an, laut wurde \u00fcber einen Folgetermin nachgedacht.<br \/>\nDer Dank geht an die Sch\u00fcler*innen der R7b \u2026 ihr wart quasi die Hauptpersonen. Eine Bescheinigung f\u00fcr den Berufswahlordner wird noch ausgestellt.<\/p>\n<p><span style=\"color: #808080;\"><strong><em>Zur Info: Seit \u00fcber 10 Jahren kooperiert die HGS mit der Integrativen Wohnanlage f\u00fcr betreutes Pflegewohnen der WerkHilfe e.V. in Calden. In dieser Zeit haben viele Veranstaltungen stattgefunden: Bastelkurse, Computerkurse, Handykurse, Modenschauen, Boule-Meisterschaften, \u2026 bis hin zu Spargelsch\u00e4l-Wettbewerben!<\/em><\/strong><\/span><\/p>\n<p><strong><em>Jochen Feuring<br \/>\n<\/em><\/strong><\/p>\n","protected":false},"excerpt":{"rendered":"<p>\u201eIch bin \u00e4lter als die Queen!\u201c SO sieht echtes Engagement aus: Hitzefrei \u2026 2 Stunden an der HGS \u00fcberbr\u00fccken \u2026 und dann mit Bewohner*innen der WerkHilfe e.V. T\u00d6PFERN \u2013 von 15 bis 17.30 Uhr. F\u00fcnf Sch\u00fcler*innen der R7b haben \u2013 zusammen mit ihrem AL-Lehrer Jochen Feuring \u2013 einen T\u00f6pfer-Schnupper-Angebot in Calden beim \u201eGriechen am See\u201c &hellip; <a href=\"https:\/\/altgsgrebenstein.de\/?p=14537\" class=\"more-link\"><span class=\"screen-reader-text\">T\u00f6pferangebot f\u00fcr Senioren und Menschen mit Beeintr\u00e4chtigung<\/span> weiterlesen <span class=\"meta-nav\">&rarr;<\/span><\/a><\/p>\n","protected":false},"author":10,"featured_media":0,"comment_status":"closed","ping_status":"closed","sticky":false,"template":"","format":"standard","meta":{"saved_in_kubio":false,"footnotes":""},"categories":[33,1],"tags":[],"class_list":["post-14537","post","type-post","status-publish","format-standard","hentry","category-archiv","category-uncategorized"],"_links":{"self":[{"href":"https:\/\/altgsgrebenstein.de\/index.php?rest_route=\/wp\/v2\/posts\/14537","targetHints":{"allow":["GET"]}}],"collection":[{"href":"https:\/\/altgsgrebenstein.de\/index.php?rest_route=\/wp\/v2\/posts"}],"about":[{"href":"https:\/\/altgsgrebenstein.de\/index.php?rest_route=\/wp\/v2\/types\/post"}],"author":[{"embeddable":true,"href":"https:\/\/altgsgrebenstein.de\/index.php?rest_route=\/wp\/v2\/users\/10"}],"replies":[{"embeddable":true,"href":"https:\/\/altgsgrebenstein.de\/index.php?rest_route=%2Fwp%2Fv2%2Fcomments&post=14537"}],"version-history":[{"count":2,"href":"https:\/\/altgsgrebenstein.de\/index.php?rest_route=\/wp\/v2\/posts\/14537\/revisions"}],"predecessor-version":[{"id":14544,"href":"https:\/\/altgsgrebenstein.de\/index.php?rest_route=\/wp\/v2\/posts\/14537\/revisions\/14544"}],"wp:attachment":[{"href":"https:\/\/altgsgrebenstein.de\/index.php?rest_route=%2Fwp%2Fv2%2Fmedia&parent=14537"}],"wp:term":[{"taxonomy":"category","embeddable":true,"href":"https:\/\/altgsgrebenstein.de\/index.php?rest_route=%2Fwp%2Fv2%2Fcategories&post=14537"},{"taxonomy":"post_tag","embeddable":true,"href":"https:\/\/altgsgrebenstein.de\/index.php?rest_route=%2Fwp%2Fv2%2Ftags&post=14537"}],"curies":[{"name":"wp","href":"https:\/\/api.w.org\/{rel}","templated":true}]}}