{"id":14531,"date":"2022-06-23T07:05:54","date_gmt":"2022-06-23T06:05:54","guid":{"rendered":"http:\/\/altgsgrebenstein.de\/?p=14531"},"modified":"2022-09-09T11:10:45","modified_gmt":"2022-09-09T10:10:45","slug":"schueler-besuchen-bildungsmesse-impulse-fuer-die-persoenliche-zukunft","status":"publish","type":"post","link":"https:\/\/altgsgrebenstein.de\/?p=14531","title":{"rendered":"Sch\u00fcler besuchen Bildungsmesse &#8211; Impulse f\u00fcr die pers\u00f6nliche Zukunft"},"content":{"rendered":"<p><strong>Kassel.<\/strong> Zwei Jahre Zwangspause \u2013 wie alle anderen Messen und Gro\u00dfveranstaltungen, so konnte auch die Bildungsmesse \u201evocatium\u201c pandemiebdingt nicht stattfinden. Im Juni pr\u00e4sentierten sich, im 13. Jahr des Bestehens der gr\u00f6\u00dften Veranstaltung dieser Art in der Region, 72 Aussteller verschiedenster Ausrichtung in der Stadthalle Kassel.<\/p>\n<p>Schulen aus ganz Nordhessen und S\u00fcdniedersachsen nutzten das Angebot, sich vor Ort \u00fcber M\u00f6glichkeiten zu Ausbildung, Studium, Freiwilligendienst zu informieren und mit den Fachleuten ins Gespr\u00e4ch zu kommen. Zu den 3000 angemeldeten Besuchern geh\u00f6rten auch Klassen der Heinrich-Grupe-Schule Grebenstein. W\u00e4hrend am 1. Messetag die Klassen G9 in der Stadthalle zu Gast waren, folgten am Tag darauf die Klassen R9 und H8.<\/p>\n<p><img decoding=\"async\" class=\"aligncenter size-large wp-image-14532\" src=\"http:\/\/altgsgrebenstein.de\/wp-content\/uploads\/2022\/06\/IMG_8779-1024x684.jpg\" alt=\"\" width=\"604\" height=\"403\" srcset=\"https:\/\/altgsgrebenstein.de\/wp-content\/uploads\/2022\/06\/IMG_8779-1024x684.jpg 1024w, https:\/\/altgsgrebenstein.de\/wp-content\/uploads\/2022\/06\/IMG_8779-300x200.jpg 300w, https:\/\/altgsgrebenstein.de\/wp-content\/uploads\/2022\/06\/IMG_8779-768x513.jpg 768w, https:\/\/altgsgrebenstein.de\/wp-content\/uploads\/2022\/06\/IMG_8779-1536x1025.jpg 1536w, https:\/\/altgsgrebenstein.de\/wp-content\/uploads\/2022\/06\/IMG_8779-2048x1367.jpg 2048w\" sizes=\"(max-width: 604px) 100vw, 604px\" \/><\/p>\n<p>Die Auswahl unter den Ausstellern war gro\u00df: Handwerksbetriebe, Global Player aus der Region, Vermittler von Freiwilligendiensten, Beh\u00f6rden, Berufliche Schulen und Universit\u00e4ten boten den Besuchern eine Vielzahl von Informationen.<\/p>\n<p>Im Vorfeld hatte Projektleiter Sven Olbrich die Heinrich-Grupe-Schule besucht, um die teilnehmenden Klassen auf den Besuch vorzubereiten. In diesem Zusammenhang bekamen die Jugendlichen neben die Informationen auch Anmeldeb\u00f6gen, um gezielt Termine bei Ausstellern zu vereinbaren.<\/p>\n<p>Durch diese festen Termine waren sehr konkrete und pers\u00f6nliche Gespr\u00e4che m\u00f6glich. Davon profitierten die G\u00e4ste aus Grebenstein und viele von ihnen waren nach dem Messebesuch begeistert. Nicht wenige hatten Impulse f\u00fcr ihre Zukunft erhalten. So zum Beispiel Rabea aus der G9b, die gern ein Freiwilliges Soziales Jahr absolvieren m\u00f6chte oder ihr Mitsch\u00fcler Lion Rausch, der seinen Traumberuf \u201egefunden\u201c hatte.<\/p>\n<p><img decoding=\"async\" class=\"aligncenter size-large wp-image-14533\" src=\"http:\/\/altgsgrebenstein.de\/wp-content\/uploads\/2022\/06\/IMG_8773-1024x684.jpg\" alt=\"\" width=\"604\" height=\"403\" srcset=\"https:\/\/altgsgrebenstein.de\/wp-content\/uploads\/2022\/06\/IMG_8773-1024x684.jpg 1024w, https:\/\/altgsgrebenstein.de\/wp-content\/uploads\/2022\/06\/IMG_8773-300x200.jpg 300w, https:\/\/altgsgrebenstein.de\/wp-content\/uploads\/2022\/06\/IMG_8773-768x513.jpg 768w, https:\/\/altgsgrebenstein.de\/wp-content\/uploads\/2022\/06\/IMG_8773-1536x1025.jpg 1536w, https:\/\/altgsgrebenstein.de\/wp-content\/uploads\/2022\/06\/IMG_8773-2048x1367.jpg 2048w\" sizes=\"(max-width: 604px) 100vw, 604px\" \/><\/p>\n<p>Projektleiter Olbrich zeigte sich ebenfalls ausgesprochen zufrieden: \u201eWir mussten aufgrund der wechselnden Vorschriften kurzfristig und flexibel planen. Mit dem regen Zuspruch sind wir sehr zufrieden.\u201c<\/p>\n<p><strong>Susann Adam <\/strong><\/p>\n","protected":false},"excerpt":{"rendered":"<p>Kassel. Zwei Jahre Zwangspause \u2013 wie alle anderen Messen und Gro\u00dfveranstaltungen, so konnte auch die Bildungsmesse \u201evocatium\u201c pandemiebdingt nicht stattfinden. Im Juni pr\u00e4sentierten sich, im 13. Jahr des Bestehens der gr\u00f6\u00dften Veranstaltung dieser Art in der Region, 72 Aussteller verschiedenster Ausrichtung in der Stadthalle Kassel. Schulen aus ganz Nordhessen und S\u00fcdniedersachsen nutzten das Angebot, sich &hellip; <a href=\"https:\/\/altgsgrebenstein.de\/?p=14531\" class=\"more-link\"><span class=\"screen-reader-text\">Sch\u00fcler besuchen Bildungsmesse &#8211; Impulse f\u00fcr die pers\u00f6nliche Zukunft<\/span> weiterlesen <span class=\"meta-nav\">&rarr;<\/span><\/a><\/p>\n","protected":false},"author":28,"featured_media":0,"comment_status":"closed","ping_status":"closed","sticky":false,"template":"","format":"standard","meta":{"saved_in_kubio":false,"footnotes":""},"categories":[33,1],"tags":[],"class_list":["post-14531","post","type-post","status-publish","format-standard","hentry","category-archiv","category-uncategorized"],"_links":{"self":[{"href":"https:\/\/altgsgrebenstein.de\/index.php?rest_route=\/wp\/v2\/posts\/14531","targetHints":{"allow":["GET"]}}],"collection":[{"href":"https:\/\/altgsgrebenstein.de\/index.php?rest_route=\/wp\/v2\/posts"}],"about":[{"href":"https:\/\/altgsgrebenstein.de\/index.php?rest_route=\/wp\/v2\/types\/post"}],"author":[{"embeddable":true,"href":"https:\/\/altgsgrebenstein.de\/index.php?rest_route=\/wp\/v2\/users\/28"}],"replies":[{"embeddable":true,"href":"https:\/\/altgsgrebenstein.de\/index.php?rest_route=%2Fwp%2Fv2%2Fcomments&post=14531"}],"version-history":[{"count":1,"href":"https:\/\/altgsgrebenstein.de\/index.php?rest_route=\/wp\/v2\/posts\/14531\/revisions"}],"predecessor-version":[{"id":14534,"href":"https:\/\/altgsgrebenstein.de\/index.php?rest_route=\/wp\/v2\/posts\/14531\/revisions\/14534"}],"wp:attachment":[{"href":"https:\/\/altgsgrebenstein.de\/index.php?rest_route=%2Fwp%2Fv2%2Fmedia&parent=14531"}],"wp:term":[{"taxonomy":"category","embeddable":true,"href":"https:\/\/altgsgrebenstein.de\/index.php?rest_route=%2Fwp%2Fv2%2Fcategories&post=14531"},{"taxonomy":"post_tag","embeddable":true,"href":"https:\/\/altgsgrebenstein.de\/index.php?rest_route=%2Fwp%2Fv2%2Ftags&post=14531"}],"curies":[{"name":"wp","href":"https:\/\/api.w.org\/{rel}","templated":true}]}}