{"id":14522,"date":"2022-06-20T07:10:11","date_gmt":"2022-06-20T06:10:11","guid":{"rendered":"http:\/\/altgsgrebenstein.de\/?p=14522"},"modified":"2022-09-09T11:10:53","modified_gmt":"2022-09-09T10:10:53","slug":"das-cafe-beruf-fuer-den-g-zweig-premiere-in-praesenz","status":"publish","type":"post","link":"https:\/\/altgsgrebenstein.de\/?p=14522","title":{"rendered":"Das Caf\u00e9 Beruf f\u00fcr den G-Zweig &#8211; Premiere in Pr\u00e4senz"},"content":{"rendered":"<p><strong>Grebenstein.\u00a0<\/strong>Nachdem das Caf\u00e9 Beruf die letzten beiden Male pandemiebedingt als Onlineveranstaltung durchgef\u00fchrt wurde, konnte die &#8222;Premiere&#8220; f\u00fcr den Gymnasialzweig nun endlich wieder vor Ort stattfinden. Die inhaltliche Differenzierung\u00a0 auf berufsorientierende Schwerpunkte\u00a0 wurde bereits letztes Jahr beschlossen und wird ab diesem Schuljahr fortlaufend umgesetzt.<\/p>\n<p><img decoding=\"async\" class=\"aligncenter size-large wp-image-14523\" src=\"http:\/\/altgsgrebenstein.de\/wp-content\/uploads\/2022\/06\/67EB6D68-4D44-4477-8148-FA6AC21CF7ED-1024x768.jpeg\" alt=\"\" width=\"604\" height=\"453\" srcset=\"https:\/\/altgsgrebenstein.de\/wp-content\/uploads\/2022\/06\/67EB6D68-4D44-4477-8148-FA6AC21CF7ED-1024x768.jpeg 1024w, https:\/\/altgsgrebenstein.de\/wp-content\/uploads\/2022\/06\/67EB6D68-4D44-4477-8148-FA6AC21CF7ED-300x225.jpeg 300w, https:\/\/altgsgrebenstein.de\/wp-content\/uploads\/2022\/06\/67EB6D68-4D44-4477-8148-FA6AC21CF7ED-768x576.jpeg 768w, https:\/\/altgsgrebenstein.de\/wp-content\/uploads\/2022\/06\/67EB6D68-4D44-4477-8148-FA6AC21CF7ED-1536x1152.jpeg 1536w, https:\/\/altgsgrebenstein.de\/wp-content\/uploads\/2022\/06\/67EB6D68-4D44-4477-8148-FA6AC21CF7ED-2048x1536.jpeg 2048w\" sizes=\"(max-width: 604px) 100vw, 604px\" \/><\/p>\n<p>Mit dabei waren diesmal folgende Teilnehmer:<\/p>\n<ul>\n<li>Volunta (DRK)<\/li>\n<li>Kreishandwerkerschaft Hofgeismar<\/li>\n<li>Bundespolizei, Standort Fuldatal<\/li>\n<li>Handwerkskammer Kassel &amp; Fleischerei Koch, Calden<\/li>\n<\/ul>\n<p><img decoding=\"async\" class=\"aligncenter size-large wp-image-14524\" src=\"http:\/\/altgsgrebenstein.de\/wp-content\/uploads\/2022\/06\/80D7CBC6-B4CA-4888-BD59-4D089CD610CD-1024x768.jpeg\" alt=\"\" width=\"604\" height=\"453\" srcset=\"https:\/\/altgsgrebenstein.de\/wp-content\/uploads\/2022\/06\/80D7CBC6-B4CA-4888-BD59-4D089CD610CD-1024x768.jpeg 1024w, https:\/\/altgsgrebenstein.de\/wp-content\/uploads\/2022\/06\/80D7CBC6-B4CA-4888-BD59-4D089CD610CD-300x225.jpeg 300w, https:\/\/altgsgrebenstein.de\/wp-content\/uploads\/2022\/06\/80D7CBC6-B4CA-4888-BD59-4D089CD610CD-768x576.jpeg 768w, https:\/\/altgsgrebenstein.de\/wp-content\/uploads\/2022\/06\/80D7CBC6-B4CA-4888-BD59-4D089CD610CD-1536x1152.jpeg 1536w, https:\/\/altgsgrebenstein.de\/wp-content\/uploads\/2022\/06\/80D7CBC6-B4CA-4888-BD59-4D089CD610CD-2048x1536.jpeg 2048w\" sizes=\"(max-width: 604px) 100vw, 604px\" \/><\/p>\n<p>Die sehr interessante Mischung bot den Sch\u00fclerInnen und interessierten Eltern vielf\u00e4ltige Einblicke in das Berufsleben, Einsatzoptionen bei Freiwilligendiensten, M\u00f6glichkeiten f\u00fcr AbiturientInnen im Handwerk und das breite Ausbildungsspektrum der Bundespolizei.<\/p>\n<p><img decoding=\"async\" class=\"aligncenter size-large wp-image-14525\" src=\"http:\/\/altgsgrebenstein.de\/wp-content\/uploads\/2022\/06\/81052892-A2D3-4DF2-912D-ABA4F22F0CAC-768x1024.jpeg\" alt=\"\" width=\"604\" height=\"805\" srcset=\"https:\/\/altgsgrebenstein.de\/wp-content\/uploads\/2022\/06\/81052892-A2D3-4DF2-912D-ABA4F22F0CAC-768x1024.jpeg 768w, https:\/\/altgsgrebenstein.de\/wp-content\/uploads\/2022\/06\/81052892-A2D3-4DF2-912D-ABA4F22F0CAC-225x300.jpeg 225w, https:\/\/altgsgrebenstein.de\/wp-content\/uploads\/2022\/06\/81052892-A2D3-4DF2-912D-ABA4F22F0CAC-1152x1536.jpeg 1152w, https:\/\/altgsgrebenstein.de\/wp-content\/uploads\/2022\/06\/81052892-A2D3-4DF2-912D-ABA4F22F0CAC-1536x2048.jpeg 1536w, https:\/\/altgsgrebenstein.de\/wp-content\/uploads\/2022\/06\/81052892-A2D3-4DF2-912D-ABA4F22F0CAC-scaled.jpeg 1920w\" sizes=\"(max-width: 604px) 100vw, 604px\" \/><\/p>\n<p>Die Sch\u00fclerInnen zeigten sich interessiert und positiv \u00fcberrascht von vielen neuen Eindr\u00fccken und Erkenntnissen, die sie auf ihrem Weg der Berufsorientierung mitnehmen k\u00f6nnen.<\/p>\n<p><img decoding=\"async\" class=\"aligncenter size-large wp-image-14526\" src=\"http:\/\/altgsgrebenstein.de\/wp-content\/uploads\/2022\/06\/F90BD0CC-ECC1-4F21-9709-66634B4D9679-1024x768.jpeg\" alt=\"\" width=\"604\" height=\"453\" srcset=\"https:\/\/altgsgrebenstein.de\/wp-content\/uploads\/2022\/06\/F90BD0CC-ECC1-4F21-9709-66634B4D9679-1024x768.jpeg 1024w, https:\/\/altgsgrebenstein.de\/wp-content\/uploads\/2022\/06\/F90BD0CC-ECC1-4F21-9709-66634B4D9679-300x225.jpeg 300w, https:\/\/altgsgrebenstein.de\/wp-content\/uploads\/2022\/06\/F90BD0CC-ECC1-4F21-9709-66634B4D9679-768x576.jpeg 768w, https:\/\/altgsgrebenstein.de\/wp-content\/uploads\/2022\/06\/F90BD0CC-ECC1-4F21-9709-66634B4D9679-1536x1152.jpeg 1536w, https:\/\/altgsgrebenstein.de\/wp-content\/uploads\/2022\/06\/F90BD0CC-ECC1-4F21-9709-66634B4D9679-2048x1536.jpeg 2048w\" sizes=\"(max-width: 604px) 100vw, 604px\" \/><\/p>\n<p><img decoding=\"async\" class=\"aligncenter size-large wp-image-14527\" src=\"http:\/\/altgsgrebenstein.de\/wp-content\/uploads\/2022\/06\/F55BD158-8B9A-45B2-84CC-1AD1D84CB7B2-768x1024.jpeg\" alt=\"\" width=\"604\" height=\"805\" srcset=\"https:\/\/altgsgrebenstein.de\/wp-content\/uploads\/2022\/06\/F55BD158-8B9A-45B2-84CC-1AD1D84CB7B2-768x1024.jpeg 768w, https:\/\/altgsgrebenstein.de\/wp-content\/uploads\/2022\/06\/F55BD158-8B9A-45B2-84CC-1AD1D84CB7B2-225x300.jpeg 225w, https:\/\/altgsgrebenstein.de\/wp-content\/uploads\/2022\/06\/F55BD158-8B9A-45B2-84CC-1AD1D84CB7B2-1152x1536.jpeg 1152w, https:\/\/altgsgrebenstein.de\/wp-content\/uploads\/2022\/06\/F55BD158-8B9A-45B2-84CC-1AD1D84CB7B2-1536x2048.jpeg 1536w, https:\/\/altgsgrebenstein.de\/wp-content\/uploads\/2022\/06\/F55BD158-8B9A-45B2-84CC-1AD1D84CB7B2-scaled.jpeg 1920w\" sizes=\"(max-width: 604px) 100vw, 604px\" \/><\/p>\n<p><img decoding=\"async\" class=\"aligncenter size-large wp-image-14528\" src=\"http:\/\/altgsgrebenstein.de\/wp-content\/uploads\/2022\/06\/C5C1E35B-BBCF-4EC2-96BE-E6FDC148199D-768x1024.jpeg\" alt=\"\" width=\"604\" height=\"805\" srcset=\"https:\/\/altgsgrebenstein.de\/wp-content\/uploads\/2022\/06\/C5C1E35B-BBCF-4EC2-96BE-E6FDC148199D-768x1024.jpeg 768w, https:\/\/altgsgrebenstein.de\/wp-content\/uploads\/2022\/06\/C5C1E35B-BBCF-4EC2-96BE-E6FDC148199D-225x300.jpeg 225w, https:\/\/altgsgrebenstein.de\/wp-content\/uploads\/2022\/06\/C5C1E35B-BBCF-4EC2-96BE-E6FDC148199D-1152x1536.jpeg 1152w, https:\/\/altgsgrebenstein.de\/wp-content\/uploads\/2022\/06\/C5C1E35B-BBCF-4EC2-96BE-E6FDC148199D-1536x2048.jpeg 1536w, https:\/\/altgsgrebenstein.de\/wp-content\/uploads\/2022\/06\/C5C1E35B-BBCF-4EC2-96BE-E6FDC148199D-scaled.jpeg 1920w\" sizes=\"(max-width: 604px) 100vw, 604px\" \/><\/p>\n<p>Das n\u00e4chste Caf\u00e9 Beruf findet im Herbst wieder mit dem Schwerpunkt auf dem Hauptschul &#8211; und Realschulzweig statt.<\/p>\n<p>&nbsp;<\/p>\n","protected":false},"excerpt":{"rendered":"<p>Grebenstein.\u00a0Nachdem das Caf\u00e9 Beruf die letzten beiden Male pandemiebedingt als Onlineveranstaltung durchgef\u00fchrt wurde, konnte die &#8222;Premiere&#8220; f\u00fcr den Gymnasialzweig nun endlich wieder vor Ort stattfinden. Die inhaltliche Differenzierung\u00a0 auf berufsorientierende Schwerpunkte\u00a0 wurde bereits letztes Jahr beschlossen und wird ab diesem Schuljahr fortlaufend umgesetzt. Mit dabei waren diesmal folgende Teilnehmer: Volunta (DRK) Kreishandwerkerschaft Hofgeismar Bundespolizei, Standort &hellip; <a href=\"https:\/\/altgsgrebenstein.de\/?p=14522\" class=\"more-link\"><span class=\"screen-reader-text\">Das Caf\u00e9 Beruf f\u00fcr den G-Zweig &#8211; Premiere in Pr\u00e4senz<\/span> weiterlesen <span class=\"meta-nav\">&rarr;<\/span><\/a><\/p>\n","protected":false},"author":28,"featured_media":0,"comment_status":"closed","ping_status":"closed","sticky":false,"template":"","format":"standard","meta":{"saved_in_kubio":false,"footnotes":""},"categories":[33,1],"tags":[],"class_list":["post-14522","post","type-post","status-publish","format-standard","hentry","category-archiv","category-uncategorized"],"_links":{"self":[{"href":"https:\/\/altgsgrebenstein.de\/index.php?rest_route=\/wp\/v2\/posts\/14522","targetHints":{"allow":["GET"]}}],"collection":[{"href":"https:\/\/altgsgrebenstein.de\/index.php?rest_route=\/wp\/v2\/posts"}],"about":[{"href":"https:\/\/altgsgrebenstein.de\/index.php?rest_route=\/wp\/v2\/types\/post"}],"author":[{"embeddable":true,"href":"https:\/\/altgsgrebenstein.de\/index.php?rest_route=\/wp\/v2\/users\/28"}],"replies":[{"embeddable":true,"href":"https:\/\/altgsgrebenstein.de\/index.php?rest_route=%2Fwp%2Fv2%2Fcomments&post=14522"}],"version-history":[{"count":1,"href":"https:\/\/altgsgrebenstein.de\/index.php?rest_route=\/wp\/v2\/posts\/14522\/revisions"}],"predecessor-version":[{"id":14529,"href":"https:\/\/altgsgrebenstein.de\/index.php?rest_route=\/wp\/v2\/posts\/14522\/revisions\/14529"}],"wp:attachment":[{"href":"https:\/\/altgsgrebenstein.de\/index.php?rest_route=%2Fwp%2Fv2%2Fmedia&parent=14522"}],"wp:term":[{"taxonomy":"category","embeddable":true,"href":"https:\/\/altgsgrebenstein.de\/index.php?rest_route=%2Fwp%2Fv2%2Fcategories&post=14522"},{"taxonomy":"post_tag","embeddable":true,"href":"https:\/\/altgsgrebenstein.de\/index.php?rest_route=%2Fwp%2Fv2%2Ftags&post=14522"}],"curies":[{"name":"wp","href":"https:\/\/api.w.org\/{rel}","templated":true}]}}