{"id":14406,"date":"2022-05-06T21:46:03","date_gmt":"2022-05-06T20:46:03","guid":{"rendered":"http:\/\/altgsgrebenstein.de\/?p=14406"},"modified":"2022-09-09T11:11:36","modified_gmt":"2022-09-09T10:11:36","slug":"schulzweigfahrt-nach-dortmund","status":"publish","type":"post","link":"https:\/\/altgsgrebenstein.de\/?p=14406","title":{"rendered":"Schulzweigfahrt nach Dortmund"},"content":{"rendered":"<p><span style=\"font-size: 18pt;\"><strong>Besuch der <span style=\"color: #ff0000;\">DASA<\/span><\/strong> <\/span><strong><span style=\"font-size: 18pt;\">\u2013 Ausstellung \u201eArbeitswelten\u201c mit dem HAUPTSCHULZWEIG<\/span><br \/>\n<\/strong>\u00a0\u00a0\u00a0\u00a0\u00a0\u00a0\u00a0\u00a0 fr\u00fcher: <span style=\"color: #ff0000;\"><strong>D<\/strong><\/span>eutsche <span style=\"color: #ff0000;\"><strong>A<\/strong><\/span>rbeits-<span style=\"color: #ff0000;\"><strong>S<\/strong><\/span>chutz-<span style=\"color: #ff0000;\"><strong>A<\/strong><\/span>usstellung<\/p>\n<p>Am 04. Mai war es endlich soweit, der Besuch der DASA wurde f\u00fcr die Klassen H7, H8 &amp; H9 endlich Realit\u00e4t. 2x musste die Fahrt leider coronabedingt verschoben werden. Erfreulich war jedoch, dass bis September der Eintritt f\u00fcr die DASA kostenfrei ist, da die Ausstellung mit Einschr\u00e4nkungen leben muss. So kann man die Kantine nicht nutzen &amp; einzelne Teilbereiche sind gesperrt. <img decoding=\"async\" class=\"wp-image-14407 alignright\" src=\"http:\/\/altgsgrebenstein.de\/wp-content\/uploads\/2022\/05\/DASA-1.jpg\" alt=\"\" width=\"194\" height=\"118\" srcset=\"https:\/\/altgsgrebenstein.de\/wp-content\/uploads\/2022\/05\/DASA-1.jpg 1666w, https:\/\/altgsgrebenstein.de\/wp-content\/uploads\/2022\/05\/DASA-1-300x183.jpg 300w, https:\/\/altgsgrebenstein.de\/wp-content\/uploads\/2022\/05\/DASA-1-1024x623.jpg 1024w, https:\/\/altgsgrebenstein.de\/wp-content\/uploads\/2022\/05\/DASA-1-768x467.jpg 768w, https:\/\/altgsgrebenstein.de\/wp-content\/uploads\/2022\/05\/DASA-1-1536x935.jpg 1536w\" sizes=\"(max-width: 194px) 100vw, 194px\" \/><\/p>\n<p>Begleitet haben insgesamt f\u00fcnf AL-Lehrkr\u00e4fte (z.T. auch in Doppelfunktion als Klassenleitung) sowie unsere UBUS-Kraft Frau Fechner die Fahrt \u2013 somit war es zugleich eine Arbeitslehre-Fortbildung in Reinkultur f\u00fcr Frau Gbur, Herrn Lackner, Herrn Lautze, Frau Oppermann &amp; Herrn Feuring.<\/p>\n<p><img decoding=\"async\" class=\"alignnone wp-image-14408\" src=\"http:\/\/altgsgrebenstein.de\/wp-content\/uploads\/2022\/05\/DASA-2.jpg\" alt=\"\" width=\"404\" height=\"303\" srcset=\"https:\/\/altgsgrebenstein.de\/wp-content\/uploads\/2022\/05\/DASA-2.jpg 1296w, https:\/\/altgsgrebenstein.de\/wp-content\/uploads\/2022\/05\/DASA-2-300x225.jpg 300w, https:\/\/altgsgrebenstein.de\/wp-content\/uploads\/2022\/05\/DASA-2-1024x768.jpg 1024w, https:\/\/altgsgrebenstein.de\/wp-content\/uploads\/2022\/05\/DASA-2-768x576.jpg 768w\" sizes=\"(max-width: 404px) 100vw, 404px\" \/><\/p>\n<p>R\u00fcckblick: Vor etlichen Jahren waren Klassen bereits mit Herrn Feuring in der Dt. Arbeitsschutzausstellung \u2013 danach ist der Besuch dieses au\u00dferschulischen Lernorts leider \u201eeingeschlafen\u201c \u2013 warum auch immer! Darum nun anl\u00e4sslich seiner Initiative eine Neuauflage \u2013 quasi ein Neustart. Aus diesem Grund sind auch die Arbeitslehre-Kolleg*innen der HGS \u201emit an Bord\u201c gewesen. Sie sollten sich selbst ein Bild von dieser Ausstellung und deren Inhalten machen. Ab dem kommenden Jahr ist beabsichtigt, dass wir einmal j\u00e4hrlich dieses Angebot fach\u00fcbergreifend nutzen wollen und \u2026 nach Dortmund fahren.<\/p>\n<table style=\"border-collapse: collapse; width: 100%;\">\n<tbody>\n<tr>\n<td style=\"width: 33.3333%;\"><img decoding=\"async\" class=\"alignnone  wp-image-14409\" src=\"http:\/\/altgsgrebenstein.de\/wp-content\/uploads\/2022\/05\/DASA-3.jpg\" alt=\"\" width=\"202\" height=\"152\" srcset=\"https:\/\/altgsgrebenstein.de\/wp-content\/uploads\/2022\/05\/DASA-3.jpg 1296w, https:\/\/altgsgrebenstein.de\/wp-content\/uploads\/2022\/05\/DASA-3-300x225.jpg 300w, https:\/\/altgsgrebenstein.de\/wp-content\/uploads\/2022\/05\/DASA-3-1024x768.jpg 1024w, https:\/\/altgsgrebenstein.de\/wp-content\/uploads\/2022\/05\/DASA-3-768x576.jpg 768w\" sizes=\"(max-width: 202px) 100vw, 202px\" \/><\/td>\n<td style=\"width: 33.4989%;\"><img decoding=\"async\" class=\"alignnone  wp-image-14410\" src=\"http:\/\/altgsgrebenstein.de\/wp-content\/uploads\/2022\/05\/DASA-5.jpg\" alt=\"\" width=\"206\" height=\"154\" srcset=\"https:\/\/altgsgrebenstein.de\/wp-content\/uploads\/2022\/05\/DASA-5.jpg 1296w, https:\/\/altgsgrebenstein.de\/wp-content\/uploads\/2022\/05\/DASA-5-300x225.jpg 300w, https:\/\/altgsgrebenstein.de\/wp-content\/uploads\/2022\/05\/DASA-5-1024x768.jpg 1024w, https:\/\/altgsgrebenstein.de\/wp-content\/uploads\/2022\/05\/DASA-5-768x576.jpg 768w\" sizes=\"(max-width: 206px) 100vw, 206px\" \/><\/td>\n<td style=\"width: 33.1677%;\"><img decoding=\"async\" class=\"alignnone wp-image-14411\" src=\"http:\/\/altgsgrebenstein.de\/wp-content\/uploads\/2022\/05\/DASA-6-rotated.jpg\" alt=\"\" width=\"171\" height=\"228\" srcset=\"https:\/\/altgsgrebenstein.de\/wp-content\/uploads\/2022\/05\/DASA-6-rotated.jpg 972w, https:\/\/altgsgrebenstein.de\/wp-content\/uploads\/2022\/05\/DASA-6-225x300.jpg 225w, https:\/\/altgsgrebenstein.de\/wp-content\/uploads\/2022\/05\/DASA-6-768x1024.jpg 768w\" sizes=\"(max-width: 171px) 100vw, 171px\" \/><\/td>\n<\/tr>\n<tr>\n<td style=\"width: 33.3333%;\"><img decoding=\"async\" class=\"alignnone size-full wp-image-14412\" src=\"http:\/\/altgsgrebenstein.de\/wp-content\/uploads\/2022\/05\/DASA-7.jpg\" alt=\"\" width=\"1382\" height=\"1037\" srcset=\"https:\/\/altgsgrebenstein.de\/wp-content\/uploads\/2022\/05\/DASA-7.jpg 1382w, https:\/\/altgsgrebenstein.de\/wp-content\/uploads\/2022\/05\/DASA-7-300x225.jpg 300w, https:\/\/altgsgrebenstein.de\/wp-content\/uploads\/2022\/05\/DASA-7-1024x768.jpg 1024w, https:\/\/altgsgrebenstein.de\/wp-content\/uploads\/2022\/05\/DASA-7-768x576.jpg 768w\" sizes=\"(max-width: 1382px) 100vw, 1382px\" \/><\/td>\n<td style=\"width: 33.4989%;\"><img decoding=\"async\" class=\"alignnone size-full wp-image-14413\" src=\"http:\/\/altgsgrebenstein.de\/wp-content\/uploads\/2022\/05\/DASA-050.jpg\" alt=\"\" width=\"2048\" height=\"1536\" srcset=\"https:\/\/altgsgrebenstein.de\/wp-content\/uploads\/2022\/05\/DASA-050.jpg 2048w, https:\/\/altgsgrebenstein.de\/wp-content\/uploads\/2022\/05\/DASA-050-300x225.jpg 300w, https:\/\/altgsgrebenstein.de\/wp-content\/uploads\/2022\/05\/DASA-050-1024x768.jpg 1024w, https:\/\/altgsgrebenstein.de\/wp-content\/uploads\/2022\/05\/DASA-050-768x576.jpg 768w, https:\/\/altgsgrebenstein.de\/wp-content\/uploads\/2022\/05\/DASA-050-1536x1152.jpg 1536w\" sizes=\"(max-width: 2048px) 100vw, 2048px\" \/><\/td>\n<td style=\"width: 33.1677%;\"><img decoding=\"async\" class=\"alignnone wp-image-14414\" src=\"http:\/\/altgsgrebenstein.de\/wp-content\/uploads\/2022\/05\/DASA-130-rotated.jpg\" alt=\"\" width=\"169\" height=\"225\" srcset=\"https:\/\/altgsgrebenstein.de\/wp-content\/uploads\/2022\/05\/DASA-130-rotated.jpg 1536w, https:\/\/altgsgrebenstein.de\/wp-content\/uploads\/2022\/05\/DASA-130-225x300.jpg 225w, https:\/\/altgsgrebenstein.de\/wp-content\/uploads\/2022\/05\/DASA-130-768x1024.jpg 768w, https:\/\/altgsgrebenstein.de\/wp-content\/uploads\/2022\/05\/DASA-130-1152x1536.jpg 1152w\" sizes=\"(max-width: 169px) 100vw, 169px\" \/><\/td>\n<\/tr>\n<\/tbody>\n<\/table>\n<p><strong>\u00a0<\/strong><strong>Was ist die DASA? Was macht den besonderen Reiz aus?<br \/>\n<\/strong><span style=\"font-size: 10pt;\"><span style=\"font-size: 12pt;\"><em>Die DASA ist die gr\u00f6\u00dfte deutsche Arbeitsweltausstellung. Auf stolzen 13.000 Quadratmetern Ausstellungsfl\u00e4che pr\u00e4sentiert die Ausstellung Arbeitswelten von gestern, heute und morgen. <\/em><\/span><em><span style=\"font-size: 12pt;\">Sie ist die eine Dauereinrichtung der Bundesanstalt f\u00fcr Arbeitsschutz und Arbeitsmedizin und informiert die \u00d6ffentlichkeit \u00fcber die Arbeitswelt, ihren Stellenwert f\u00fcr den Einzelnen und die Gesellschaft sowie \u00fcber die Bedeutung menschengerechter Gestaltung der Arbeit. Die Begriffe Mensch &#8211; Arbeit &#8211; Technik markieren das \u201cSpielfeld\u201d der DASA.<\/span> <\/em><\/span><\/p>\n<p>Die Arbeitswelten-Ausstellung kann man nicht in drei S\u00e4tzen beschreiben, man muss sie be-\u201egreifen\u201c. Das ist nat\u00fcrlich auch der Tatsache geschuldet, dass die berufliche Arbeitswelt SO vielschichtig und komplex ist, es gibt eben so viele unterschiedliche Branchen \u2026 mit ihren individuellen Eigenarten und auch Risiken. Vom Handwerk \u00fcber die industrielle Fertigung bis hin zu Dienstleistungsberufen \u2013 alles dabei. Angefangen bei der Kinderarbeit vor 150 Jahren \u00fcber die Taktung der Arbeit w\u00e4hrend der Industrialisierung und der Automatisierung durch Industrieroboter bis hin zur K\u00fcnstlichen Intelligenz (KI) \u2013 alles wird anschaulich und be\u201cgreif\u201c-bar gezeigt. KI: Betreten wir das perfekte Paradies oder eine algorithmische Apokalypse? Es geht um klassische Themen wie Ergonomie am Arbeitsplatz (richtiges Sitzen, richtiges Heben), aber auch um Stressfaktoren und allgemeine und besondere Gefahren im Arbeitsleben und im privaten Bereich (Hausarbeit, Hobby, Freizeitsport). \u00dcbrigens: Die meisten Unf\u00e4lle passieren im Haushalt \u2013 beim Fensterputzen oder beim Wechseln der Gl\u00fchbirne auf einer selbstgebauten wackeligen \u201eLeiterkonstruktion\u201c aus Einzelteilen wie Eimer &amp; Melkschemel.<\/p>\n<p><img decoding=\"async\" class=\"alignnone size-full wp-image-14416\" src=\"http:\/\/altgsgrebenstein.de\/wp-content\/uploads\/2022\/05\/DASA-8-1.jpg\" alt=\"\" width=\"948\" height=\"530\" srcset=\"https:\/\/altgsgrebenstein.de\/wp-content\/uploads\/2022\/05\/DASA-8-1.jpg 948w, https:\/\/altgsgrebenstein.de\/wp-content\/uploads\/2022\/05\/DASA-8-1-300x168.jpg 300w, https:\/\/altgsgrebenstein.de\/wp-content\/uploads\/2022\/05\/DASA-8-1-768x429.jpg 768w\" sizes=\"(max-width: 948px) 100vw, 948px\" \/><\/p>\n<p>Ob bei Betriebserkundungen, am Girls`Day-Tag, im Rahmen der Betriebspraktika, im Fachraumunterricht oder bei Klassenfahrten \u2013 die Kenntnis um Gefahren und Risiken sind jederzeit und an (fast) jedem schulischen und au\u00dferschulischen Ort wichtig.<\/p>\n<p>Es gibt dabei sehr viele Mitmachangebote, sei es auf der Dauerbaustelle, im Kranken- und Pflegebereich oder bei technischen oder sinnlichen Experimenten (Optische T\u00e4uschungen). Man kann im LKW-Fahrsimulator \u00fcben, kann mit einem echten Gabelstapler virtuelle Lasten bewegen, im Au\u00dfenbereich live baggern oder auf den Knien liegend Pflastersteine legen. Beeindruckend ist der Arbeitsplatz eines Fluglotsen oder das Cockpit einer Boing bzw. eines Hubschraubers. Man kann sogar in eine Tunnelbaustelle \u201eunter Tage\u201c gehen oder einen L\u00e4rmtunnel durchwandeln. Wie laut sind 40db, leises Bl\u00e4tterrauschen oder der Start eines Flugzeugtriebwerks?<\/p>\n<p>Insgesamt war die Tagestour sehr spannend und informativ. Mit 2:15 Stunden Fahrzeit ist Dortmund gut und schnell zu erreichen und k\u00fcnftig wollen wir die Fahrt regelm\u00e4\u00dfig durchf\u00fchren. Die Frage ist nur mit welchem Jahrgang und in welchem Bildungsgang: Normalerweise m\u00fcsste jeder Sch\u00fcler\/ jede Sch\u00fclerin der HGS die Arbeitswelten-Ausstellung einmal in seiner\/ ihrer Schullaufbahn live miterlebt haben. Da das Angebot so vielschichtig ist, w\u00e4re es toll, wenn es nicht nur eine reine Arbeitslehre-Veranstaltung werden w\u00fcrde, sondern wenn sie einen fach\u00fcbergreifenden bzw. f\u00e4cherverbindenden Charakter erhalten w\u00fcrde \u2013 und zwar mit der Biolehrkraft, mit dem Chemiker\/der Chemikerin, der Physiklehrkraft und\/oder mit Vertreter*innen des Sportfachbereichs.<\/p>\n<p>Jochen Feuring<\/p>\n","protected":false},"excerpt":{"rendered":"<p>Besuch der DASA \u2013 Ausstellung \u201eArbeitswelten\u201c mit dem HAUPTSCHULZWEIG \u00a0\u00a0\u00a0\u00a0\u00a0\u00a0\u00a0\u00a0 fr\u00fcher: Deutsche Arbeits-Schutz-Ausstellung Am 04. Mai war es endlich soweit, der Besuch der DASA wurde f\u00fcr die Klassen H7, H8 &amp; H9 endlich Realit\u00e4t. 2x musste die Fahrt leider coronabedingt verschoben werden. Erfreulich war jedoch, dass bis September der Eintritt f\u00fcr die DASA kostenfrei ist, &hellip; <a href=\"https:\/\/altgsgrebenstein.de\/?p=14406\" class=\"more-link\"><span class=\"screen-reader-text\">Schulzweigfahrt nach Dortmund<\/span> weiterlesen <span class=\"meta-nav\">&rarr;<\/span><\/a><\/p>\n","protected":false},"author":10,"featured_media":0,"comment_status":"closed","ping_status":"closed","sticky":false,"template":"","format":"standard","meta":{"saved_in_kubio":false,"footnotes":""},"categories":[33,34],"tags":[],"class_list":["post-14406","post","type-post","status-publish","format-standard","hentry","category-archiv","category-berufsorientierung"],"_links":{"self":[{"href":"https:\/\/altgsgrebenstein.de\/index.php?rest_route=\/wp\/v2\/posts\/14406","targetHints":{"allow":["GET"]}}],"collection":[{"href":"https:\/\/altgsgrebenstein.de\/index.php?rest_route=\/wp\/v2\/posts"}],"about":[{"href":"https:\/\/altgsgrebenstein.de\/index.php?rest_route=\/wp\/v2\/types\/post"}],"author":[{"embeddable":true,"href":"https:\/\/altgsgrebenstein.de\/index.php?rest_route=\/wp\/v2\/users\/10"}],"replies":[{"embeddable":true,"href":"https:\/\/altgsgrebenstein.de\/index.php?rest_route=%2Fwp%2Fv2%2Fcomments&post=14406"}],"version-history":[{"count":4,"href":"https:\/\/altgsgrebenstein.de\/index.php?rest_route=\/wp\/v2\/posts\/14406\/revisions"}],"predecessor-version":[{"id":14420,"href":"https:\/\/altgsgrebenstein.de\/index.php?rest_route=\/wp\/v2\/posts\/14406\/revisions\/14420"}],"wp:attachment":[{"href":"https:\/\/altgsgrebenstein.de\/index.php?rest_route=%2Fwp%2Fv2%2Fmedia&parent=14406"}],"wp:term":[{"taxonomy":"category","embeddable":true,"href":"https:\/\/altgsgrebenstein.de\/index.php?rest_route=%2Fwp%2Fv2%2Fcategories&post=14406"},{"taxonomy":"post_tag","embeddable":true,"href":"https:\/\/altgsgrebenstein.de\/index.php?rest_route=%2Fwp%2Fv2%2Ftags&post=14406"}],"curies":[{"name":"wp","href":"https:\/\/api.w.org\/{rel}","templated":true}]}}