{"id":14347,"date":"2022-04-03T13:47:50","date_gmt":"2022-04-03T12:47:50","guid":{"rendered":"http:\/\/altgsgrebenstein.de\/?p=14347"},"modified":"2022-09-09T11:12:13","modified_gmt":"2022-09-09T10:12:13","slug":"digitale-berufsorientierung-im-jahrgang-8","status":"publish","type":"post","link":"https:\/\/altgsgrebenstein.de\/?p=14347","title":{"rendered":"Digitale Berufsorientierung im Jahrgang 8"},"content":{"rendered":"<p>Zum Abschluss der Einheit \u201eBewerbungstraining\u201c, die f\u00e4cher\u00fcbergreifend in \u201eDeutsch\u201c und \u201ePolitik und Wirtschaft\u201c im Jahrgang 8 durchgef\u00fchrt wird und das Schreiben von Lebensl\u00e4ufen und Bewerbungsanschreiben sowie die Durchf\u00fchrung eines Bewerbungsgespr\u00e4ches beinhaltet, hatten die Klassen G8a und G8b die M\u00f6glichkeit, mithilfe von VR-Brillen eine gro\u00dfe Vielfalt an Berufen virtuell kennenzulernen. Nach der Information \u00fcber einen Beruf in einem Kurzvideo konnte dieser bei einer 360-Grad Betriebsbesichtigung erkundet werden.<\/p>\n<p>Dieses Angebot soll die Sch\u00fclerinnen und Sch\u00fcler zeitgem\u00e4\u00df dabei unterst\u00fctzen, sich beruflich zu orientieren und sich \u00fcber die Vielfalt von Ausbildungsberufen und deren typischen Aufgabenbereiche zu informieren. Dar\u00fcber hinaus soll es eine Hilfestellung sein, sich f\u00fcr einen Praktikumsplatz im Jahrgang 9 zu entscheiden.<\/p>\n<p>Das Projekt DEIN ERSTER TAG ist ein Angebot der Studio2B GmbH, die innovative Konzepte f\u00fcr die digitale Berufsorientierung entwickeln.<br \/>\n<img decoding=\"async\" class=\"alignnone wp-image-14349 size-large\" src=\"http:\/\/altgsgrebenstein.de\/wp-content\/uploads\/2022\/04\/Bild1-1024x768.jpg\" alt=\"\" width=\"604\" height=\"453\" srcset=\"https:\/\/altgsgrebenstein.de\/wp-content\/uploads\/2022\/04\/Bild1-1024x768.jpg 1024w, https:\/\/altgsgrebenstein.de\/wp-content\/uploads\/2022\/04\/Bild1-300x225.jpg 300w, https:\/\/altgsgrebenstein.de\/wp-content\/uploads\/2022\/04\/Bild1-768x576.jpg 768w, https:\/\/altgsgrebenstein.de\/wp-content\/uploads\/2022\/04\/Bild1.jpg 1386w\" sizes=\"(max-width: 604px) 100vw, 604px\" \/><br \/>\nDie Sch\u00fclerinnen Charlotte, Luisa, Emma, Alisa und Finja (v. links) aus der G8a bei der Nutzung der VR-Brillen.<\/p>\n","protected":false},"excerpt":{"rendered":"<p>Zum Abschluss der Einheit \u201eBewerbungstraining\u201c, die f\u00e4cher\u00fcbergreifend in \u201eDeutsch\u201c und \u201ePolitik und Wirtschaft\u201c im Jahrgang 8 durchgef\u00fchrt wird und das Schreiben von Lebensl\u00e4ufen und Bewerbungsanschreiben sowie die Durchf\u00fchrung eines Bewerbungsgespr\u00e4ches beinhaltet, hatten die Klassen G8a und G8b die M\u00f6glichkeit, mithilfe von VR-Brillen eine gro\u00dfe Vielfalt an Berufen virtuell kennenzulernen. Nach der Information \u00fcber einen Beruf &hellip; <a href=\"https:\/\/altgsgrebenstein.de\/?p=14347\" class=\"more-link\"><span class=\"screen-reader-text\">Digitale Berufsorientierung im Jahrgang 8<\/span> weiterlesen <span class=\"meta-nav\">&rarr;<\/span><\/a><\/p>\n","protected":false},"author":10,"featured_media":0,"comment_status":"closed","ping_status":"closed","sticky":false,"template":"","format":"standard","meta":{"saved_in_kubio":false,"footnotes":""},"categories":[33,34],"tags":[],"class_list":["post-14347","post","type-post","status-publish","format-standard","hentry","category-archiv","category-berufsorientierung"],"_links":{"self":[{"href":"https:\/\/altgsgrebenstein.de\/index.php?rest_route=\/wp\/v2\/posts\/14347","targetHints":{"allow":["GET"]}}],"collection":[{"href":"https:\/\/altgsgrebenstein.de\/index.php?rest_route=\/wp\/v2\/posts"}],"about":[{"href":"https:\/\/altgsgrebenstein.de\/index.php?rest_route=\/wp\/v2\/types\/post"}],"author":[{"embeddable":true,"href":"https:\/\/altgsgrebenstein.de\/index.php?rest_route=\/wp\/v2\/users\/10"}],"replies":[{"embeddable":true,"href":"https:\/\/altgsgrebenstein.de\/index.php?rest_route=%2Fwp%2Fv2%2Fcomments&post=14347"}],"version-history":[{"count":1,"href":"https:\/\/altgsgrebenstein.de\/index.php?rest_route=\/wp\/v2\/posts\/14347\/revisions"}],"predecessor-version":[{"id":14350,"href":"https:\/\/altgsgrebenstein.de\/index.php?rest_route=\/wp\/v2\/posts\/14347\/revisions\/14350"}],"wp:attachment":[{"href":"https:\/\/altgsgrebenstein.de\/index.php?rest_route=%2Fwp%2Fv2%2Fmedia&parent=14347"}],"wp:term":[{"taxonomy":"category","embeddable":true,"href":"https:\/\/altgsgrebenstein.de\/index.php?rest_route=%2Fwp%2Fv2%2Fcategories&post=14347"},{"taxonomy":"post_tag","embeddable":true,"href":"https:\/\/altgsgrebenstein.de\/index.php?rest_route=%2Fwp%2Fv2%2Ftags&post=14347"}],"curies":[{"name":"wp","href":"https:\/\/api.w.org\/{rel}","templated":true}]}}