{"id":14316,"date":"2022-03-18T07:48:26","date_gmt":"2022-03-18T06:48:26","guid":{"rendered":"http:\/\/altgsgrebenstein.de\/?p=14316"},"modified":"2022-09-09T11:16:27","modified_gmt":"2022-09-09T10:16:27","slug":"perspektive-schulradeln","status":"publish","type":"post","link":"https:\/\/altgsgrebenstein.de\/?p=14316","title":{"rendered":"Perspektive Schulradeln"},"content":{"rendered":"<div><\/div>\n<div>\n<p><img decoding=\"async\" class=\"aligncenter wp-image-14317 size-full\" src=\"http:\/\/altgsgrebenstein.de\/wp-content\/uploads\/2022\/03\/Perspektive-Schulradeln-scaled.jpg\" alt=\"\" width=\"2560\" height=\"1920\" srcset=\"https:\/\/altgsgrebenstein.de\/wp-content\/uploads\/2022\/03\/Perspektive-Schulradeln-scaled.jpg 2560w, https:\/\/altgsgrebenstein.de\/wp-content\/uploads\/2022\/03\/Perspektive-Schulradeln-300x225.jpg 300w, https:\/\/altgsgrebenstein.de\/wp-content\/uploads\/2022\/03\/Perspektive-Schulradeln-1024x768.jpg 1024w, https:\/\/altgsgrebenstein.de\/wp-content\/uploads\/2022\/03\/Perspektive-Schulradeln-768x576.jpg 768w, https:\/\/altgsgrebenstein.de\/wp-content\/uploads\/2022\/03\/Perspektive-Schulradeln-1536x1152.jpg 1536w, https:\/\/altgsgrebenstein.de\/wp-content\/uploads\/2022\/03\/Perspektive-Schulradeln-2048x1536.jpg 2048w\" sizes=\"(max-width: 2560px) 100vw, 2560px\" \/><\/p>\n<p class=\"TextB\">Zum Abschluss des diesj\u00e4hrigen Schulradelns trafen sich der B\u00fcrgermeister der Stadt Grebenstein, Herr Sutor, und der f\u00fcr das Stadtradeln zust\u00e4ndige Herr Carrier von st\u00e4dtischer Seite sowie Schulleiterin Frau Boye-Griesel und Sportfachleiter Robin G\u00f6ring zu einem gemeinsamen Foto.<\/p>\n<\/div>\n<p><!--more--><\/p>\n<div>\n<p class=\"TextB\">Im Rahmen dieses Termins teilten sich die Stadt und die Schule je eine Satteltasche, die die Stadt als Pr\u00e4sent der Teilnahme am Schulradeln erhielt. Des Weiteren wurde sich \u00fcber die n\u00e4chstj\u00e4hrige Teilnahme ausgesprochen und der Termin f\u00fcr den Zeitraum nach den Sommerferien angepeilt.<\/p>\n<\/div>\n<div>\n<p class=\"TextB\">Obwohl die Kilometerzahl in diesem Jahr nicht die des letzten Jahres erreichte, zeigt die Teilnahme am Stadt- und Schulradeln, dass der Gemeinde Grebenstein ihre Mobilit\u00e4t am Herzen liegt. Die Schulgemeinschaft unterst\u00fctzt dies durch die Teilnahme an dieser besonderen Aktion und es zeigt sich, dass das Radfahren einen immer gr\u00f6\u00dferen Stellenwert erf\u00e4hrt.<\/p>\n<\/div>\n","protected":false},"excerpt":{"rendered":"<p>Zum Abschluss des diesj\u00e4hrigen Schulradelns trafen sich der B\u00fcrgermeister der Stadt Grebenstein, Herr Sutor, und der f\u00fcr das Stadtradeln zust\u00e4ndige Herr Carrier von st\u00e4dtischer Seite sowie Schulleiterin Frau Boye-Griesel und Sportfachleiter Robin G\u00f6ring zu einem gemeinsamen Foto.<\/p>\n","protected":false},"author":20,"featured_media":0,"comment_status":"closed","ping_status":"closed","sticky":false,"template":"","format":"standard","meta":{"saved_in_kubio":false,"footnotes":""},"categories":[33,1],"tags":[],"class_list":["post-14316","post","type-post","status-publish","format-standard","hentry","category-archiv","category-uncategorized"],"_links":{"self":[{"href":"https:\/\/altgsgrebenstein.de\/index.php?rest_route=\/wp\/v2\/posts\/14316","targetHints":{"allow":["GET"]}}],"collection":[{"href":"https:\/\/altgsgrebenstein.de\/index.php?rest_route=\/wp\/v2\/posts"}],"about":[{"href":"https:\/\/altgsgrebenstein.de\/index.php?rest_route=\/wp\/v2\/types\/post"}],"author":[{"embeddable":true,"href":"https:\/\/altgsgrebenstein.de\/index.php?rest_route=\/wp\/v2\/users\/20"}],"replies":[{"embeddable":true,"href":"https:\/\/altgsgrebenstein.de\/index.php?rest_route=%2Fwp%2Fv2%2Fcomments&post=14316"}],"version-history":[{"count":2,"href":"https:\/\/altgsgrebenstein.de\/index.php?rest_route=\/wp\/v2\/posts\/14316\/revisions"}],"predecessor-version":[{"id":14319,"href":"https:\/\/altgsgrebenstein.de\/index.php?rest_route=\/wp\/v2\/posts\/14316\/revisions\/14319"}],"wp:attachment":[{"href":"https:\/\/altgsgrebenstein.de\/index.php?rest_route=%2Fwp%2Fv2%2Fmedia&parent=14316"}],"wp:term":[{"taxonomy":"category","embeddable":true,"href":"https:\/\/altgsgrebenstein.de\/index.php?rest_route=%2Fwp%2Fv2%2Fcategories&post=14316"},{"taxonomy":"post_tag","embeddable":true,"href":"https:\/\/altgsgrebenstein.de\/index.php?rest_route=%2Fwp%2Fv2%2Ftags&post=14316"}],"curies":[{"name":"wp","href":"https:\/\/api.w.org\/{rel}","templated":true}]}}