{"id":14291,"date":"2022-03-16T17:26:45","date_gmt":"2022-03-16T16:26:45","guid":{"rendered":"http:\/\/altgsgrebenstein.de\/?p=14291"},"modified":"2022-09-09T11:19:57","modified_gmt":"2022-09-09T10:19:57","slug":"aktion-fuer-den-frieden-friedenstauben-als-symbol-der-hoffnung","status":"publish","type":"post","link":"https:\/\/altgsgrebenstein.de\/?p=14291","title":{"rendered":"Aktion f\u00fcr den Frieden &#8211; Friedenstauben als Symbol der Hoffnung"},"content":{"rendered":"<p><img decoding=\"async\" class=\"aligncenter size-large wp-image-14292\" src=\"http:\/\/altgsgrebenstein.de\/wp-content\/uploads\/2022\/03\/DSC_7430-1024x678.jpg\" alt=\"\" width=\"604\" height=\"400\" srcset=\"https:\/\/altgsgrebenstein.de\/wp-content\/uploads\/2022\/03\/DSC_7430-1024x678.jpg 1024w, https:\/\/altgsgrebenstein.de\/wp-content\/uploads\/2022\/03\/DSC_7430-300x199.jpg 300w, https:\/\/altgsgrebenstein.de\/wp-content\/uploads\/2022\/03\/DSC_7430-768x509.jpg 768w, https:\/\/altgsgrebenstein.de\/wp-content\/uploads\/2022\/03\/DSC_7430-1536x1017.jpg 1536w, https:\/\/altgsgrebenstein.de\/wp-content\/uploads\/2022\/03\/DSC_7430-2048x1356.jpg 2048w\" sizes=\"(max-width: 604px) 100vw, 604px\" \/><\/p>\n<p><img decoding=\"async\" class=\"aligncenter size-full wp-image-14302\" src=\"http:\/\/altgsgrebenstein.de\/wp-content\/uploads\/2022\/03\/IMG-20220316-WA0001.jpg\" alt=\"\" width=\"845\" height=\"494\" srcset=\"https:\/\/altgsgrebenstein.de\/wp-content\/uploads\/2022\/03\/IMG-20220316-WA0001.jpg 845w, https:\/\/altgsgrebenstein.de\/wp-content\/uploads\/2022\/03\/IMG-20220316-WA0001-300x175.jpg 300w, https:\/\/altgsgrebenstein.de\/wp-content\/uploads\/2022\/03\/IMG-20220316-WA0001-768x449.jpg 768w\" sizes=\"(max-width: 845px) 100vw, 845px\" \/><\/p>\n<p><strong>Grebenstein<\/strong>. Das war eine beeindruckende Zahl: Nahezu 850 Teilnehmende z\u00e4hlte der Spaziergang f\u00fcr den Frieden, der am Mittwoch in Grebenstein stattfand. Alle Sch\u00fcler und Lehrkr\u00e4fte der beiden Schulen, Burgbergschule und Heinrich-Grupe-Schule, wandten sich auf diese Weise gegen den Krieg Russlands in der Ukraine.<\/p>\n<p><img decoding=\"async\" class=\"aligncenter size-large wp-image-14293\" src=\"http:\/\/altgsgrebenstein.de\/wp-content\/uploads\/2022\/03\/DSC_7240-1024x678.jpg\" alt=\"\" width=\"604\" height=\"400\" srcset=\"https:\/\/altgsgrebenstein.de\/wp-content\/uploads\/2022\/03\/DSC_7240-1024x678.jpg 1024w, https:\/\/altgsgrebenstein.de\/wp-content\/uploads\/2022\/03\/DSC_7240-300x199.jpg 300w, https:\/\/altgsgrebenstein.de\/wp-content\/uploads\/2022\/03\/DSC_7240-768x509.jpg 768w, https:\/\/altgsgrebenstein.de\/wp-content\/uploads\/2022\/03\/DSC_7240-1536x1017.jpg 1536w, https:\/\/altgsgrebenstein.de\/wp-content\/uploads\/2022\/03\/DSC_7240-2048x1356.jpg 2048w\" sizes=\"(max-width: 604px) 100vw, 604px\" \/><br \/>\nMit den Ereignissen im Osten Europas hatten sich die Sch\u00fclerinnen und Sch\u00fcler in den letzten Wochen intensiv auf verschiedene Weise auseinandergesetzt. Die Idee, einen Spaziergang durch den Schulstandort zu organisieren, entstand auf Initiative der Lehrerinnen Samira Fromm und Amy Jakings-Engel. Was zun\u00e4chst als Aktion im Kleinen geplant war, zog schnell gr\u00f6\u00dfere Kreise und am Ende beteiligten sich beide Schulen geschlossen an diesem Marsch f\u00fcr den Frieden.<\/p>\n<p><img decoding=\"async\" class=\"aligncenter size-large wp-image-14294\" src=\"http:\/\/altgsgrebenstein.de\/wp-content\/uploads\/2022\/03\/DSC_7248-1024x678.jpg\" alt=\"\" width=\"604\" height=\"400\" srcset=\"https:\/\/altgsgrebenstein.de\/wp-content\/uploads\/2022\/03\/DSC_7248-1024x678.jpg 1024w, https:\/\/altgsgrebenstein.de\/wp-content\/uploads\/2022\/03\/DSC_7248-300x199.jpg 300w, https:\/\/altgsgrebenstein.de\/wp-content\/uploads\/2022\/03\/DSC_7248-768x509.jpg 768w, https:\/\/altgsgrebenstein.de\/wp-content\/uploads\/2022\/03\/DSC_7248-1536x1017.jpg 1536w, https:\/\/altgsgrebenstein.de\/wp-content\/uploads\/2022\/03\/DSC_7248-2048x1356.jpg 2048w\" sizes=\"(max-width: 604px) 100vw, 604px\" \/><br \/>\nRuhig zogen die Jungen und M\u00e4dchen der Jahrgangsstufen 1 bis 10 durch die Stra\u00dfen Grebensteins. Einige Klassen hatten vorbereitend Plakate gestaltet, die sie mit sich f\u00fchrten. Unterwegs wurden die Teilnehmerinnen und Teilnehmer mit Applaus begr\u00fc\u00dft, was eine besondere Atmosph\u00e4re erzeugte.<\/p>\n<p><img decoding=\"async\" class=\"aligncenter size-large wp-image-14295\" src=\"http:\/\/altgsgrebenstein.de\/wp-content\/uploads\/2022\/03\/DSC_7281-1024x678.jpg\" alt=\"\" width=\"604\" height=\"400\" srcset=\"https:\/\/altgsgrebenstein.de\/wp-content\/uploads\/2022\/03\/DSC_7281-1024x678.jpg 1024w, https:\/\/altgsgrebenstein.de\/wp-content\/uploads\/2022\/03\/DSC_7281-300x199.jpg 300w, https:\/\/altgsgrebenstein.de\/wp-content\/uploads\/2022\/03\/DSC_7281-768x509.jpg 768w, https:\/\/altgsgrebenstein.de\/wp-content\/uploads\/2022\/03\/DSC_7281-1536x1017.jpg 1536w, https:\/\/altgsgrebenstein.de\/wp-content\/uploads\/2022\/03\/DSC_7281-2048x1356.jpg 2048w\" sizes=\"(max-width: 604px) 100vw, 604px\" \/><br \/>\nAm Ende des Rundgangs lenkte die Klasse G10a die Ankommenden auf vorbereitete Stellpl\u00e4tze, sodass sie alle ein gro\u00dfes Friedenszeichen darstellten. Grebensteins B\u00fcrgermeister Danny Sutor dr\u00fcckte seine Begeisterung \u00fcber die eindrucksvolle Aktion aus und k\u00fcndigte an, dass die erwarteten Fl\u00fcchtlinge bestm\u00f6gliche Aufnahme erfahren werden.<\/p>\n<p><img decoding=\"async\" class=\"aligncenter size-large wp-image-14299\" src=\"http:\/\/altgsgrebenstein.de\/wp-content\/uploads\/2022\/03\/DSC_7348-1024x678.jpg\" alt=\"\" width=\"604\" height=\"400\" srcset=\"https:\/\/altgsgrebenstein.de\/wp-content\/uploads\/2022\/03\/DSC_7348-1024x678.jpg 1024w, https:\/\/altgsgrebenstein.de\/wp-content\/uploads\/2022\/03\/DSC_7348-300x199.jpg 300w, https:\/\/altgsgrebenstein.de\/wp-content\/uploads\/2022\/03\/DSC_7348-768x509.jpg 768w, https:\/\/altgsgrebenstein.de\/wp-content\/uploads\/2022\/03\/DSC_7348-1536x1017.jpg 1536w, https:\/\/altgsgrebenstein.de\/wp-content\/uploads\/2022\/03\/DSC_7348-2048x1356.jpg 2048w\" sizes=\"(max-width: 604px) 100vw, 604px\" \/><\/p>\n<p><img decoding=\"async\" class=\"aligncenter size-large wp-image-14297\" src=\"http:\/\/altgsgrebenstein.de\/wp-content\/uploads\/2022\/03\/DSC_7394-1024x678.jpg\" alt=\"\" width=\"604\" height=\"400\" srcset=\"https:\/\/altgsgrebenstein.de\/wp-content\/uploads\/2022\/03\/DSC_7394-1024x678.jpg 1024w, https:\/\/altgsgrebenstein.de\/wp-content\/uploads\/2022\/03\/DSC_7394-300x199.jpg 300w, https:\/\/altgsgrebenstein.de\/wp-content\/uploads\/2022\/03\/DSC_7394-768x509.jpg 768w, https:\/\/altgsgrebenstein.de\/wp-content\/uploads\/2022\/03\/DSC_7394-1536x1017.jpg 1536w, https:\/\/altgsgrebenstein.de\/wp-content\/uploads\/2022\/03\/DSC_7394-2048x1356.jpg 2048w\" sizes=\"(max-width: 604px) 100vw, 604px\" \/><\/p>\n<p><img decoding=\"async\" class=\"aligncenter size-large wp-image-14307\" src=\"http:\/\/altgsgrebenstein.de\/wp-content\/uploads\/2022\/03\/DSC_7403-1024x678.jpg\" alt=\"\" width=\"604\" height=\"400\" srcset=\"https:\/\/altgsgrebenstein.de\/wp-content\/uploads\/2022\/03\/DSC_7403-1024x678.jpg 1024w, https:\/\/altgsgrebenstein.de\/wp-content\/uploads\/2022\/03\/DSC_7403-300x199.jpg 300w, https:\/\/altgsgrebenstein.de\/wp-content\/uploads\/2022\/03\/DSC_7403-768x509.jpg 768w, https:\/\/altgsgrebenstein.de\/wp-content\/uploads\/2022\/03\/DSC_7403-1536x1017.jpg 1536w, https:\/\/altgsgrebenstein.de\/wp-content\/uploads\/2022\/03\/DSC_7403-2048x1356.jpg 2048w\" sizes=\"(max-width: 604px) 100vw, 604px\" \/><\/p>\n<p><img decoding=\"async\" class=\"aligncenter size-large wp-image-14310\" src=\"http:\/\/altgsgrebenstein.de\/wp-content\/uploads\/2022\/03\/DSC_7390-1024x678.jpg\" alt=\"\" width=\"604\" height=\"400\" srcset=\"https:\/\/altgsgrebenstein.de\/wp-content\/uploads\/2022\/03\/DSC_7390-1024x678.jpg 1024w, https:\/\/altgsgrebenstein.de\/wp-content\/uploads\/2022\/03\/DSC_7390-300x199.jpg 300w, https:\/\/altgsgrebenstein.de\/wp-content\/uploads\/2022\/03\/DSC_7390-768x509.jpg 768w, https:\/\/altgsgrebenstein.de\/wp-content\/uploads\/2022\/03\/DSC_7390-1536x1017.jpg 1536w, https:\/\/altgsgrebenstein.de\/wp-content\/uploads\/2022\/03\/DSC_7390-2048x1356.jpg 2048w\" sizes=\"(max-width: 604px) 100vw, 604px\" \/><\/p>\n<p>Martina Boye-Griesel, Schulleiterin der HGS, unterstrich die Bedeutung dieses Spaziergangs als Ausdruck der Zusammengeh\u00f6rigkeit und Solidarit\u00e4t. Als Vertreter der SV wandten sich Chiara Siciliano und Marvin Berndt an die Anwesenden. Sie betonten, dass hier nicht nur ein Zeichen gegen den Krieg gesetzt wurde, sondern bekr\u00e4ftigten ihre Hoffnung, dass dieser bald zu Ende sein m\u00f6ge.<\/p>\n<p><img decoding=\"async\" class=\"aligncenter size-large wp-image-14300\" src=\"http:\/\/altgsgrebenstein.de\/wp-content\/uploads\/2022\/03\/DSC_7418-1024x678.jpg\" alt=\"\" width=\"604\" height=\"400\" srcset=\"https:\/\/altgsgrebenstein.de\/wp-content\/uploads\/2022\/03\/DSC_7418-1024x678.jpg 1024w, https:\/\/altgsgrebenstein.de\/wp-content\/uploads\/2022\/03\/DSC_7418-300x199.jpg 300w, https:\/\/altgsgrebenstein.de\/wp-content\/uploads\/2022\/03\/DSC_7418-768x509.jpg 768w, https:\/\/altgsgrebenstein.de\/wp-content\/uploads\/2022\/03\/DSC_7418-1536x1017.jpg 1536w, https:\/\/altgsgrebenstein.de\/wp-content\/uploads\/2022\/03\/DSC_7418-2048x1356.jpg 2048w\" sizes=\"(max-width: 604px) 100vw, 604px\" \/><br \/>\nDeutlicher lie\u00df sich diese Hoffnung nicht darstellen, als mit den Friedenstauben, die in den Himmel aufstiegen.<\/p>\n<p><img decoding=\"async\" class=\"aligncenter size-large wp-image-14303\" src=\"http:\/\/altgsgrebenstein.de\/wp-content\/uploads\/2022\/03\/DSC_7435-1024x678.jpg\" alt=\"\" width=\"604\" height=\"400\" srcset=\"https:\/\/altgsgrebenstein.de\/wp-content\/uploads\/2022\/03\/DSC_7435-1024x678.jpg 1024w, https:\/\/altgsgrebenstein.de\/wp-content\/uploads\/2022\/03\/DSC_7435-300x199.jpg 300w, https:\/\/altgsgrebenstein.de\/wp-content\/uploads\/2022\/03\/DSC_7435-768x509.jpg 768w, https:\/\/altgsgrebenstein.de\/wp-content\/uploads\/2022\/03\/DSC_7435-1536x1017.jpg 1536w, https:\/\/altgsgrebenstein.de\/wp-content\/uploads\/2022\/03\/DSC_7435-2048x1356.jpg 2048w\" sizes=\"(max-width: 604px) 100vw, 604px\" \/><\/p>\n<p><img decoding=\"async\" class=\"size-large wp-image-14301\" src=\"http:\/\/altgsgrebenstein.de\/wp-content\/uploads\/2022\/03\/YUN00007-1024x699.jpg\" alt=\"\" width=\"604\" height=\"412\" srcset=\"https:\/\/altgsgrebenstein.de\/wp-content\/uploads\/2022\/03\/YUN00007-1024x699.jpg 1024w, https:\/\/altgsgrebenstein.de\/wp-content\/uploads\/2022\/03\/YUN00007-300x205.jpg 300w, https:\/\/altgsgrebenstein.de\/wp-content\/uploads\/2022\/03\/YUN00007-768x524.jpg 768w, https:\/\/altgsgrebenstein.de\/wp-content\/uploads\/2022\/03\/YUN00007-1536x1049.jpg 1536w, https:\/\/altgsgrebenstein.de\/wp-content\/uploads\/2022\/03\/YUN00007-2048x1398.jpg 2048w\" sizes=\"(max-width: 604px) 100vw, 604px\" \/><\/p>\n<p>Susann Adam<\/p>\n","protected":false},"excerpt":{"rendered":"<p>Grebenstein. Das war eine beeindruckende Zahl: Nahezu 850 Teilnehmende z\u00e4hlte der Spaziergang f\u00fcr den Frieden, der am Mittwoch in Grebenstein stattfand. Alle Sch\u00fcler und Lehrkr\u00e4fte der beiden Schulen, Burgbergschule und Heinrich-Grupe-Schule, wandten sich auf diese Weise gegen den Krieg Russlands in der Ukraine. Mit den Ereignissen im Osten Europas hatten sich die Sch\u00fclerinnen und Sch\u00fcler &hellip; <a href=\"https:\/\/altgsgrebenstein.de\/?p=14291\" class=\"more-link\"><span class=\"screen-reader-text\">Aktion f\u00fcr den Frieden &#8211; Friedenstauben als Symbol der Hoffnung<\/span> weiterlesen <span class=\"meta-nav\">&rarr;<\/span><\/a><\/p>\n","protected":false},"author":28,"featured_media":0,"comment_status":"closed","ping_status":"closed","sticky":false,"template":"","format":"standard","meta":{"saved_in_kubio":false,"footnotes":""},"categories":[33,1],"tags":[],"class_list":["post-14291","post","type-post","status-publish","format-standard","hentry","category-archiv","category-uncategorized"],"_links":{"self":[{"href":"https:\/\/altgsgrebenstein.de\/index.php?rest_route=\/wp\/v2\/posts\/14291","targetHints":{"allow":["GET"]}}],"collection":[{"href":"https:\/\/altgsgrebenstein.de\/index.php?rest_route=\/wp\/v2\/posts"}],"about":[{"href":"https:\/\/altgsgrebenstein.de\/index.php?rest_route=\/wp\/v2\/types\/post"}],"author":[{"embeddable":true,"href":"https:\/\/altgsgrebenstein.de\/index.php?rest_route=\/wp\/v2\/users\/28"}],"replies":[{"embeddable":true,"href":"https:\/\/altgsgrebenstein.de\/index.php?rest_route=%2Fwp%2Fv2%2Fcomments&post=14291"}],"version-history":[{"count":6,"href":"https:\/\/altgsgrebenstein.de\/index.php?rest_route=\/wp\/v2\/posts\/14291\/revisions"}],"predecessor-version":[{"id":14312,"href":"https:\/\/altgsgrebenstein.de\/index.php?rest_route=\/wp\/v2\/posts\/14291\/revisions\/14312"}],"wp:attachment":[{"href":"https:\/\/altgsgrebenstein.de\/index.php?rest_route=%2Fwp%2Fv2%2Fmedia&parent=14291"}],"wp:term":[{"taxonomy":"category","embeddable":true,"href":"https:\/\/altgsgrebenstein.de\/index.php?rest_route=%2Fwp%2Fv2%2Fcategories&post=14291"},{"taxonomy":"post_tag","embeddable":true,"href":"https:\/\/altgsgrebenstein.de\/index.php?rest_route=%2Fwp%2Fv2%2Ftags&post=14291"}],"curies":[{"name":"wp","href":"https:\/\/api.w.org\/{rel}","templated":true}]}}