{"id":14283,"date":"2022-03-16T16:01:10","date_gmt":"2022-03-16T15:01:10","guid":{"rendered":"http:\/\/altgsgrebenstein.de\/?p=14283"},"modified":"2022-09-09T11:16:15","modified_gmt":"2022-09-09T10:16:15","slug":"betriebserkundung-der-r9a-bei-sera","status":"publish","type":"post","link":"https:\/\/altgsgrebenstein.de\/?p=14283","title":{"rendered":"Betriebserkundung der R9a bei SERA"},"content":{"rendered":"<p><img decoding=\"async\" class=\"aligncenter wp-image-14285 size-full\" src=\"http:\/\/altgsgrebenstein.de\/wp-content\/uploads\/2022\/03\/IMG_3716-scaled.jpeg\" alt=\"\" width=\"2560\" height=\"1920\" srcset=\"https:\/\/altgsgrebenstein.de\/wp-content\/uploads\/2022\/03\/IMG_3716-scaled.jpeg 2560w, https:\/\/altgsgrebenstein.de\/wp-content\/uploads\/2022\/03\/IMG_3716-300x225.jpeg 300w, https:\/\/altgsgrebenstein.de\/wp-content\/uploads\/2022\/03\/IMG_3716-1024x768.jpeg 1024w, https:\/\/altgsgrebenstein.de\/wp-content\/uploads\/2022\/03\/IMG_3716-768x576.jpeg 768w, https:\/\/altgsgrebenstein.de\/wp-content\/uploads\/2022\/03\/IMG_3716-1536x1152.jpeg 1536w, https:\/\/altgsgrebenstein.de\/wp-content\/uploads\/2022\/03\/IMG_3716-2048x1536.jpeg 2048w\" sizes=\"(max-width: 2560px) 100vw, 2560px\" \/><\/p>\n<p>Am 03. M\u00e4rz 2022 besuchte unsere Klasse das Unternehmen \u201eSera\u201c. Unser AL-Lehrer Herr Lackner organisierte den Besuch und erm\u00f6glichte uns eine wirklich interessante Erfahrung. Neben Herrn Lackner begleitete uns unser Klassenlehrer Herr G\u00f6ring.<\/p>\n<p>Der Tag begann damit, dass wir uns zur 1. Stunde in der Schule trafen und testeten. Da alle negativ waren, liefen wir nach dem Testen direkt zum Bahnhof in Grebenstein und nahmen den Zug nach Immenhausen. Anschlie\u00dfend gingen wir zum Unternehmen \u201eSera\u201c, welches direkt neben dem Bahnhof liegt.<\/p>\n<p><!--more--><\/p>\n<p>Nachdem wir unsere Impfausweise vorzeigten, betraten wir einen Raum, der einen langen Tisch mit T\u00fcten f\u00fcr uns bereit hielt. Nachdem alle Klassenkamerad*innen im Raum einen Platz gefunden haben, wurden wir auch direkt von f\u00fcnf Mitarbeiter*innen freundlich begr\u00fc\u00dft. Eine Mitarbeiterin kl\u00e4rte uns dar\u00fcber auf, dass die eigentliche Leitung nicht da sein konnte und sie uns dann kurz dar\u00fcber informieren w\u00fcrde, was uns an dem Tag erwarte. Die Mitarbeiter*innen stellten sich vor und berichteten von ihrer derzeitigen Ausbildung sowie der jeweiligen Aufgabengebiete. Danach zeigten sie uns eine Pr\u00e4sentation mit reichlich Informationen \u00fcber das Unternehmen und unser Wissen konnten wir dann in einem selbst erstellten Quizz des SERA-Teams beweisen. Nach diesem Quizz durften sich alle Sch\u00fcler*innen Trinken und eine T\u00fcte mit Obst und etwas s\u00fc\u00dfem nehmen. Wir machten dann eine kurze Pause vor dem Geb\u00e4ude des Unternehmens und machten danach weiter. Wir wurden in eine Halle gef\u00fchrt und in drei Gruppen eingeteilt, denn es gab jetzt f\u00fcr jede Gruppe drei Stationen mit unterschiedlichen Aufgaben.<span class=\"Apple-converted-space\">\u00a0<\/span><\/p>\n<p><img decoding=\"async\" class=\"size-medium wp-image-14288 alignleft\" src=\"http:\/\/altgsgrebenstein.de\/wp-content\/uploads\/2022\/03\/IMG_3700-225x300.jpeg\" alt=\"\" width=\"225\" height=\"300\" srcset=\"https:\/\/altgsgrebenstein.de\/wp-content\/uploads\/2022\/03\/IMG_3700-225x300.jpeg 225w, https:\/\/altgsgrebenstein.de\/wp-content\/uploads\/2022\/03\/IMG_3700-768x1024.jpeg 768w, https:\/\/altgsgrebenstein.de\/wp-content\/uploads\/2022\/03\/IMG_3700-1152x1536.jpeg 1152w, https:\/\/altgsgrebenstein.de\/wp-content\/uploads\/2022\/03\/IMG_3700-1536x2048.jpeg 1536w, https:\/\/altgsgrebenstein.de\/wp-content\/uploads\/2022\/03\/IMG_3700-scaled.jpeg 1920w\" sizes=\"(max-width: 225px) 100vw, 225px\" \/> <img decoding=\"async\" class=\"alignnone size-medium wp-image-14287\" src=\"http:\/\/altgsgrebenstein.de\/wp-content\/uploads\/2022\/03\/PHOTO-2022-03-06-08-29-23-3-169x300.jpg\" alt=\"\" width=\"169\" height=\"300\" srcset=\"https:\/\/altgsgrebenstein.de\/wp-content\/uploads\/2022\/03\/PHOTO-2022-03-06-08-29-23-3-169x300.jpg 169w, https:\/\/altgsgrebenstein.de\/wp-content\/uploads\/2022\/03\/PHOTO-2022-03-06-08-29-23-3-576x1024.jpg 576w, https:\/\/altgsgrebenstein.de\/wp-content\/uploads\/2022\/03\/PHOTO-2022-03-06-08-29-23-3-768x1365.jpg 768w, https:\/\/altgsgrebenstein.de\/wp-content\/uploads\/2022\/03\/PHOTO-2022-03-06-08-29-23-3-864x1536.jpg 864w, https:\/\/altgsgrebenstein.de\/wp-content\/uploads\/2022\/03\/PHOTO-2022-03-06-08-29-23-3.jpg 1152w\" sizes=\"(max-width: 169px) 100vw, 169px\" \/><\/p>\n<p>Eine Gruppe bog aus Draht verschiedenste Formen und baute einen Filter einer Wasserpumpe zusammen. Eine andere Gruppe musste zu verschiedenen Ausbildungsberufen, die man bei Sera absolvieren konnte, Begriffe zuordnen, die mit der Ausbildung zutun haben. Zuletzt gab es noch eine Station, an der man den Aufbau einer Halle puzzeln musste.<\/p>\n<p><img decoding=\"async\" class=\"aligncenter wp-image-14286 size-medium\" src=\"http:\/\/altgsgrebenstein.de\/wp-content\/uploads\/2022\/03\/IMG_3704-300x225.jpeg\" alt=\"\" width=\"300\" height=\"225\" srcset=\"https:\/\/altgsgrebenstein.de\/wp-content\/uploads\/2022\/03\/IMG_3704-300x225.jpeg 300w, https:\/\/altgsgrebenstein.de\/wp-content\/uploads\/2022\/03\/IMG_3704-1024x768.jpeg 1024w, https:\/\/altgsgrebenstein.de\/wp-content\/uploads\/2022\/03\/IMG_3704-768x576.jpeg 768w, https:\/\/altgsgrebenstein.de\/wp-content\/uploads\/2022\/03\/IMG_3704-1536x1152.jpeg 1536w, https:\/\/altgsgrebenstein.de\/wp-content\/uploads\/2022\/03\/IMG_3704-2048x1536.jpeg 2048w\" sizes=\"(max-width: 300px) 100vw, 300px\" \/><\/p>\n<p>Nach der Gruppenarbeit erhielten wir eine kleine Pause und bekamen anschlie\u00dfend einen Video-Rundgang durch das Lager des Unternehmens gezeigt, da wir aufgrund der Corona-Pandemie nicht auf so engem Raum mit so vielen Personen sein konnten. Nach dem Video hatten wir Zeit unsere vorher notierten Fragen an das SERA-Team zu stellen.<span class=\"Apple-converted-space\">\u00a0 <\/span>Diese wurden sehr ausf\u00fchrlich und kompetent beantwortet, sodass wir einen sehr guten Einblick in die jeweiligen Aufgaben des Unternehmens erhielten. Als die Fragerunde zu Ende war, zeigten uns die Azubis einen Raum, den sie mit Unterst\u00fctzung der Gesch\u00e4ftsf\u00fchrung umgestalten durften. Die Azubis gestalteten einen Raum, der nun f\u00fcr Konferenzen oder zum Ausruhen genutzt werden kann.<\/p>\n<p>Abschlie\u00dfend arbeiteten wir in zwei Gruppen und erstellten eine Mind-Map, die Begriffe des Unternehmens beinhalteten und somit den Inhalt des Tages wiedergaben.<\/p>\n<p><img decoding=\"async\" class=\"size-medium wp-image-14284 aligncenter\" src=\"http:\/\/altgsgrebenstein.de\/wp-content\/uploads\/2022\/03\/IMG_3714-225x300.jpeg\" alt=\"\" width=\"225\" height=\"300\" srcset=\"https:\/\/altgsgrebenstein.de\/wp-content\/uploads\/2022\/03\/IMG_3714-225x300.jpeg 225w, https:\/\/altgsgrebenstein.de\/wp-content\/uploads\/2022\/03\/IMG_3714-768x1024.jpeg 768w, https:\/\/altgsgrebenstein.de\/wp-content\/uploads\/2022\/03\/IMG_3714-1152x1536.jpeg 1152w, https:\/\/altgsgrebenstein.de\/wp-content\/uploads\/2022\/03\/IMG_3714-1536x2048.jpeg 1536w, https:\/\/altgsgrebenstein.de\/wp-content\/uploads\/2022\/03\/IMG_3714-scaled.jpeg 1920w\" sizes=\"(max-width: 225px) 100vw, 225px\" \/><\/p>\n<p>Zum Schluss gaben wir in einer Blitzlichtrunde an, wie uns der Tag gefallen und was wir mitgenommen haben. Die Antworten waren durchweg positiv, da uns die Auszubildenden sehr sch\u00fclernah und interessant ihre Aufgaben und ihre Berufsbilder aufzeigten. Insgesamt war es ein sehr lohnenswerter Ausflug, der mit Sicherheit der einen oder dem anderen eine m\u00f6gliche berufliche Zukunft aufzeigte!<\/p>\n","protected":false},"excerpt":{"rendered":"<p>Am 03. M\u00e4rz 2022 besuchte unsere Klasse das Unternehmen \u201eSera\u201c. Unser AL-Lehrer Herr Lackner organisierte den Besuch und erm\u00f6glichte uns eine wirklich interessante Erfahrung. Neben Herrn Lackner begleitete uns unser Klassenlehrer Herr G\u00f6ring. Der Tag begann damit, dass wir uns zur 1. Stunde in der Schule trafen und testeten. Da alle negativ waren, liefen wir &hellip; <a href=\"https:\/\/altgsgrebenstein.de\/?p=14283\" class=\"more-link\"><span class=\"screen-reader-text\">Betriebserkundung der R9a bei SERA<\/span> weiterlesen <span class=\"meta-nav\">&rarr;<\/span><\/a><\/p>\n","protected":false},"author":20,"featured_media":0,"comment_status":"closed","ping_status":"closed","sticky":false,"template":"","format":"standard","meta":{"saved_in_kubio":false,"footnotes":""},"categories":[33,34,1],"tags":[],"class_list":["post-14283","post","type-post","status-publish","format-standard","hentry","category-archiv","category-berufsorientierung","category-uncategorized"],"_links":{"self":[{"href":"https:\/\/altgsgrebenstein.de\/index.php?rest_route=\/wp\/v2\/posts\/14283","targetHints":{"allow":["GET"]}}],"collection":[{"href":"https:\/\/altgsgrebenstein.de\/index.php?rest_route=\/wp\/v2\/posts"}],"about":[{"href":"https:\/\/altgsgrebenstein.de\/index.php?rest_route=\/wp\/v2\/types\/post"}],"author":[{"embeddable":true,"href":"https:\/\/altgsgrebenstein.de\/index.php?rest_route=\/wp\/v2\/users\/20"}],"replies":[{"embeddable":true,"href":"https:\/\/altgsgrebenstein.de\/index.php?rest_route=%2Fwp%2Fv2%2Fcomments&post=14283"}],"version-history":[{"count":1,"href":"https:\/\/altgsgrebenstein.de\/index.php?rest_route=\/wp\/v2\/posts\/14283\/revisions"}],"predecessor-version":[{"id":14289,"href":"https:\/\/altgsgrebenstein.de\/index.php?rest_route=\/wp\/v2\/posts\/14283\/revisions\/14289"}],"wp:attachment":[{"href":"https:\/\/altgsgrebenstein.de\/index.php?rest_route=%2Fwp%2Fv2%2Fmedia&parent=14283"}],"wp:term":[{"taxonomy":"category","embeddable":true,"href":"https:\/\/altgsgrebenstein.de\/index.php?rest_route=%2Fwp%2Fv2%2Fcategories&post=14283"},{"taxonomy":"post_tag","embeddable":true,"href":"https:\/\/altgsgrebenstein.de\/index.php?rest_route=%2Fwp%2Fv2%2Ftags&post=14283"}],"curies":[{"name":"wp","href":"https:\/\/api.w.org\/{rel}","templated":true}]}}