{"id":14204,"date":"2022-02-21T13:25:34","date_gmt":"2022-02-21T12:25:34","guid":{"rendered":"http:\/\/altgsgrebenstein.de\/?p=14204"},"modified":"2022-09-09T11:15:30","modified_gmt":"2022-09-09T10:15:30","slug":"die-referendarinnen-an-der-hgs","status":"publish","type":"post","link":"https:\/\/altgsgrebenstein.de\/?p=14204","title":{"rendered":"Neue Referendarinnen an der HGS"},"content":{"rendered":"<p>Seit Mai bzw. November sind die vier jungen Frauen an unserer Schule.\u00a0 F\u00fcr zwei von ihnen ist es eigentlich ein\u201c Zur\u00fcckkommen\u201c an einen alten Wirkungsort, denn <strong>Alica Uffelmann<\/strong> und <strong>Laura Engelbrecht<\/strong> waren bereits selber Sch\u00fclerinnen an der HGS. Umso interessanter ist es f\u00fcr die beiden, ab jetzt auf der anderen Seite zu stehen.<\/p>\n<p><img decoding=\"async\" class=\"aligncenter size-large wp-image-14205\" src=\"http:\/\/altgsgrebenstein.de\/wp-content\/uploads\/2022\/02\/DSC_7110-1024x678.jpg\" alt=\"\" width=\"604\" height=\"400\" srcset=\"https:\/\/altgsgrebenstein.de\/wp-content\/uploads\/2022\/02\/DSC_7110-1024x678.jpg 1024w, https:\/\/altgsgrebenstein.de\/wp-content\/uploads\/2022\/02\/DSC_7110-300x199.jpg 300w, https:\/\/altgsgrebenstein.de\/wp-content\/uploads\/2022\/02\/DSC_7110-768x509.jpg 768w, https:\/\/altgsgrebenstein.de\/wp-content\/uploads\/2022\/02\/DSC_7110-1536x1017.jpg 1536w, https:\/\/altgsgrebenstein.de\/wp-content\/uploads\/2022\/02\/DSC_7110-2048x1356.jpg 2048w\" sizes=\"(max-width: 604px) 100vw, 604px\" \/><\/p>\n<p>F\u00fcr <strong>Laura Engelbrecht<\/strong> war es bereits fr\u00fch klar, dass sie Lehrerin werden wollte. So entschied sie sich zuerst an der Uni Kassel f\u00fcr das Lehramt an Grundschulen. Nach nur einem Jahr wechselte sie zum Studiengang des Gymnasiallehramts und studierte die F\u00e4cher Kunst und Deutsch. \u201eDa ich die Heimat tempor\u00e4r verlassen wollte\u201c, so erz\u00e4hlt sie, wechselte sie an die Uni Gie\u00dfen. Hier wurde das Studium fortgesetzt und erfolgreich beendet. Allerdings reichte der Nordhessin das alles nicht, denn als Zweitstudium schloss die junge Frau auch noch das Fach Mathematik f\u00fcr das Haupt- und Realschullehramt ab. Neben dem Studium arbeitete Laura Engelbrecht als Tutorin f\u00fcr Mathematik und sammelte erste unterrichtliche Erfahrungen als Nachhilfe- und Vertretungslehrerin. Laura Engelbrecht freut sich nun auf die n\u00e4chste berufliche Etappe. Sie genie\u00dft das Zur\u00fcckkommen in ihre Heimat und neben dem Referendariat steht das Zusammensein mit ihrer Familie im Mittelpunkt.<\/p>\n<p><img decoding=\"async\" class=\"aligncenter size-large wp-image-14206\" src=\"http:\/\/altgsgrebenstein.de\/wp-content\/uploads\/2022\/02\/DSC_7065-1024x678.jpg\" alt=\"\" width=\"604\" height=\"400\" srcset=\"https:\/\/altgsgrebenstein.de\/wp-content\/uploads\/2022\/02\/DSC_7065-1024x678.jpg 1024w, https:\/\/altgsgrebenstein.de\/wp-content\/uploads\/2022\/02\/DSC_7065-300x199.jpg 300w, https:\/\/altgsgrebenstein.de\/wp-content\/uploads\/2022\/02\/DSC_7065-768x509.jpg 768w, https:\/\/altgsgrebenstein.de\/wp-content\/uploads\/2022\/02\/DSC_7065-1536x1017.jpg 1536w, https:\/\/altgsgrebenstein.de\/wp-content\/uploads\/2022\/02\/DSC_7065-2048x1356.jpg 2048w\" sizes=\"(max-width: 604px) 100vw, 604px\" \/><\/p>\n<p>Auch die zweite \u201eEhemalige\u201c HGS-Sch\u00fclerin <strong>Alica Uffelmann<\/strong> hat bereits schulische Vorerfahrungen sammeln k\u00f6nnen. Eins\u00e4tze bei Ferien-Akademien und als U-Plus -Kraft zeigten ihr, dass sie gern mit Jugendlichen und Kindern arbeitet. Sie empfindet die HGS als Schule mit Herz und hebt den starken Zusammenhalt im Kollegium hervor. Ihr Ziel ist es, einen erfolgreichen Abschluss zu machen, um dann als Lehrerin, denn das will sie ganz klar werden, arbeiten zu k\u00f6nnen.<\/p>\n<p><img decoding=\"async\" class=\"aligncenter size-large wp-image-14207\" src=\"http:\/\/altgsgrebenstein.de\/wp-content\/uploads\/2022\/02\/DSC_7087-1024x678.jpg\" alt=\"\" width=\"604\" height=\"400\" srcset=\"https:\/\/altgsgrebenstein.de\/wp-content\/uploads\/2022\/02\/DSC_7087-1024x678.jpg 1024w, https:\/\/altgsgrebenstein.de\/wp-content\/uploads\/2022\/02\/DSC_7087-300x199.jpg 300w, https:\/\/altgsgrebenstein.de\/wp-content\/uploads\/2022\/02\/DSC_7087-768x509.jpg 768w, https:\/\/altgsgrebenstein.de\/wp-content\/uploads\/2022\/02\/DSC_7087-1536x1017.jpg 1536w, https:\/\/altgsgrebenstein.de\/wp-content\/uploads\/2022\/02\/DSC_7087-2048x1356.jpg 2048w\" sizes=\"(max-width: 604px) 100vw, 604px\" \/><\/p>\n<p>Bei <strong>Yasemin \u00d6nal<\/strong> verr\u00e4t schon ihr Name, dass die junge Frau einen ganz besonderen Lebensweg mitbringt. Mit sechs Jahren kam die Kurdin aus der T\u00fcrkei nach Deutschland, wurde direkt in eine Kasseler Grundschule eingeschult und machte sp\u00e4ter auch in Kassel ihr Abitur. Yasemin \u00d6nal erz\u00e4hlt, dass sie schon fr\u00fch in ihrer gro\u00dfen Familie Verantwortung \u00fcbernehmen musste, was f\u00fcr den Beruf einer Lehrerin eine gute Voraussetzung ist. Sie spricht neben Deutsch nat\u00fcrlich T\u00fcrkisch und Kurdisch und wird an der HGS, die sie vorher nicht kannte, in Mathematik und Politik und Wirtschaft ihr Referendariat absolvieren. Sie habe sich an der HGS von Anfang an wohl gef\u00fchlt und freue sich auf die Zusammenarbeit mit Sch\u00fcler*innen und Kolleg*innen, f\u00fcgt sie am Schluss an.<\/p>\n<p><img decoding=\"async\" class=\"aligncenter size-large wp-image-14208\" src=\"http:\/\/altgsgrebenstein.de\/wp-content\/uploads\/2022\/02\/DSC_7094-1024x678.jpg\" alt=\"\" width=\"604\" height=\"400\" srcset=\"https:\/\/altgsgrebenstein.de\/wp-content\/uploads\/2022\/02\/DSC_7094-1024x678.jpg 1024w, https:\/\/altgsgrebenstein.de\/wp-content\/uploads\/2022\/02\/DSC_7094-300x199.jpg 300w, https:\/\/altgsgrebenstein.de\/wp-content\/uploads\/2022\/02\/DSC_7094-768x509.jpg 768w, https:\/\/altgsgrebenstein.de\/wp-content\/uploads\/2022\/02\/DSC_7094-1536x1017.jpg 1536w, https:\/\/altgsgrebenstein.de\/wp-content\/uploads\/2022\/02\/DSC_7094-2048x1356.jpg 2048w\" sizes=\"(max-width: 604px) 100vw, 604px\" \/><\/p>\n<p><strong>Ricarda Br\u00fccher<\/strong> hat wie Yasemin \u00d6nal in Kassel die F\u00e4cher Mathematik und Politik und Wirtschaft in Kassel studiert. Sie liebt Sport, vor allem Volleyball und Wandern in den Alpen. Eine weitere Leidenschaft ist das Doppelkopf-Spiel. Ricarda Br\u00fccher freut sich, dass es nach dem Studium endlich \u201elosgeht\u201c und sie eigenverantwortlich unterrichten darf. Auch sie sieht der Zeit an der HGS mit guten Gef\u00fchlen entgegen, da, so erz\u00e4hlt sie, das Kollegium f\u00fcr alle schulischen Belange offen sei und sie die Sch\u00fcler*innen als sympathische Kinder und Jugendliche empfinde. Eine gute Voraussetzung f\u00fcr ein erfolgreiches Referendariat.<\/p>\n<p>RHB<\/p>\n<p>&nbsp;<\/p>\n<p>&nbsp;<\/p>\n<p>&nbsp;<\/p>\n","protected":false},"excerpt":{"rendered":"<p>Seit Mai bzw. November sind die vier jungen Frauen an unserer Schule.\u00a0 F\u00fcr zwei von ihnen ist es eigentlich ein\u201c Zur\u00fcckkommen\u201c an einen alten Wirkungsort, denn Alica Uffelmann und Laura Engelbrecht waren bereits selber Sch\u00fclerinnen an der HGS. Umso interessanter ist es f\u00fcr die beiden, ab jetzt auf der anderen Seite zu stehen. F\u00fcr Laura &hellip; <a href=\"https:\/\/altgsgrebenstein.de\/?p=14204\" class=\"more-link\"><span class=\"screen-reader-text\">Neue Referendarinnen an der HGS<\/span> weiterlesen <span class=\"meta-nav\">&rarr;<\/span><\/a><\/p>\n","protected":false},"author":28,"featured_media":0,"comment_status":"closed","ping_status":"closed","sticky":false,"template":"","format":"standard","meta":{"saved_in_kubio":false,"footnotes":""},"categories":[33,108],"tags":[],"class_list":["post-14204","post","type-post","status-publish","format-standard","hentry","category-archiv","category-hgs-team"],"_links":{"self":[{"href":"https:\/\/altgsgrebenstein.de\/index.php?rest_route=\/wp\/v2\/posts\/14204","targetHints":{"allow":["GET"]}}],"collection":[{"href":"https:\/\/altgsgrebenstein.de\/index.php?rest_route=\/wp\/v2\/posts"}],"about":[{"href":"https:\/\/altgsgrebenstein.de\/index.php?rest_route=\/wp\/v2\/types\/post"}],"author":[{"embeddable":true,"href":"https:\/\/altgsgrebenstein.de\/index.php?rest_route=\/wp\/v2\/users\/28"}],"replies":[{"embeddable":true,"href":"https:\/\/altgsgrebenstein.de\/index.php?rest_route=%2Fwp%2Fv2%2Fcomments&post=14204"}],"version-history":[{"count":3,"href":"https:\/\/altgsgrebenstein.de\/index.php?rest_route=\/wp\/v2\/posts\/14204\/revisions"}],"predecessor-version":[{"id":14212,"href":"https:\/\/altgsgrebenstein.de\/index.php?rest_route=\/wp\/v2\/posts\/14204\/revisions\/14212"}],"wp:attachment":[{"href":"https:\/\/altgsgrebenstein.de\/index.php?rest_route=%2Fwp%2Fv2%2Fmedia&parent=14204"}],"wp:term":[{"taxonomy":"category","embeddable":true,"href":"https:\/\/altgsgrebenstein.de\/index.php?rest_route=%2Fwp%2Fv2%2Fcategories&post=14204"},{"taxonomy":"post_tag","embeddable":true,"href":"https:\/\/altgsgrebenstein.de\/index.php?rest_route=%2Fwp%2Fv2%2Ftags&post=14204"}],"curies":[{"name":"wp","href":"https:\/\/api.w.org\/{rel}","templated":true}]}}