{"id":14155,"date":"2024-02-06T07:15:10","date_gmt":"2024-02-06T06:15:10","guid":{"rendered":"http:\/\/altgsgrebenstein.de\/?p=14155"},"modified":"2024-09-08T11:05:26","modified_gmt":"2024-09-08T10:05:26","slug":"schulsieger-des-mathematikwettbewerbes-geehrt","status":"publish","type":"post","link":"https:\/\/altgsgrebenstein.de\/?p=14155","title":{"rendered":"Schulsieger des Mathematikwettbewerbes geehrt"},"content":{"rendered":"<p>Die Schulsieger des diesj\u00e4hrigen Mathewettbewerbs des Landes Hessens in der Jahrgangsstufe 8 stehen fest:<br \/>\nMattis\u00a0 Wollert (G8b), Oscar Lefebvre (H8), Josip Paradic (H8) und Emily Schwarz (R8b) stellten ihre F\u00e4higkeiten unter Beweis und\u00a0 erreichten die ersten Pl\u00e4tze.<br \/>\nSie d\u00fcrfen nun die Heinrich-Grupe-Schule in der n\u00e4chsten Runde am 6. M\u00e4rz in Immenhausen vertreten.<\/p>\n<p>Als Preis f\u00fcr ihre hervorragenden Leistungen erhielten sie neben einer Urkunde einen Kinogutschein, der vom F\u00f6rderverein der HGS bereitgestellt wurde. Vielen Dank!<\/p>\n<p><img decoding=\"async\" class=\"alignnone size-medium wp-image-16414\" src=\"http:\/\/altgsgrebenstein.de\/wp-content\/uploads\/2023\/02\/IMG_E5328-300x290.jpg\" alt=\"\" width=\"300\" height=\"290\" srcset=\"https:\/\/altgsgrebenstein.de\/wp-content\/uploads\/2023\/02\/IMG_E5328-300x290.jpg 300w, https:\/\/altgsgrebenstein.de\/wp-content\/uploads\/2023\/02\/IMG_E5328-1024x988.jpg 1024w, https:\/\/altgsgrebenstein.de\/wp-content\/uploads\/2023\/02\/IMG_E5328-768x741.jpg 768w, https:\/\/altgsgrebenstein.de\/wp-content\/uploads\/2023\/02\/IMG_E5328-1536x1482.jpg 1536w, https:\/\/altgsgrebenstein.de\/wp-content\/uploads\/2023\/02\/IMG_E5328-2048x1976.jpg 2048w\" sizes=\"(max-width: 300px) 100vw, 300px\" \/><\/p>\n","protected":false},"excerpt":{"rendered":"<p>Die Schulsieger des diesj\u00e4hrigen Mathewettbewerbs des Landes Hessens in der Jahrgangsstufe 8 stehen fest: Mattis\u00a0 Wollert (G8b), Oscar Lefebvre (H8), Josip Paradic (H8) und Emily Schwarz (R8b) stellten ihre F\u00e4higkeiten unter Beweis und\u00a0 erreichten die ersten Pl\u00e4tze. Sie d\u00fcrfen nun die Heinrich-Grupe-Schule in der n\u00e4chsten Runde am 6. M\u00e4rz in Immenhausen vertreten. Als Preis f\u00fcr &hellip; <a href=\"https:\/\/altgsgrebenstein.de\/?p=14155\" class=\"more-link\"><span class=\"screen-reader-text\">Schulsieger des Mathematikwettbewerbes geehrt<\/span> weiterlesen <span class=\"meta-nav\">&rarr;<\/span><\/a><\/p>\n","protected":false},"author":9,"featured_media":0,"comment_status":"closed","ping_status":"closed","sticky":false,"template":"","format":"standard","meta":{"saved_in_kubio":false,"footnotes":""},"categories":[33,62],"tags":[],"class_list":["post-14155","post","type-post","status-publish","format-standard","hentry","category-archiv","category-mathematik"],"_links":{"self":[{"href":"https:\/\/altgsgrebenstein.de\/index.php?rest_route=\/wp\/v2\/posts\/14155","targetHints":{"allow":["GET"]}}],"collection":[{"href":"https:\/\/altgsgrebenstein.de\/index.php?rest_route=\/wp\/v2\/posts"}],"about":[{"href":"https:\/\/altgsgrebenstein.de\/index.php?rest_route=\/wp\/v2\/types\/post"}],"author":[{"embeddable":true,"href":"https:\/\/altgsgrebenstein.de\/index.php?rest_route=\/wp\/v2\/users\/9"}],"replies":[{"embeddable":true,"href":"https:\/\/altgsgrebenstein.de\/index.php?rest_route=%2Fwp%2Fv2%2Fcomments&post=14155"}],"version-history":[{"count":5,"href":"https:\/\/altgsgrebenstein.de\/index.php?rest_route=\/wp\/v2\/posts\/14155\/revisions"}],"predecessor-version":[{"id":16416,"href":"https:\/\/altgsgrebenstein.de\/index.php?rest_route=\/wp\/v2\/posts\/14155\/revisions\/16416"}],"wp:attachment":[{"href":"https:\/\/altgsgrebenstein.de\/index.php?rest_route=%2Fwp%2Fv2%2Fmedia&parent=14155"}],"wp:term":[{"taxonomy":"category","embeddable":true,"href":"https:\/\/altgsgrebenstein.de\/index.php?rest_route=%2Fwp%2Fv2%2Fcategories&post=14155"},{"taxonomy":"post_tag","embeddable":true,"href":"https:\/\/altgsgrebenstein.de\/index.php?rest_route=%2Fwp%2Fv2%2Ftags&post=14155"}],"curies":[{"name":"wp","href":"https:\/\/api.w.org\/{rel}","templated":true}]}}