{"id":13988,"date":"2021-11-30T12:37:40","date_gmt":"2021-11-30T11:37:40","guid":{"rendered":"http:\/\/altgsgrebenstein.de\/?p=13988"},"modified":"2022-09-09T11:13:28","modified_gmt":"2022-09-09T10:13:28","slug":"advent-in-der-hgs","status":"publish","type":"post","link":"https:\/\/altgsgrebenstein.de\/?p=13988","title":{"rendered":"Advent in der HGS"},"content":{"rendered":"<p><img decoding=\"async\" class=\"aligncenter wp-image-13989 size-full\" src=\"http:\/\/altgsgrebenstein.de\/wp-content\/uploads\/2021\/11\/advent.gif\" alt=\"\" width=\"450\" height=\"409\" \/><\/p>\n<p>Seit Freitag steht sie breit und m\u00e4chtig in der Mensa unserer Schule, die fast 5m hohe Nordmann- Tanne. Sie l\u00e4utet mit ihrer Anwesenheit den Advent in der HGS ein.<\/p>\n<p><a href=\"http:\/\/altgsgrebenstein.de\/wp-content\/uploads\/2021\/11\/IMG_20211125_154509-scaled.jpg\"><img decoding=\"async\" class=\"wp-image-13990 size-thumbnail alignleft\" src=\"http:\/\/altgsgrebenstein.de\/wp-content\/uploads\/2021\/11\/IMG_20211125_154509-150x150.jpg\" alt=\"\" width=\"150\" height=\"150\" \/><\/a>Geschlagen auf einem privaten Areal am 389 Meter hohen Deiselberg, im Anh\u00e4nger nach Grebenstein transportiert und im Team mit Jens Lautze und Hausmeister Wetzel hat Jochen Feuring sich f\u00fcr diese Adventsaktion verantwortlich gezeigt.<\/p>\n<p>&nbsp;<\/p>\n<p><a href=\"http:\/\/altgsgrebenstein.de\/wp-content\/uploads\/2021\/11\/DSC_7210-scaled.jpg\"><img decoding=\"async\" class=\"wp-image-13992 size-medium alignleft\" src=\"http:\/\/altgsgrebenstein.de\/wp-content\/uploads\/2021\/11\/DSC_7210-199x300.jpg\" alt=\"\" width=\"199\" height=\"300\" srcset=\"https:\/\/altgsgrebenstein.de\/wp-content\/uploads\/2021\/11\/DSC_7210-199x300.jpg 199w, https:\/\/altgsgrebenstein.de\/wp-content\/uploads\/2021\/11\/DSC_7210-678x1024.jpg 678w, https:\/\/altgsgrebenstein.de\/wp-content\/uploads\/2021\/11\/DSC_7210-768x1160.jpg 768w, https:\/\/altgsgrebenstein.de\/wp-content\/uploads\/2021\/11\/DSC_7210-1017x1536.jpg 1017w, https:\/\/altgsgrebenstein.de\/wp-content\/uploads\/2021\/11\/DSC_7210-1356x2048.jpg 1356w, https:\/\/altgsgrebenstein.de\/wp-content\/uploads\/2021\/11\/DSC_7210-scaled.jpg 1696w\" sizes=\"(max-width: 199px) 100vw, 199px\" \/><\/a>Da die Tannen in der Mensa der HGS von Jahr zu Jahr immer gr\u00f6\u00dfer geworden sind, schwei\u00dfte Hausmeister Wetzel eigens f\u00fcr den Stammdurchmesser einen \u00e4u\u00dferst stabilen Weihnachtsbaumst\u00e4nder. Jetzt steht sie fest und \u2026<em>streckt die Zweige hin \u2013 bereit<\/em>\u2026f\u00fcr die Adventszeit an unserer Schule.<\/p>\n<p>Was allerdings w\u00e4re ein Tannenbaum ohne Schmuck? Den stellte die Klasse R9a mit Ihrer Kunstlehrerin Frau Schmidt her. Die roten Kugeln wurden anschlie\u00dfend in einer spontanen Gemeinschaftsaktion von Nadja Portig (G10a) und Irina Uliyanova (G9a) hinzugef\u00fcgt.<\/p>\n<p><strong>Herzlichen Dank allen Beteiligten und der gesamten Schulgemeinde einen besinnlichen Advent!<\/strong><\/p>\n","protected":false},"excerpt":{"rendered":"<p>Seit Freitag steht sie breit und m\u00e4chtig in der Mensa unserer Schule, die fast 5m hohe Nordmann- Tanne. Sie l\u00e4utet mit ihrer Anwesenheit den Advent in der HGS ein. Geschlagen auf einem privaten Areal am 389 Meter hohen Deiselberg, im Anh\u00e4nger nach Grebenstein transportiert und im Team mit Jens Lautze und Hausmeister Wetzel hat Jochen &hellip; <a href=\"https:\/\/altgsgrebenstein.de\/?p=13988\" class=\"more-link\"><span class=\"screen-reader-text\">Advent in der HGS<\/span> weiterlesen <span class=\"meta-nav\">&rarr;<\/span><\/a><\/p>\n","protected":false},"author":26,"featured_media":0,"comment_status":"closed","ping_status":"closed","sticky":false,"template":"","format":"standard","meta":{"saved_in_kubio":false,"footnotes":""},"categories":[116,33],"tags":[],"class_list":["post-13988","post","type-post","status-publish","format-standard","hentry","category-aktuell","category-archiv"],"_links":{"self":[{"href":"https:\/\/altgsgrebenstein.de\/index.php?rest_route=\/wp\/v2\/posts\/13988","targetHints":{"allow":["GET"]}}],"collection":[{"href":"https:\/\/altgsgrebenstein.de\/index.php?rest_route=\/wp\/v2\/posts"}],"about":[{"href":"https:\/\/altgsgrebenstein.de\/index.php?rest_route=\/wp\/v2\/types\/post"}],"author":[{"embeddable":true,"href":"https:\/\/altgsgrebenstein.de\/index.php?rest_route=\/wp\/v2\/users\/26"}],"replies":[{"embeddable":true,"href":"https:\/\/altgsgrebenstein.de\/index.php?rest_route=%2Fwp%2Fv2%2Fcomments&post=13988"}],"version-history":[{"count":12,"href":"https:\/\/altgsgrebenstein.de\/index.php?rest_route=\/wp\/v2\/posts\/13988\/revisions"}],"predecessor-version":[{"id":14056,"href":"https:\/\/altgsgrebenstein.de\/index.php?rest_route=\/wp\/v2\/posts\/13988\/revisions\/14056"}],"wp:attachment":[{"href":"https:\/\/altgsgrebenstein.de\/index.php?rest_route=%2Fwp%2Fv2%2Fmedia&parent=13988"}],"wp:term":[{"taxonomy":"category","embeddable":true,"href":"https:\/\/altgsgrebenstein.de\/index.php?rest_route=%2Fwp%2Fv2%2Fcategories&post=13988"},{"taxonomy":"post_tag","embeddable":true,"href":"https:\/\/altgsgrebenstein.de\/index.php?rest_route=%2Fwp%2Fv2%2Ftags&post=13988"}],"curies":[{"name":"wp","href":"https:\/\/api.w.org\/{rel}","templated":true}]}}