{"id":13879,"date":"2021-10-31T14:20:59","date_gmt":"2021-10-31T13:20:59","guid":{"rendered":"http:\/\/altgsgrebenstein.de\/?p=13879"},"modified":"2022-09-09T11:12:57","modified_gmt":"2022-09-09T10:12:57","slug":"auszeichnung-fuer-malte-moennich-der-preis-fuer-den-besten-praktikumsbericht-hessens-geht-erneut-nach-grebenstein","status":"publish","type":"post","link":"https:\/\/altgsgrebenstein.de\/?p=13879","title":{"rendered":"Auszeichnung f\u00fcr Malte M\u00f6nnich &#8211; der Preis f\u00fcr den besten Praktikumsbericht Hessens geht erneut nach Grebenstein"},"content":{"rendered":"<p><strong>Grebenstein.\u00a0<\/strong>Als Malte M\u00f6nnich Ende des vergangenen Schuljahres im Rahmen des Arbeitslehre-Unterrichts seinen Praktikumsbericht einreichte, war f\u00fcr seinen AL-Lehrer Jens Lautze schnell klar, dass es sich hier um einen klaren Kandidaten f\u00fcr den j\u00e4hrlich stattfindenden Wettbewerb von SCHULEWIRTSCHAFT Hessen handelt.<\/p>\n<p>Die au\u00dfergew\u00f6hnliche Gestaltung und die zahlreichen, detaillierten und weit \u00fcber den Anforderungen liegenden Inhalte des Berichtes stachen sofort heraus. Als der Sch\u00fcler der R9b von der Teilnahmem\u00f6glichkeit erfuhr, war zun\u00e4chst sehr erstaunt und etwas verunsichert, wurde aber von seiner Lehrkraft ermutigt und so ging der Praktikumsbericht in das Rennen.<\/p>\n<p>Kurz vor den Herbstferien erfuhr Familie M\u00f6nnich, das Malte den Wettbewerb in der Kategorie Realschule tats\u00e4chlich gewonnen hat und die Freude war auf allen Seiten gro\u00df. Bei einer online stattfindenden Veranstaltung wurde die Urkunde im Beisein der Schulleiterin Martina Boye-Griesel, seines Klassenlehrers Sascha Thiele sowie Maltes Mutter und der Gro\u00dfeltern \u00fcberreicht und die Arbeit des Realsch\u00fclers geb\u00fchrend wertgesch\u00e4tzt. Herr Thiele betreute und besuchte Malte w\u00e4hrend des Betriebspraktikums, welches er im Tierpark Sababurg absolvierte.<\/p>\n<p><img decoding=\"async\" class=\"aligncenter wp-image-13880 size-large\" src=\"http:\/\/altgsgrebenstein.de\/wp-content\/uploads\/2021\/10\/DSC_7084-1024x678.jpg\" alt=\"\" width=\"604\" height=\"400\" srcset=\"https:\/\/altgsgrebenstein.de\/wp-content\/uploads\/2021\/10\/DSC_7084-1024x678.jpg 1024w, https:\/\/altgsgrebenstein.de\/wp-content\/uploads\/2021\/10\/DSC_7084-300x199.jpg 300w, https:\/\/altgsgrebenstein.de\/wp-content\/uploads\/2021\/10\/DSC_7084-768x509.jpg 768w, https:\/\/altgsgrebenstein.de\/wp-content\/uploads\/2021\/10\/DSC_7084-1536x1017.jpg 1536w, https:\/\/altgsgrebenstein.de\/wp-content\/uploads\/2021\/10\/DSC_7084-2048x1356.jpg 2048w\" sizes=\"(max-width: 604px) 100vw, 604px\" \/><\/p>\n<p>Laut des Sprechers f\u00fcr SCHULEWIRTSCHAFT Mittelhessen hat eine Pr\u00e4mierung im Rahmen des Wettbewerbs einiges an Gewicht im Lebenslauf, denn sie zeuge von Durchhalteverm\u00f6gen und Leistungsbereitschaft. Solch eine Anerkennung w\u00fcssten Arbeitgeber durchaus zu sch\u00e4tzen.<\/p>\n<p><img decoding=\"async\" class=\"aligncenter wp-image-13881 size-full\" src=\"http:\/\/altgsgrebenstein.de\/wp-content\/uploads\/2021\/10\/Moennich.jpg\" alt=\"\" width=\"1024\" height=\"768\" srcset=\"https:\/\/altgsgrebenstein.de\/wp-content\/uploads\/2021\/10\/Moennich.jpg 1024w, https:\/\/altgsgrebenstein.de\/wp-content\/uploads\/2021\/10\/Moennich-300x225.jpg 300w, https:\/\/altgsgrebenstein.de\/wp-content\/uploads\/2021\/10\/Moennich-768x576.jpg 768w\" sizes=\"(max-width: 1024px) 100vw, 1024px\" \/><\/p>\n<p>Nach 2017 (Tobias St\u00f6ter, Realschulzweig) und 2020 (Janina W\u00f6tzel, Hauptschulzweig) ging nun innerhalb von 5 Jahren bereits die dritte Auszeichnung f\u00fcr den besten Praktikumsbericht Hessens nach Grebenstein.<\/p>\n<p>Die Heinrich-Grupe-Schule gratuliert Malte herzlich zu seiner Auszeichnung!<\/p>\n<p>&nbsp;<\/p>\n<p>Jens Lautze<\/p>\n","protected":false},"excerpt":{"rendered":"<p>Grebenstein.\u00a0Als Malte M\u00f6nnich Ende des vergangenen Schuljahres im Rahmen des Arbeitslehre-Unterrichts seinen Praktikumsbericht einreichte, war f\u00fcr seinen AL-Lehrer Jens Lautze schnell klar, dass es sich hier um einen klaren Kandidaten f\u00fcr den j\u00e4hrlich stattfindenden Wettbewerb von SCHULEWIRTSCHAFT Hessen handelt. Die au\u00dfergew\u00f6hnliche Gestaltung und die zahlreichen, detaillierten und weit \u00fcber den Anforderungen liegenden Inhalte des Berichtes &hellip; <a href=\"https:\/\/altgsgrebenstein.de\/?p=13879\" class=\"more-link\"><span class=\"screen-reader-text\">Auszeichnung f\u00fcr Malte M\u00f6nnich &#8211; der Preis f\u00fcr den besten Praktikumsbericht Hessens geht erneut nach Grebenstein<\/span> weiterlesen <span class=\"meta-nav\">&rarr;<\/span><\/a><\/p>\n","protected":false},"author":28,"featured_media":0,"comment_status":"closed","ping_status":"closed","sticky":false,"template":"","format":"standard","meta":{"saved_in_kubio":false,"footnotes":""},"categories":[33,34],"tags":[],"class_list":["post-13879","post","type-post","status-publish","format-standard","hentry","category-archiv","category-berufsorientierung"],"_links":{"self":[{"href":"https:\/\/altgsgrebenstein.de\/index.php?rest_route=\/wp\/v2\/posts\/13879","targetHints":{"allow":["GET"]}}],"collection":[{"href":"https:\/\/altgsgrebenstein.de\/index.php?rest_route=\/wp\/v2\/posts"}],"about":[{"href":"https:\/\/altgsgrebenstein.de\/index.php?rest_route=\/wp\/v2\/types\/post"}],"author":[{"embeddable":true,"href":"https:\/\/altgsgrebenstein.de\/index.php?rest_route=\/wp\/v2\/users\/28"}],"replies":[{"embeddable":true,"href":"https:\/\/altgsgrebenstein.de\/index.php?rest_route=%2Fwp%2Fv2%2Fcomments&post=13879"}],"version-history":[{"count":5,"href":"https:\/\/altgsgrebenstein.de\/index.php?rest_route=\/wp\/v2\/posts\/13879\/revisions"}],"predecessor-version":[{"id":13892,"href":"https:\/\/altgsgrebenstein.de\/index.php?rest_route=\/wp\/v2\/posts\/13879\/revisions\/13892"}],"wp:attachment":[{"href":"https:\/\/altgsgrebenstein.de\/index.php?rest_route=%2Fwp%2Fv2%2Fmedia&parent=13879"}],"wp:term":[{"taxonomy":"category","embeddable":true,"href":"https:\/\/altgsgrebenstein.de\/index.php?rest_route=%2Fwp%2Fv2%2Fcategories&post=13879"},{"taxonomy":"post_tag","embeddable":true,"href":"https:\/\/altgsgrebenstein.de\/index.php?rest_route=%2Fwp%2Fv2%2Ftags&post=13879"}],"curies":[{"name":"wp","href":"https:\/\/api.w.org\/{rel}","templated":true}]}}