{"id":13872,"date":"2021-10-30T09:52:13","date_gmt":"2021-10-30T08:52:13","guid":{"rendered":"http:\/\/altgsgrebenstein.de\/?p=13872"},"modified":"2022-09-09T11:12:52","modified_gmt":"2022-09-09T10:12:52","slug":"cafe-beruf-digital-zweite-auflage","status":"publish","type":"post","link":"https:\/\/altgsgrebenstein.de\/?p=13872","title":{"rendered":"Caf\u00e9 Beruf digital &#8211; Zweite Auflage"},"content":{"rendered":"<p><strong>Grebenstein. <\/strong>Nachdem das traditionelle Caf\u00e9 Beruf pandemiebedingt zweimal ausfiel und danach das erste digitale Caf\u00e9 Beruf am 07.05.2021 stattfand, hat die HGS auch diesmal entschieden, die mittlerweile 18 Jahre bestehende Veranstaltung zur Berufsorientierung am 29.10.2021 per Videokonferenz abzuhalten.<\/p>\n<p>Dieses Mal hatten sich drei Firmen bereit erkl\u00e4rt, den Sch\u00fclerinnen und Sch\u00fclern aus den Klassen H8, R9a und R9b und ihren Klassenleitungen Informationen zu Ausbildungsberufen, n\u00f6tigen Voraussetzungen und Eindr\u00fccke aus ihrem Arbeitsalltag n\u00e4her zu bringen. Teilgenommen haben diesmal die Firma Koch Elektronik aus Ahnatal, die VITOS Schule f\u00fcr Gesundheitsberufe aus Bad Emstal und das Optikerfachgesch\u00e4ft Kloss aus Grebenstein. Zus\u00e4tzlich informierte unser Berufsberater Herr Langenegger von der Agentur f\u00fcr Arbeit die Sch\u00fclerinnen und Sch\u00fcler \u00fcber Wege und M\u00f6glichkeiten nach der Schule.<\/p>\n<p><a href=\"http:\/\/altgsgrebenstein.de\/wp-content\/uploads\/2021\/10\/Cafe-Beruf-29.10.21.jpg\"><img decoding=\"async\" class=\"wp-image-13870 aligncenter\" src=\"http:\/\/altgsgrebenstein.de\/wp-content\/uploads\/2021\/10\/Cafe-Beruf-29.10.21-300x91.jpg\" alt=\"\" width=\"567\" height=\"172\" srcset=\"https:\/\/altgsgrebenstein.de\/wp-content\/uploads\/2021\/10\/Cafe-Beruf-29.10.21-300x91.jpg 300w, https:\/\/altgsgrebenstein.de\/wp-content\/uploads\/2021\/10\/Cafe-Beruf-29.10.21-1024x309.jpg 1024w, https:\/\/altgsgrebenstein.de\/wp-content\/uploads\/2021\/10\/Cafe-Beruf-29.10.21-768x232.jpg 768w, https:\/\/altgsgrebenstein.de\/wp-content\/uploads\/2021\/10\/Cafe-Beruf-29.10.21-1536x464.jpg 1536w, https:\/\/altgsgrebenstein.de\/wp-content\/uploads\/2021\/10\/Cafe-Beruf-29.10.21.jpg 1584w\" sizes=\"(max-width: 567px) 100vw, 567px\" \/><\/a><\/p>\n<p>Wie gewohnt konnte man sich nach der Begr\u00fc\u00dfungs- und Vorstellungsrunde in 2 Workshops \u00e0 30 Minuten einw\u00e4hlen und den Firmenvertreterinnen am Ende Fragen stellen, danach gab es noch eine gemeinsame Abschlussrunde. Das zweite digitale Caf\u00e9 Beruf war erfolgreich und hat den Sch\u00fclerinnen und Sch\u00fclern zahlreiche neue Eindr\u00fccke beschert, die im Unterricht weiter nachbereitet werden und ihnen hoffentlich ein St\u00fcck weit bei ihrer eigenen Berufswahl weiterhelfen k\u00f6nnen. Die Veranstaltung in Pr\u00e4senz kann dieses Format dennoch nicht ersetzen. Ein pers\u00f6nlicher Austausch in den Klassenr\u00e4umen sowie bei Kaffee und Kuchen in und vor der Aula wird hoffentlich im Fr\u00fchjahr wieder m\u00f6glich sein.<\/p>\n<p>Denn&#8230;der Termin f\u00fcr das n\u00e4chste Caf\u00e9 beruf steht schon fest \u2013 am <strong>Freitag, den 06.05.2022<\/strong> begr\u00fc\u00dft die HGS diesmal schwerpunktm\u00e4\u00dfig den Gymnasialzweig \u2013 und hoffentlich auch wieder vor Ort!<\/p>\n<p>Die Heinrich-Grupe-Schule dankt den teilnehmenden Firmen sehr herzlich f\u00fcr ihr Engagement und ihre Teilnahme, die dem Caf\u00e9 Beruf jedes Mal aufs Neue Leben einhauchen, eine Verbindung zwischen Schule und Arbeitswelt herstellen und eine wichtige Bereicherung f\u00fcr die berufliche Orientierung bedeuten.<\/p>\n<p>&nbsp;<\/p>\n<p>Jens Lautze<\/p>\n","protected":false},"excerpt":{"rendered":"<p>Grebenstein. Nachdem das traditionelle Caf\u00e9 Beruf pandemiebedingt zweimal ausfiel und danach das erste digitale Caf\u00e9 Beruf am 07.05.2021 stattfand, hat die HGS auch diesmal entschieden, die mittlerweile 18 Jahre bestehende Veranstaltung zur Berufsorientierung am 29.10.2021 per Videokonferenz abzuhalten. Dieses Mal hatten sich drei Firmen bereit erkl\u00e4rt, den Sch\u00fclerinnen und Sch\u00fclern aus den Klassen H8, R9a &hellip; <a href=\"https:\/\/altgsgrebenstein.de\/?p=13872\" class=\"more-link\"><span class=\"screen-reader-text\">Caf\u00e9 Beruf digital &#8211; Zweite Auflage<\/span> weiterlesen <span class=\"meta-nav\">&rarr;<\/span><\/a><\/p>\n","protected":false},"author":28,"featured_media":0,"comment_status":"closed","ping_status":"closed","sticky":false,"template":"","format":"standard","meta":{"saved_in_kubio":false,"footnotes":""},"categories":[33,34],"tags":[],"class_list":["post-13872","post","type-post","status-publish","format-standard","hentry","category-archiv","category-berufsorientierung"],"_links":{"self":[{"href":"https:\/\/altgsgrebenstein.de\/index.php?rest_route=\/wp\/v2\/posts\/13872","targetHints":{"allow":["GET"]}}],"collection":[{"href":"https:\/\/altgsgrebenstein.de\/index.php?rest_route=\/wp\/v2\/posts"}],"about":[{"href":"https:\/\/altgsgrebenstein.de\/index.php?rest_route=\/wp\/v2\/types\/post"}],"author":[{"embeddable":true,"href":"https:\/\/altgsgrebenstein.de\/index.php?rest_route=\/wp\/v2\/users\/28"}],"replies":[{"embeddable":true,"href":"https:\/\/altgsgrebenstein.de\/index.php?rest_route=%2Fwp%2Fv2%2Fcomments&post=13872"}],"version-history":[{"count":2,"href":"https:\/\/altgsgrebenstein.de\/index.php?rest_route=\/wp\/v2\/posts\/13872\/revisions"}],"predecessor-version":[{"id":13874,"href":"https:\/\/altgsgrebenstein.de\/index.php?rest_route=\/wp\/v2\/posts\/13872\/revisions\/13874"}],"wp:attachment":[{"href":"https:\/\/altgsgrebenstein.de\/index.php?rest_route=%2Fwp%2Fv2%2Fmedia&parent=13872"}],"wp:term":[{"taxonomy":"category","embeddable":true,"href":"https:\/\/altgsgrebenstein.de\/index.php?rest_route=%2Fwp%2Fv2%2Fcategories&post=13872"},{"taxonomy":"post_tag","embeddable":true,"href":"https:\/\/altgsgrebenstein.de\/index.php?rest_route=%2Fwp%2Fv2%2Ftags&post=13872"}],"curies":[{"name":"wp","href":"https:\/\/api.w.org\/{rel}","templated":true}]}}